{"id":11383,"date":"2016-06-04T05:15:25","date_gmt":"2016-06-04T08:15:25","guid":{"rendered":"https:\/\/adhilac.com.ar\/?p=11383"},"modified":"2016-06-04T21:14:53","modified_gmt":"2016-06-05T00:14:53","slug":"ii-conferencia-internacional-de-la-asociacion-colombiana-de-estudios-del-caribe-acolec-barranquilla-colombia-15-al-17-de-juniod-de-2016","status":"publish","type":"post","link":"https:\/\/adhilac.com.ar\/?p=11383","title":{"rendered":"II Conferencia Internacional de la Asociacion Colombiana de Estudios del Caribe (ACOLEC). Barranquilla. Colombia. 15 al 17 de junio de 2016"},"content":{"rendered":"<p style=\"text-align: justify;\"><strong id=\"ecxyui_3_16_0_1_1455680087138_24481\" style=\"color: #339966; font-size: 1.17em;\"><br \/>\n<a href=\"https:\/\/adhilac.com.ar\/wp-content\/uploads\/2016\/05\/Afiche-ACOLEC.jpg\"><img loading=\"lazy\" decoding=\"async\" class=\"alignleft size-full wp-image-11674\" title=\"Afiche ACOLEC\" src=\"https:\/\/adhilac.com.ar\/wp-content\/uploads\/2016\/05\/Afiche-ACOLEC.jpg\" alt=\"\" width=\"195\" height=\"273\" srcset=\"https:\/\/adhilac.com.ar\/wp-content\/uploads\/2016\/05\/Afiche-ACOLEC.jpg 4184w, https:\/\/adhilac.com.ar\/wp-content\/uploads\/2016\/05\/Afiche-ACOLEC-214x300.jpg 214w, https:\/\/adhilac.com.ar\/wp-content\/uploads\/2016\/05\/Afiche-ACOLEC-731x1024.jpg 731w\" sizes=\"auto, (max-width: 195px) 100vw, 195px\" \/><\/a><\/strong><span style=\"color: #800000;\"><a href=\"https:\/\/adhilac.com.ar\/wp-content\/uploads\/2016\/05\/PROGRAMACI\u00d3N-ACOLEC-BARRANQUILLA-DEFINITIVO.pdf\">PROGRAMACI\u00d3N ACOLEC BARRANQUILLA DEFINITIVO<\/a><\/span><\/p>\n<p style=\"text-align: justify;\"><strong id=\"ecxyui_3_16_0_1_1455680087138_24626\" style=\"text-align: justify;\">PRESENTACI\u00d3N<\/strong><\/p>\n<div style=\"text-align: justify;\"><strong><br \/>\n<\/strong><\/div>\n<div id=\"ecxyui_3_16_0_1_1455680087138_24623\" style=\"text-align: justify;\">La Asociaci\u00f3n Colombiana de Estudios del Caribe \u2013ACOLEC\u2013 y el\u00a0 Banco de la Rep\u00fablica, sucursal Barranquilla invitan a investigadores, docentes y estudiantes de diferentes disciplinas interesados(as) en participar en la Segunda Conferencia Internacional de La Asociaci\u00f3n Colombiana de Estudios del Caribe que se realizar\u00e1 en la ciudad de Barranquilla (Colombia) durante los d\u00edas comprendidos entre el 15 \u00a0y el 17 de junio \u00a0de 2016, a que presenten sus ponencias, en torno al tema \u00a0central \u201cEl Caribe en los Litorales. Cultura, Ciudades y Econom\u00eda\u201d.<!--more--><\/div>\n<div style=\"text-align: justify;\">Durante los siglos XVI, XVII y XVIII, las ciudades caribe\u00f1as se conformaron en diversas din\u00e1micas que fueron determinadas por los intereses imperiales y en conjunto cumplieron un rol espec\u00edfico. As\u00ed que, de la condici\u00f3n de ciudades fortaleza para la exploraci\u00f3n, unas se convirtieron en ciudades portuarias y en muchos casos militares hasta llegar a ser centros de administraci\u00f3n de los imperios; otras al margen de los litorales tomaron su condici\u00f3n de ciudades netamente agrarias, igualmente con su papel en el conjunto de un sistema colonial.\u00a0 M\u00e1s de un siglo despu\u00e9s, con los desarrollos del capitalismo, las ciudades caribe\u00f1as y centros urbanos siguen un proceso de reacomodaci\u00f3n de acuerdo a las din\u00e1micas de la econom\u00eda mundial en las que las ciudades tienen un rol especial.<\/div>\n<div style=\"text-align: justify;\"><span style=\"color: #ffffff;\">\/<\/span><\/div>\n<div id=\"ecxyui_3_16_0_1_1455680087138_24739\" style=\"text-align: justify;\">En las \u00faltimas d\u00e9cadas, la regi\u00f3n del Caribe ha experimentado una eclosi\u00f3n sistem\u00e1tica de sus ciudades. Ello se traduce en un renovado dinamismo de las ciudades existentes y en el surgimiento de nuevas \u00e1reas de crecimiento econ\u00f3mico, fruto de las transformaciones en los procesos productivos y la globalizaci\u00f3n. Esto repercute,\u00a0 para el caso de las ciudades litorales, en un alto potencial para el desarrollo portuario y del turismo, y en transformaciones significativas en las formas como se configura su poblaci\u00f3n, pues de los\u00a0 tradicionales procesos migratorios del campo a la ciudad,\u00a0 se pas\u00f3 en los \u00faltimos a\u00f1os\u00a0 a un esquema distinto de corrientes migratorias entre zonas urbanas y de amplia movilidad internacional, que no solo hacen a algunas ciudades expulsoras, sino receptoras de poblaci\u00f3n extranjera con capacidad de invertir capitales.<\/div>\n<div style=\"text-align: justify;\"><span style=\"color: #ffffff;\">\/<\/span><\/div>\n<div id=\"ecxyui_3_16_0_1_1455680087138_24637\" style=\"text-align: justify;\">Esta situaci\u00f3n, como es de esperarse, ocasiona recomposiciones importantes en el mundo urbano, sumado a cambios culturales e identitarios de la poblaci\u00f3n, que hacen de las ciudades del Caribe un punto central para reflexionar.<\/div>\n<div style=\"text-align: justify;\"><span style=\"color: #ffffff;\">\\<\/span><\/div>\n<div style=\"text-align: justify;\"><span style=\"color: #ffffff;\">\\<\/span><\/div>\n<div style=\"text-align: justify;\"><a href=\"https:\/\/adhilac.com.ar\/wp-content\/uploads\/2016\/05\/Afiche-ACOLEC.pdf\">Afiche ACOLEC<\/a><\/div>\n<div style=\"text-align: justify;\"><span style=\"color: #ffffff;\">\/<\/span><\/div>\n<div style=\"text-align: justify;\"><strong> <\/strong><\/div>\n<div style=\"text-align: justify;\"><strong> <\/strong><\/div>\n<div style=\"text-align: justify;\"><strong>Objetivo General<\/strong><\/div>\n<div style=\"text-align: justify;\"><strong><br \/>\n<\/strong><\/div>\n<div style=\"text-align: justify;\">Analizar la evoluci\u00f3n de las ciudades litorales caribe\u00f1as desde el punto de vista f\u00edsico, pol\u00edtico, social, cultural y econ\u00f3mico y los desaf\u00edos que representan para ella los cambios que impone el capitalismo mundial.<\/div>\n<div style=\"text-align: justify;\"><span style=\"color: #ffffff;\">\/<\/span><\/div>\n<div style=\"text-align: justify;\"><strong>Espec\u00edficos<\/strong><\/div>\n<div style=\"text-align: justify;\"><strong><br \/>\n<\/strong><\/div>\n<div style=\"text-align: justify;\">Reflexionar sobre los mecanismos de gesti\u00f3n integrada de las ciudades, las contradicciones en las pol\u00edticas de desarrollo y de prestaci\u00f3n de servicios.<\/div>\n<div style=\"text-align: justify;\"><span style=\"color: #ffffff;\">\/<\/span><\/div>\n<div style=\"text-align: justify;\">Revisar las pr\u00e1cticas sociales de uso del espacio p\u00fablico, de solidaridad e identificaci\u00f3n comunitaria cada vez m\u00e1s amenazada por la segmentaci\u00f3n socio-espacial.<\/div>\n<div style=\"text-align: justify;\"><span style=\"color: #ffffff;\">\/<\/span><\/div>\n<div style=\"text-align: justify;\">Analizar los impactos culturales e identitarios que experimentan las ciudades caribe\u00f1as en este contexto de cambio.<\/div>\n<div style=\"text-align: justify;\"><span style=\"color: #ffffff;\">\/<\/span><\/div>\n<div style=\"text-align: justify;\"><strong>MESAS TEM\u00c1TICAS<\/strong><\/div>\n<div style=\"text-align: justify;\"><strong><br \/>\n<\/strong><\/div>\n<div style=\"text-align: justify;\"><strong> <\/strong><\/div>\n<div id=\"ecxyui_3_16_0_1_1455680087138_24643\" style=\"text-align: justify; padding-left: 30px;\">Desarrollo y transformaciones urbanas en el Caribe.<\/div>\n<div id=\"ecxyui_3_16_0_1_1455680087138_24641\" style=\"text-align: justify; padding-left: 30px;\">Cultura e identidad urbana en el Caribe.<\/div>\n<div style=\"text-align: justify; padding-left: 30px;\">Ciudades portuarias y desarrollos urbanos.<\/div>\n<div style=\"text-align: justify; padding-left: 30px;\">Turismo, econom\u00eda y ciudad.<\/div>\n<div style=\"text-align: justify; padding-left: 30px;\">La ciudad en la literatura en el Caribe.<\/div>\n<div style=\"text-align: justify; padding-left: 30px;\">Educaci\u00f3n, e identidad urbana en el Caribe.<\/div>\n<div style=\"text-align: justify; padding-left: 30px;\">Sociedad, pobreza y vida cotidiana.<\/div>\n<div id=\"ecxyui_3_16_0_1_1455680087138_24649\" style=\"text-align: justify; padding-left: 30px;\">Raza, g\u00e9nero y comunidad.<\/div>\n<div id=\"ecxyui_3_16_0_1_1455680087138_24655\" style=\"text-align: justify; padding-left: 30px;\">Din\u00e1micas semiurbanas, de los contextos rurales a urbanos.<\/div>\n<div style=\"text-align: justify; padding-left: 30px;\">Procesos pol\u00edticos: Democracia, gobernabilidad y estabilidad pol\u00edtica.<\/div>\n<div style=\"text-align: justify; padding-left: 30px;\">Movimientos sociales, actores emergentes y ciudadan\u00eda en el Caribe.<\/div>\n<div style=\"text-align: justify; padding-left: 30px;\">Espacio p\u00fablico, medios de informaci\u00f3n y memoria en el Caribe.<\/div>\n<div style=\"text-align: justify; padding-left: 30px;\">Sistemas productivos y desarrollo empresarial en las ciudades del Caribe.<\/div>\n<div style=\"text-align: justify; padding-left: 30px;\">Ciudades transfronterizas y procesos de integraci\u00f3n en el Caribe.<\/div>\n<div style=\"text-align: justify; padding-left: 30px;\">Medio ambiente y desarrollo sustentable en las ciudades del Caribe.<\/div>\n<div style=\"text-align: justify; padding-left: 30px;\">Ciudadan\u00edas a trav\u00e9s de las artes en el Caribe.<\/div>\n<div style=\"text-align: justify; padding-left: 30px;\"><a name=\"_Toc258222141\" target=\"_blank\">Cat\u00e1strofes, ciudadan\u00eda e intervenci\u00f3n internacional.<\/a><\/div>\n<div id=\"ecxyui_3_16_0_1_1455680087138_24660\" style=\"text-align: justify; padding-left: 30px;\">Arquitectura, historia y patrimonializaci\u00f3n en el Caribe.<\/div>\n<h3 style=\"text-align: justify;\">METODOLOG\u00cdA<\/h3>\n<div style=\"text-align: justify;\">El evento acad\u00e9mico se realizar\u00e1 con la modalidad de mesas tem\u00e1ticas con ponencias individuales, seguidas de una sesi\u00f3n de preguntas y comentarios de cada una. Tambi\u00e9n se realizar\u00e1n conferencias centrales a cargo de especialistas reconocidos en el tema.<\/div>\n<div style=\"text-align: justify;\"><span style=\"color: #ffffff;\">\/<\/span><\/div>\n<div style=\"text-align: justify;\">Los interesados podr\u00e1n proponer mesas tem\u00e1ticas o enviar ponencias individuales. Las mesas tem\u00e1ticas deber\u00e1n contar con un m\u00ednimo de tres ponencias y un m\u00e1ximo de cinco, y los res\u00famenes ser\u00e1n evaluados individualmente.<\/div>\n<div style=\"text-align: justify;\"><span style=\"color: #ffffff;\"><br \/>\n<\/span><\/div>\n<div style=\"text-align: justify;\"><strong>PARTICIPACI\u00d3N<\/strong><\/div>\n<div style=\"text-align: justify;\"><strong><br \/>\n<\/strong><\/div>\n<div style=\"text-align: justify;\">Para participar como ponente en el evento los interesados deben enviar una propuesta de ponencia, ya sea en idioma ingl\u00e9s o espa\u00f1ol, de forma simult\u00e1nea a las siguientes direcciones de correo electr\u00f3nico:<\/div>\n<div style=\"text-align: justify;\"><span style=\"color: #ffffff;\">\/<\/span><\/div>\n<div style=\"text-align: justify;\"><a href=\"mailto:presidencia@acolec.org\">presidencia@acolec.org<\/a>;\u00a0<a href=\"mailto:raulromanr@yahoo.com\">raulromanr@yahoo.com<\/a><\/div>\n<div style=\"text-align: justify;\"><a href=\"mailto:vicepresidencia@acolec.org\">vicepresidencia@acolec.org<\/a>;\u00a0<a href=\"mailto:joelcar1@hotmail.com\">joelcar1@hotmail.com<\/a><\/div>\n<div style=\"text-align: justify;\"><span style=\"color: #ffffff;\">\/<\/span><\/div>\n<div style=\"text-align: justify;\">La propuesta debe contener la siguiente informaci\u00f3n:<\/div>\n<div style=\"text-align: justify; padding-left: 30px;\">1.\u00a0\u00a0\u00a0 Datos personales (nombre y apellido, direcci\u00f3n postal y correo\u00a0\u00a0\u00a0\u00a0 electr\u00f3nico)<\/div>\n<div style=\"text-align: justify; padding-left: 30px;\">2.\u00a0\u00a0\u00a0 Datos profesionales (grado acad\u00e9mico y pertenencia institucional)<\/div>\n<div style=\"text-align: justify; padding-left: 30px;\">3.\u00a0\u00a0\u00a0 T\u00edtulo de la ponencia, mesa tem\u00e1tica elegida, y un resumen de hasta 500 palabras, que se recibir\u00e1 hasta\u00a0\u00a0<strong>el 25 de Marzo \u00a0de 2016<\/strong><\/div>\n<div style=\"text-align: justify; padding-left: 30px;\">4.\u00a0\u00a0\u00a0 La ponencia completa debe ser enviada\u00a0<strong>hasta el 25 de abril de 2016<\/strong>, en formato Word, TNR 12, espacio sencillo, y con una extensi\u00f3n m\u00e1xima de 12 cuartillas, incluyendo la bibliograf\u00eda.<\/div>\n<div style=\"text-align: justify;\"><span style=\"color: #ffffff;\">\/<\/span><\/div>\n<div style=\"text-align: justify;\">Posteriormente se enviar\u00e1n a los ponentes que fueron aceptados las normas editoriales completas para la publicaci\u00f3n de las memorias y los libros resultantes de este evento internacional.<\/div>\n<div style=\"text-align: justify;\"><span style=\"color: #ffffff;\">\/<\/span><\/div>\n<div style=\"text-align: justify;\">Las cartas de aceptaci\u00f3n de ponencias ser\u00e1n enviadas por los coordinadores del evento desde el momento que se reciban y aprueben las propuestas hasta el\u00a0<strong>25 de abril de 2016 <\/strong>y la programaci\u00f3n definitiva saldr\u00e1 el\u00a0<strong>10 de mayo de 2016<\/strong>.<\/div>\n<h3 style=\"text-align: justify;\">Valor de la inscripci\u00f3n hasta el 20 de mayo de 2016:<\/h3>\n<div style=\"text-align: justify;\">Ponentes nacionales \u00a0\u00a0\u00a0\u00a0\u00a0\u00a0\u00a0\u00a0\u00a0\u00a0\u00a0\u00a0\u00a0\u00a0\u00a0\u00a0\u00a0\u00a0 $150.000 COP<\/div>\n<div style=\"text-align: justify;\">Ponentes extranjeros \u00a0 \u00a0 \u00a0 \u00a0 \u00a0 \u00a0 \u00a0 \u00a0 \u00a0$ 70 USD<\/div>\n<div style=\"text-align: justify;\">Participantes nacionales \u00a0 \u00a0 \u00a0 \u00a0 \u00a0 \u00a0$100.000 COP<\/div>\n<div style=\"text-align: justify;\">Participantes extranjeros \u00a0 \u00a0 \u00a0 \u00a0 \u00a0$ 50 USD<\/div>\n<div style=\"text-align: justify;\">Estudiantes \u00a0\u00a0\u00a0\u00a0\u00a0\u00a0\u00a0\u00a0\u00a0\u00a0\u00a0\u00a0\u00a0\u00a0\u00a0\u00a0\u00a0\u00a0\u00a0\u00a0\u00a0\u00a0\u00a0\u00a0 \u00a0\u00a0\u00a0\u00a0\u00a0\u00a0\u00a0\u00a0\u00a0\u00a0\u00a0 $ 50.000 COP \u00f3 35 d\u00f3lares<\/div>\n<div style=\"text-align: justify;\"><span style=\"color: #ffffff;\">\/<\/span><\/div>\n<div style=\"text-align: justify;\"><strong>Valor de la inscripci\u00f3n desde el 21 de mayo de 2016<\/strong><\/div>\n<div style=\"text-align: justify;\"><strong><br \/>\n<\/strong><\/div>\n<div style=\"text-align: justify;\"><strong> <\/strong><\/div>\n<div style=\"text-align: justify;\">Ponentes nacionales \u00a0\u00a0\u00a0\u00a0\u00a0\u00a0\u00a0\u00a0\u00a0\u00a0\u00a0\u00a0\u00a0\u00a0\u00a0\u00a0\u00a0\u00a0 $ 200.000 COP<\/div>\n<div id=\"ecxyui_3_16_0_1_1455680087138_24692\" style=\"text-align: justify;\">Ponentes Extranjeros \u00a0 \u00a0 \u00a0 \u00a0 \u00a0 \u00a0 \u00a0 \u00a0 $100 USD<\/div>\n<div id=\"ecxyui_3_16_0_1_1455680087138_24693\" style=\"text-align: justify;\">Participantes nacionales \u00a0 \u00a0 \u00a0 \u00a0 \u00a0 \u00a0$150.000 COP<\/div>\n<div style=\"text-align: justify;\">Participantes extranjeros \u00a0 \u00a0 \u00a0 \u00a0 \u00a0$ 80 USD<\/div>\n<div style=\"text-align: justify;\">Estudiantes \u00a0 \u00a0 \u00a0 \u00a0 \u00a0 \u00a0 \u00a0 \u00a0 \u00a0 \u00a0 \u00a0 \u00a0 \u00a0 \u00a0 \u00a0 \u00a0 \u00a0 \u00a0 \u00a0$ 70.000 COP \u00f3 50 d\u00f3lares<\/div>\n<div style=\"text-align: justify;\"><strong> <\/strong><\/div>\n<div style=\"text-align: justify;\"><span style=\"color: #ffffff;\"><strong>\/<\/strong><\/span><\/div>\n<div style=\"text-align: justify;\"><strong>Informaci\u00f3n e inscripciones<\/strong><\/div>\n<div style=\"text-align: justify;\"><span style=\"color: #ffffff;\"><strong>\/<\/strong><\/span><\/div>\n<div style=\"text-align: justify;\">Dr. Ra\u00fal Rom\u00e1n Romero: Presidente ACOLEC-Univ. Nacional de Colombia<\/div>\n<div style=\"text-align: justify;\"><a href=\"mailto:presidencia@acolec.org\">presidencia@acolec.org<\/a>;\u00a0<a href=\"mailto:raulromanr@yahoo.com\">raulromanr@yahoo.com<\/a><\/div>\n<div style=\"text-align: justify;\">Dr. Jorge E. El\u00edas-Caro: Vicepresidente ACOLEC-Universidad del Magdalena\u00a0\u00a0<a href=\"mailto:vicepresidencia@acolec.org\">vicepresidencia@acolec.org<\/a>;<a href=\"mailto:joelcar1@hotmail.com\">joelcar1@hotmail.com<\/a><\/div>\n<div style=\"text-align: justify;\"><span style=\"color: #ffffff;\">\/<\/span><\/div>\n<div style=\"text-align: justify;\">Ver promoci\u00f3n en\u00a0<a href=\"http:\/\/www.acolec.org\/\" target=\"_blank\">www.acolec.org<\/a><\/div>\n<div style=\"text-align: justify;\"><span style=\"color: #ffffff;\">\/<\/span><\/div>\n<div style=\"text-align: justify;\">Una vez aceptada su ponencia, deben consignar el valor por su participaci\u00f3n en el evento en la cuenta de ahorros \u00a0\u00a0\u00a0N\u00ba 516-329425-01 del Banco de Colombia a nombre de la Asociaci\u00f3n Colombiana de Estudios del Caribe-ACOLEC y enviar recibo de consignaci\u00f3n escaneado a las direcciones de correo electr\u00f3nico arriba se\u00f1aladas.<\/div>\n<div style=\"text-align: justify;\">Tambi\u00e9n se reciben los pagos por valor de inscripci\u00f3n el mismo d\u00eda de iniciar el evento al momento de registrar su participaci\u00f3n en el encuentro acad\u00e9mico.<\/div>\n<div style=\"text-align: justify;\"><span style=\"color: #ffffff;\">\/<\/span><\/div>\n<div style=\"text-align: justify;\"><strong> <\/strong><\/div>\n<div id=\"ecxyui_3_16_0_1_1455680087138_24696\" style=\"text-align: justify;\"><strong> <\/strong><\/div>\n<div style=\"text-align: justify;\"><strong>Comit\u00e9 Acad\u00e9mico<\/strong><\/div>\n<div style=\"text-align: justify;\"><span style=\"color: #ffffff;\"><strong>.<\/strong><\/span><\/div>\n<div style=\"text-align: justify;\"><strong> <\/strong><\/div>\n<div style=\"text-align: justify;\">Dr. Ra\u00fal Rom\u00e1n Romero, Universidad Nacional de Colombia<\/div>\n<div style=\"text-align: justify;\">Dr. Jorge Enrique El\u00edas-Caro, Universidad del Magdalena (Colombia)<\/div>\n<div style=\"text-align: justify;\">Dr. Antonino Vidal Ortega, Universidad del Norte (Colombia)<\/div>\n<div style=\"text-align: justify;\">Msc, Muriel Vanegas Beltr\u00e1n, Universidad de Cartagena (Colombia)<\/div>\n<div style=\"text-align: justify;\">Dra. Veronique Benei, CNRS (Francia)<\/div>\n<div style=\"text-align: justify;\">Dra. M\u00f3nica Mar\u00eda del Valle, Universidad de la Salle (Colombia)<\/div>\n<div id=\"ecxyui_3_16_0_1_1455680087138_24700\" style=\"text-align: justify;\">Dr. Joaqu\u00edn Viloria de La Hoz, Banco de la Rep\u00fablica (Colombia)<\/div>\n<div style=\"text-align: justify;\">Dr. Enrique Camacho Navarro, UNAM (M\u00e9xico)<\/div>\n<div style=\"text-align: justify;\"><span style=\"color: #ffffff;\">.<\/span><\/div>\n<div style=\"text-align: justify;\"><strong>Comit\u00e9 Asesor<\/strong><\/div>\n<div style=\"text-align: justify;\">Dra. Mu-Kien Sang Ben, Univ. Cat\u00f3lica Madre Maestra (Rep. Dominicana)<\/div>\n<div style=\"text-align: justify;\">Dr. Jorge Rodriguez Beruff, Universidad de Puerto Rico<\/div>\n<div style=\"text-align: justify;\">Dr. Fabio Luis Barbosa Dos Santos, Univ. Federal de Sao Paulo (Brasil)<\/div>\n<div style=\"text-align: justify;\">Dr. Yopahe Thiao, Universidad de Par\u00eds (Francia)<\/div>\n<div style=\"text-align: justify;\">Msc, Daniel G\u00f3mez L\u00f3pez, Universidad del Magdalena (Colombia)<\/div>\n<div style=\"text-align: justify;\">Dr. Bernardo Garc\u00eda D\u00edaz, Universidad Veracruzana (M\u00e9xico)<\/div>\n<div style=\"text-align: justify;\">Dr. Jos\u00e9 Javier Col\u00f3n Morera, Universidad de Puerto Rico<\/div>\n<div style=\"text-align: justify;\">Msc. Hernando Motato C., Universidad Industrial de Santander (Colombia)<\/div>\n<div id=\"ecxyui_3_16_0_1_1455680087138_24711\" style=\"text-align: justify;\">Dra. Adriana Santos Mart\u00ednez, Universidad Nacional de Colombia<\/div>\n<div id=\"ecxyui_3_16_0_1_1455680087138_24713\" style=\"text-align: justify;\">Dr. David D\u00edaz Arias,<strong> <\/strong>Universidad de Costa Rica<\/div>\n<div style=\"text-align: justify;\">Dra. Yusmidia Solano Suarez, Universidad Nacional de Colombia<\/div>\n<div style=\"text-align: justify;\"><strong> <\/strong><\/div>\n<div style=\"text-align: justify;\"><strong> <\/strong><\/div>\n<div style=\"text-align: justify;\"><span style=\"color: #ffffff;\">.<\/span><\/div>\n<div style=\"text-align: justify;\"><strong>Entidades que organizan y apoyan<\/strong><\/div>\n<div style=\"text-align: justify;\"><strong> <\/strong><\/div>\n<div style=\"text-align: justify;\">ACOLEC<\/div>\n<div style=\"text-align: justify;\">Banco de la Rep\u00fablica<\/div>\n<div style=\"text-align: justify;\">Universidad Nacional de Colombia, sede Caribe<\/div>\n<p><strong>Publicado por ADHILAC Internacional \u00a9 www.adhilac.com.ar<\/strong><\/p>\n<p>Si Ud. desea asociarse de acuerdo a los Estatutos de ADHILAC\u00a0<a title=\"(ver)\" href=\"https:\/\/adhilac.com.ar\/?page_id=263\">(ver)<\/a> complete el siguiente formulario\u00a0<a title=\"(ver)\" href=\"https:\/\/adhilac.com.ar\/?page_id=3194\">(ver)<\/a><\/p>\n<p>E-mail: info@adhilac.com.ar<\/p>\n<p style=\"text-align: justify;\">&nbsp;<\/p>\n","protected":false},"excerpt":{"rendered":"<p>PROGRAMACI\u00d3N ACOLEC BARRANQUILLA DEFINITIVO PRESENTACI\u00d3N La Asociaci\u00f3n Colombiana de Estudios del Caribe \u2013ACOLEC\u2013 y el\u00a0 Banco de la Rep\u00fablica, sucursal Barranquilla invitan a investigadores, docentes y estudiantes de diferentes disciplinas interesados(as) en participar en la Segunda Conferencia Internacional de La Asociaci\u00f3n Colombiana de Estudios del Caribe que se realizar\u00e1 en la ciudad de Barranquilla (Colombia) [&hellip;]<\/p>\n","protected":false},"author":2,"featured_media":0,"comment_status":"closed","ping_status":"closed","sticky":false,"template":"","format":"standard","meta":{"_crdt_document":"","footnotes":""},"categories":[5,15,40],"tags":[148,651,222,196],"class_list":["post-11383","post","type-post","status-publish","format-standard","hentry","category-congresos","category-historia","category-informaciones","tag-caribe","tag-ciudades","tag-cultura","tag-economia"],"_links":{"self":[{"href":"https:\/\/adhilac.com.ar\/index.php?rest_route=\/wp\/v2\/posts\/11383","targetHints":{"allow":["GET"]}}],"collection":[{"href":"https:\/\/adhilac.com.ar\/index.php?rest_route=\/wp\/v2\/posts"}],"about":[{"href":"https:\/\/adhilac.com.ar\/index.php?rest_route=\/wp\/v2\/types\/post"}],"author":[{"embeddable":true,"href":"https:\/\/adhilac.com.ar\/index.php?rest_route=\/wp\/v2\/users\/2"}],"replies":[{"embeddable":true,"href":"https:\/\/adhilac.com.ar\/index.php?rest_route=%2Fwp%2Fv2%2Fcomments&post=11383"}],"version-history":[{"count":20,"href":"https:\/\/adhilac.com.ar\/index.php?rest_route=\/wp\/v2\/posts\/11383\/revisions"}],"predecessor-version":[{"id":11761,"href":"https:\/\/adhilac.com.ar\/index.php?rest_route=\/wp\/v2\/posts\/11383\/revisions\/11761"}],"wp:attachment":[{"href":"https:\/\/adhilac.com.ar\/index.php?rest_route=%2Fwp%2Fv2%2Fmedia&parent=11383"}],"wp:term":[{"taxonomy":"category","embeddable":true,"href":"https:\/\/adhilac.com.ar\/index.php?rest_route=%2Fwp%2Fv2%2Fcategories&post=11383"},{"taxonomy":"post_tag","embeddable":true,"href":"https:\/\/adhilac.com.ar\/index.php?rest_route=%2Fwp%2Fv2%2Ftags&post=11383"}],"curies":[{"name":"wp","href":"https:\/\/api.w.org\/{rel}","templated":true}]}}