{"id":11391,"date":"2016-02-21T11:28:50","date_gmt":"2016-02-21T14:28:50","guid":{"rendered":"https:\/\/adhilac.com.ar\/?p=11391"},"modified":"2016-02-25T18:38:12","modified_gmt":"2016-02-25T21:38:12","slug":"primera-publicacion-del-manifiesto-comunista-londres-febrero-de-1848","status":"publish","type":"post","link":"https:\/\/adhilac.com.ar\/?p=11391","title":{"rendered":"Primera publicaci\u00f3n del Manifiesto Comunista. Londres. Febrero de 1848"},"content":{"rendered":"<p><span style=\"color: #339966; font-size: 1.17em;\">168 aniversario<\/span><\/p>\n<p><a href=\"https:\/\/adhilac.com.ar\/wp-content\/uploads\/2016\/02\/Manifiesto-Comunista-Londres-1848.jpg\"><img loading=\"lazy\" decoding=\"async\" class=\"alignleft size-full wp-image-11392\" title=\"Manifiesto Comunista- Londres 1848\" src=\"https:\/\/adhilac.com.ar\/wp-content\/uploads\/2016\/02\/Manifiesto-Comunista-Londres-1848.jpg\" alt=\"\" width=\"223\" height=\"385\" srcset=\"https:\/\/adhilac.com.ar\/wp-content\/uploads\/2016\/02\/Manifiesto-Comunista-Londres-1848.jpg 465w, https:\/\/adhilac.com.ar\/wp-content\/uploads\/2016\/02\/Manifiesto-Comunista-Londres-1848-173x300.jpg 173w\" sizes=\"auto, (max-width: 223px) 100vw, 223px\" \/><\/a><\/p>\n<p style=\"text-align: justify;\"><em>Manifest der Kommunistischen Partei de Karl Marx y Frederic Engels. <\/em><\/p>\n<p>&nbsp;<\/p>\n<p><strong>Fragmento<\/strong> <span style=\"color: #993366;\">(1)<\/span><\/p>\n<p style=\"text-align: justify;\">\u00abLa historia de toda sociedad hasta nuestros d\u00edas no ha sido sino la historia de las luchas de clases.\u00bb<\/p>\n<p style=\"text-align: justify;\">\u00abHombres libres y esclavos, patricios y plebeyos, nobles y siervos, maestros jurados y compa\u00f1eros; en una palabra, opresores y oprimidos, en lucha constante, mantuvieron una guerra ininterrumpida, ya abierta, ya disimulada; una guerra que termina siempre, bien por una transformaci\u00f3n revolucionaria de la sociedad, bien por la destrucci\u00f3n de las dos clases antag\u00f3nicas.\u00bb<\/p>\n<p style=\"text-align: center;\">* * *<\/p>\n<p><strong>Fragmento del Prefacio a la edici\u00f3n de 1872<\/strong><\/p>\n<p style=\"text-align: justify;\">&nbsp;<\/p>\n<p style=\"text-align: justify;\">\u00abAunque las condiciones hayan cambiado mucho en los \u00faltimos veinticinco a\u00f1os, los principios generales expuestos en este Manifiesto conservan en conjunto todav\u00eda la mayor exactitud. Algunos puntos deber\u00edan ser retocados. <!--more-->El mismo Manifiesto explica que la aplicaci\u00f3n de los principios depender\u00e1 siempre y en todo caso de las circunstancias hist\u00f3ricas existentes, y que, por tanto, no debe darse mucha importancia a las medidas revolucionarias enumeradas al final del capitulo II. Este pasaje ser\u00eda redactado hoy de muy distinta manera en m\u00e1s de un punto. Dado el desenvolvimiento colosal de la grande industria en los \u00faltimos veinticinco a\u00f1os, y la organizaci\u00f3n de 1a clase obrera en partido, que se desenvuelve paralelamente; dadas las experiencias, primero, de la revoluci\u00f3n de Febrero, y despu\u00e9s, sobre todo, de la Comuna de Par\u00eds, que eleva por 1a primera vez al proletariado, durante dos meses, al Poder pol\u00edtico, este programa est\u00e1 envejecido en ciertos puntos. La Comuna ha demostrado principalmente que \u00abno basta con que la clase obrera se apodere de la m\u00e1quina del Estado para hacerla servir a sus propios fines\u00bb. (V\u00e9ase \u00abLa guerra civil en Francia\u00bb, notabil\u00edsimo Manifiesto del Consejo General de la Asociaci\u00f3n Internacional de los Trabajadores, donde esta idea est\u00e1 m\u00e1s extensamente desarrollada). Adem\u00e1s, evidentemente, la cr\u00edtica de la literatura socialista es en estos momentos incompleta, pues s\u00f3lo llega a 1847, y al propio tiempo, si las observaciones que se hacen sobre la posici\u00f3n de los comunistas ante los diferentes partidos de oposici\u00f3n (cap\u00edtu1o IV) son exactas todav\u00eda en sus trazos generales, est\u00e1n envejecidas en detalle, pues la situaci\u00f3n pol\u00edtica ha cambiado completamente y la evoluci\u00f3n hist\u00f3rica ha hecho desaparecer a la mayor\u00eda de los partidos que se enumeran. Sin embargo, el Manifiesto es un documento hist\u00f3rico: que no tenemos derecho a modificar. Una edici\u00f3n posterior quiz\u00e1 sea precedida de una introducci\u00f3n que pueda llenar la laguna entre 1847 y hoy; la actual reimpresi\u00f3n ha sido demasiado r\u00e1pida para poder escribirla.\u00bb<\/p>\n<p style=\"text-align: right;\">Carlos Marx \u00a0y Federico Engels<\/p>\n<p style=\"text-align: right;\">Londres, 24 de junio de 1872<\/p>\n<p style=\"text-align: center;\">* * *<\/p>\n<p style=\"text-align: justify;\"><strong>Fragmento del Prefacio de la\u00a0edici\u00f3n\u00a0de 1883<\/strong><\/p>\n<p style=\"text-align: justify;\"><strong><br \/>\n<\/strong><\/p>\n<p style=\"text-align: justify;\">\u00abLa idea fundamental e \u00edntima del Manifiesto \u2013 a saber: que la producci\u00f3n econ\u00f3mica y la estructura social que resulta forman indefectiblemente, en cada \u00e9poca hist\u00f3rica, la base de la historia pol\u00edtica e intelectual de esta \u00e9poca; que, por consecuencia (despu\u00e9s de la desaparici\u00f3n de la primitiva propiedad com\u00fan del suelo), toda la historia ha sido una historia de luchas de clases, de luchas entre las clases explotadas y las clases explotadoras, entre las clases dominadas y las clases dominantes, en los diferentes estados de su desenvolvimiento hist\u00f3rico; pero que esa lucha atraviesa actualmente una etapa en que la clase explotada y oprimida (el proletariado) no puede emanciparse de la clase que la explota y oprime sin emancipar al propio tiempo, y para siempre, a toda la sociedad de la explotaci\u00f3n, de la opresi\u00f3n y de las luchas de clases, \u2013 esta idea fundamental pertenece \u00fanica y exclusivamente a Marx. Lo he declarado a menudo; pero al presente es preciso que esta declaraci\u00f3n figure a la cabeza del Manifiesto.\u00bb<\/p>\n<p style=\"text-align: right;\">F. ENGELS<\/p>\n<p style=\"text-align: right;\">Londres, 26 de junio de 1883.<\/p>\n<p style=\"text-align: justify;\">&nbsp;<\/p>\n<p style=\"text-align: justify;\">Nota<\/p>\n<p style=\"text-align: justify;\"><span style=\"color: #993366;\">(1)<\/span> Los fragmentos fueron tomados de Marx, Carlos &#8211; Engels, Federico: <em>Manifiesto Comunist<\/em>a. Ediciones elaleph.com<\/p>\n<p><strong>Publicado por ADHILAC Internacional \u00a9 www.adhilac.com.ar<\/strong><\/p>\n<p>Si Ud. desea asociarse de acuerdo a los Estatutos de ADHILAC\u00a0<a title=\"(ver)\" href=\"https:\/\/adhilac.com.ar\/?page_id=263\">(ver)<\/a> complete el siguiente formulario\u00a0<a title=\"(ver)\" href=\"https:\/\/adhilac.com.ar\/?page_id=3194\">(ver)<\/a><\/p>\n<p>E-mail: info@adhilac.com.ar<\/p>\n<p style=\"text-align: justify;\">&nbsp;<\/p>\n<p style=\"text-align: justify;\">&nbsp;<\/p>\n","protected":false},"excerpt":{"rendered":"<p>168 aniversario Manifest der Kommunistischen Partei de Karl Marx y Frederic Engels. &nbsp; Fragmento (1) \u00abLa historia de toda sociedad hasta nuestros d\u00edas no ha sido sino la historia de las luchas de clases.\u00bb \u00abHombres libres y esclavos, patricios y plebeyos, nobles y siervos, maestros jurados y compa\u00f1eros; en una palabra, opresores y oprimidos, en [&hellip;]<\/p>\n","protected":false},"author":2,"featured_media":0,"comment_status":"closed","ping_status":"closed","sticky":false,"template":"","format":"standard","meta":{"_crdt_document":"","footnotes":""},"categories":[15],"tags":[657],"class_list":["post-11391","post","type-post","status-publish","format-standard","hentry","category-historia","tag-el-manifiesto-comunista"],"_links":{"self":[{"href":"https:\/\/adhilac.com.ar\/index.php?rest_route=\/wp\/v2\/posts\/11391","targetHints":{"allow":["GET"]}}],"collection":[{"href":"https:\/\/adhilac.com.ar\/index.php?rest_route=\/wp\/v2\/posts"}],"about":[{"href":"https:\/\/adhilac.com.ar\/index.php?rest_route=\/wp\/v2\/types\/post"}],"author":[{"embeddable":true,"href":"https:\/\/adhilac.com.ar\/index.php?rest_route=\/wp\/v2\/users\/2"}],"replies":[{"embeddable":true,"href":"https:\/\/adhilac.com.ar\/index.php?rest_route=%2Fwp%2Fv2%2Fcomments&post=11391"}],"version-history":[{"count":5,"href":"https:\/\/adhilac.com.ar\/index.php?rest_route=\/wp\/v2\/posts\/11391\/revisions"}],"predecessor-version":[{"id":11406,"href":"https:\/\/adhilac.com.ar\/index.php?rest_route=\/wp\/v2\/posts\/11391\/revisions\/11406"}],"wp:attachment":[{"href":"https:\/\/adhilac.com.ar\/index.php?rest_route=%2Fwp%2Fv2%2Fmedia&parent=11391"}],"wp:term":[{"taxonomy":"category","embeddable":true,"href":"https:\/\/adhilac.com.ar\/index.php?rest_route=%2Fwp%2Fv2%2Fcategories&post=11391"},{"taxonomy":"post_tag","embeddable":true,"href":"https:\/\/adhilac.com.ar\/index.php?rest_route=%2Fwp%2Fv2%2Ftags&post=11391"}],"curies":[{"name":"wp","href":"https:\/\/api.w.org\/{rel}","templated":true}]}}