{"id":11399,"date":"2016-02-25T11:31:34","date_gmt":"2016-02-25T14:31:34","guid":{"rendered":"https:\/\/adhilac.com.ar\/?p=11399"},"modified":"2016-02-25T18:37:23","modified_gmt":"2016-02-25T21:37:23","slug":"argentina-ante-el-40-aniversario-del-golpe-de-estado-del-24-de-marzo-de-1976","status":"publish","type":"post","link":"https:\/\/adhilac.com.ar\/?p=11399","title":{"rendered":"Argentina: Ante el 40 aniversario del golpe de estado del 24 de marzo de 1976"},"content":{"rendered":"<h3 style=\"text-align: justify;\"><span style=\"color: #339966;\">Historia por la verdad, la memoria y la justicia<\/span><\/h3>\n<p style=\"text-align: justify;\">Ante el 40 aniversario del golpe de estado del 24 de marzo de 1976<\/p>\n<p style=\"text-align: justify;\">En los \u00faltimos meses han proliferado las voces que reclaman poner fin a los juicios por genocidio y cr\u00edmenes de lesa humanidad cometidos durante el terrorismo de estado. Algunas de esas voces provienen de practicantes de la disciplina hist\u00f3rica. Y dado que tambi\u00e9n han surgido discursos que abonan lo mismo desde ambientes gubernamentales, amenazando las pol\u00edticas de memoria y de justicia, nos hemos impuesto el deber de pronunciarnos. Nuestro oficio nos interpela y quienes firmamos \u2013historiadores e historiadoras que nos desempe\u00f1amos en el \u00e1mbito acad\u00e9mico\u2013,nos vemos ante la obligaci\u00f3n de fijar una clara postura en defensa de la rigurosidad y la \u00e9tica de nuestra profesi\u00f3n .<!--more--><\/p>\n<p style=\"text-align: justify;\">Las posiciones que desean la absoluci\u00f3n de los represores no solo hacen una interpretaci\u00f3n del pasado, sino que intentan retrotraer la legislaci\u00f3n, la jurisprudencia y el sentido com\u00fan a las imperantes durante la vigencia de los indultos y las leyes de obediencia debida y punto final. Olvidan que esas disposiciones fueron anuladas por el Congreso y declaradas inconstitucionales por la Corte Suprema. Debieran tener en cuenta que se trata de una campa\u00f1a para restablecer una suerte de nueva ley de punto final, incompatible con esa jurisprudencia y con los tratados internacionales que la Argentina ha reconocido con rango constitucional. Lo que est\u00e1 en juego no son pol\u00edticas y leyes (por cierto disponibles y modificables), sino los designios de la \u00faltima dictadura que condujeron a la utilizaci\u00f3n del aparato estatal para violar sistem\u00e1ticamente los derechos humanos.<\/p>\n<p style=\"text-align: justify;\">Quienes comparten las posiciones absolutorias de los represores olvidan las verdaderas causas que demoran la sustanciaci\u00f3n de los juicios y que todav\u00eda no haya condenados con sentencia firme: las responsabilidades deber\u00edan atribuirlas al Poder Judicial, al que debe reclamarse por los pr\u00f3fugos imputados de cr\u00edmenes de lesa humanidad y cuya aprehensi\u00f3n es responsabilidad de dicho Poder.<\/p>\n<p style=\"text-align: justify;\">Quienes comparten esas ideas se olvidan de los centenares de ni\u00f1os apropiados, personas que aun hoy desconocen su verdadera identidad, y eluden reclamar que los particulares ylas instituciones que disponen de informaci\u00f3n sobre esos delitos la proporcionen a la Justicia y a la sociedad.<\/p>\n<p style=\"text-align: justify;\">Quienes comparten esas posiciones se olvidan de reclamar que el Poder Judicial todav\u00eda tiene pendiente esclarecer lo sucedido con Jorge Julio L\u00f3pez y juzgar y condenar a los responsables.<\/p>\n<p style=\"text-align: justify;\">Quienes reclaman que se cierre la lista de imputados se olvidan de denunciar las trabas, demoras o directamente la protecci\u00f3n que dentro del mismo Poder Judicial han obtenido los represores. Prefieren tambi\u00e9n extinguir la responsabilidad de los colaboradores civiles del terrorismo de estado.<\/p>\n<p style=\"text-align: justify;\">Aquellos que cuestionan que en los juicios se valoren los testimonios de las v\u00edctimas del terrorismo de estado, ignoran los cambios fundamentales de la jurisprudencia en el orden internacional cuando se han juzgado delitos de lesa humanidad. El testimonio de las v\u00edctimas de torturas, violaciones y otros castigos es decisivo en el juzgamiento.<\/p>\n<p style=\"text-align: justify;\">Quienes proponen el exculpamiento olvidan que se ha ocultado la documentaci\u00f3n que pudiera servir como prueba. Y no podemos dejar de expresar nuestra preocupaci\u00f3n ante decisiones recientes que apuntan a reforzar esa estrategia de ocultamiento, desarticulando los organismos cuya misi\u00f3n es suministrar documentaci\u00f3n e informaci\u00f3n a la Justicia.<\/p>\n<p style=\"text-align: justify;\">Quienes alientan la impunidad se olvidan que todav\u00eda esperamos que el gobierno de los Estados Unidos abra por completo sus archivos sobre el terrorismo de estado en la Argentina, as\u00ed como de una vez por todas, el Vaticano y la Iglesia Cat\u00f3lica argentina, pongan a disposici\u00f3n de la justicia y de la investigaci\u00f3n hist\u00f3rica toda la documentaci\u00f3n e informaci\u00f3n que poseen.<\/p>\n<p style=\"text-align: justify;\">Aquellos que reclaman porque la Justicia s\u00f3lo ha atendido a la represi\u00f3n estatal, deber\u00edan reconocer que esta ofensiva para finiquitar los juicios se produce justamente cuando est\u00e1n pendientes de concluirse &#8211; y aun de iniciarse en muchos casos -, los que tienen como acusados a los directivos de las empresas argentinas y extranjeras que colaboraron con la dictadura en el terrorismo de estado.<\/p>\n<p style=\"text-align: justify;\">Aquellos que defienden esas posiciones se olvidan que los juicios por los cr\u00edmenes de lesa humanidad, cometidos durante el terrorismo de estado, fueron y son una conquista hist\u00f3rica de la sociedad argentina y que esa conquista se debe a la lucha valiente, paciente, creativa e inclaudicable de los familiares, los sobrevivientes de la represi\u00f3n y los organismos de derechos humanos. Ha sido esa lucha ejemplar la que ha permitido enriquecer la cultura pol\u00edtica de una sociedad arrasada y fragmentada a la que le ofrecieron &#8211; y le siguen ofreciendo &#8211; una direcci\u00f3n moral. Y los juicios, lejos de haber sido instrumentos de venganza, han constituido herramientas indispensables e insustituibles de verdad, de memoria y de justicia. Los juicios a los responsables y ejecutores de los cr\u00edmenes de lesa humanidad en la Argentina, son un aporte decisivo a la humanidad convirti\u00e9ndose en un ejemplo mundial.<\/p>\n<p style=\"text-align: justify;\">Aquellos que comparten la posiciones exculpatorias no debieran olvidar la experiencia hist\u00f3rica de la sociedad argentina desde 1983: en su dificultoso camino por construir una sociedad democr\u00e1tica, cada vez que estos juicios fueron puestos en cuesti\u00f3n y se avanz\u00f3 contra ellos, se abrieron mayores posibilidades para desarrollar pol\u00edticas represivas y antipopulares. Por eso consideramos que los discursos, y sobre todo las decisiones, que apuntan a suspenderlos, no solo envilecen el clima pol\u00edtico, cultural y moral de nuestra sociedad, sino que suman un obst\u00e1culo adicional a las luchas que en el mismo sentido se desarrollan en otros pa\u00edses. No debieran olvidar tampoco la experiencia internacional de juzgamiento de cr\u00edmenes de lesa humanidad, no pueden ignorar el consenso de que se trata de delitos imprescriptibles y que el procesamiento de los responsables no debe detenerse.<\/p>\n<p style=\"text-align: justify;\">Pero adem\u00e1s, quienes reconoci\u00e9ndose como historiadores, avalan o comparten esas posiciones, deber\u00edan reflexionar que si estas iniciativas llegasen a tener \u00e9xito, estar\u00edan contribuyendo al desconocimiento hist\u00f3rico de\u00a0 nuestro sangriento pasado.<\/p>\n<p style=\"text-align: justify;\">El pr\u00f3ximo 24 de marzo no ser\u00e1 uno m\u00e1s. Como en cada aniversario, la sociedad argentina deber\u00e1 demostrar su compromiso inquebrantable con la memoria, la verdad y la justicia. Como hace veinte a\u00f1os, cuando la masiva movilizaci\u00f3n popular logr\u00f3 romper el cerco de las pol\u00edticas de impunidad y olvido y crear las condiciones hist\u00f3ricas para anular la legislaci\u00f3n oprobiosa que las amparaba, en este 24 de marzo es imprescindible que esa misma sociedad se manifieste en defensa de sus mejores tradiciones y levante una barrera contra los renovados intentos de ocultamiento e impunidad.<\/p>\n<p style=\"text-align: justify;\">Como oficiantes de la historia sabemos de los m\u00faltiples usos pol\u00edticos del pasado y que la disputa por el sentido de toda conmemoraci\u00f3n es parte ineludible de la contienda pol\u00edtica. Pero no nos toca s\u00f3lo indagar y comprender el pasado. El debate abierto en la actualidad nos incumbe directamente. Por eso es preciso que tomemos parte activa en la acci\u00f3n colectiva y defendamos el derecho de nuestra sociedad a conocer su pasado, si es que deseamos preservarla dignidad y la \u00e9tica de nuestra profesi\u00f3n.<\/p>\n<p><strong>Publicado por ADHILAC Internacional \u00a9 www.adhilac.com.ar<\/strong><\/p>\n<p>Si Ud. desea asociarse de acuerdo a los Estatutos de ADHILAC\u00a0<a title=\"(ver)\" href=\"https:\/\/adhilac.com.ar\/?page_id=263\">(ver)<\/a> complete el siguiente formulario\u00a0<a title=\"(ver)\" href=\"https:\/\/adhilac.com.ar\/?page_id=3194\">(ver)<\/a><\/p>\n<p>E-mail: info@adhilac.com.ar<\/p>\n<p style=\"text-align: justify;\">&nbsp;<\/p>\n","protected":false},"excerpt":{"rendered":"<p>Historia por la verdad, la memoria y la justicia Ante el 40 aniversario del golpe de estado del 24 de marzo de 1976 En los \u00faltimos meses han proliferado las voces que reclaman poner fin a los juicios por genocidio y cr\u00edmenes de lesa humanidad cometidos durante el terrorismo de estado. Algunas de esas voces [&hellip;]<\/p>\n","protected":false},"author":2,"featured_media":0,"comment_status":"closed","ping_status":"closed","sticky":false,"template":"","format":"standard","meta":{"_crdt_document":"","footnotes":""},"categories":[10,3],"tags":[67,116,659,645,119],"class_list":["post-11399","post","type-post","status-publish","format-standard","hentry","category-adhil-arg","category-adhilac-inter","tag-argentina","tag-derechos-humanos","tag-dictadura-de-1976","tag-justicia","tag-memoria"],"_links":{"self":[{"href":"https:\/\/adhilac.com.ar\/index.php?rest_route=\/wp\/v2\/posts\/11399","targetHints":{"allow":["GET"]}}],"collection":[{"href":"https:\/\/adhilac.com.ar\/index.php?rest_route=\/wp\/v2\/posts"}],"about":[{"href":"https:\/\/adhilac.com.ar\/index.php?rest_route=\/wp\/v2\/types\/post"}],"author":[{"embeddable":true,"href":"https:\/\/adhilac.com.ar\/index.php?rest_route=\/wp\/v2\/users\/2"}],"replies":[{"embeddable":true,"href":"https:\/\/adhilac.com.ar\/index.php?rest_route=%2Fwp%2Fv2%2Fcomments&post=11399"}],"version-history":[{"count":2,"href":"https:\/\/adhilac.com.ar\/index.php?rest_route=\/wp\/v2\/posts\/11399\/revisions"}],"predecessor-version":[{"id":11403,"href":"https:\/\/adhilac.com.ar\/index.php?rest_route=\/wp\/v2\/posts\/11399\/revisions\/11403"}],"wp:attachment":[{"href":"https:\/\/adhilac.com.ar\/index.php?rest_route=%2Fwp%2Fv2%2Fmedia&parent=11399"}],"wp:term":[{"taxonomy":"category","embeddable":true,"href":"https:\/\/adhilac.com.ar\/index.php?rest_route=%2Fwp%2Fv2%2Fcategories&post=11399"},{"taxonomy":"post_tag","embeddable":true,"href":"https:\/\/adhilac.com.ar\/index.php?rest_route=%2Fwp%2Fv2%2Ftags&post=11399"}],"curies":[{"name":"wp","href":"https:\/\/api.w.org\/{rel}","templated":true}]}}