{"id":11417,"date":"2016-02-29T11:46:16","date_gmt":"2016-02-29T14:46:16","guid":{"rendered":"https:\/\/adhilac.com.ar\/?p=11417"},"modified":"2016-02-29T20:04:09","modified_gmt":"2016-02-29T23:04:09","slug":"seminario-internacional-las-intervenciones-estadounidenses-en-el-continente-a-los-10-anos-de-la-primera-ocupacion-militar-a-republica-dominicana","status":"publish","type":"post","link":"https:\/\/adhilac.com.ar\/?p=11417","title":{"rendered":"Seminario Internacional \u00abLas intervenciones estadounidenses en el continente; a los 10 a\u00f1os de la primera ocupaci\u00f3n militar a Rep\u00fablica Dominicana\u00bb"},"content":{"rendered":"<h3 style=\"text-align: justify;\"><span style=\"color: #339966;\">10-12 julio, 2016. \u00a0Rep\u00fablica\u00a0Dominicana<\/span><\/h3>\n<p><span style=\"color: #339966;\"><a href=\"https:\/\/adhilac.com.ar\/wp-content\/uploads\/2016\/02\/LasIntrervencionesNorteamericanas-1916-2016-RepDom05.docx.jpg\"><img loading=\"lazy\" decoding=\"async\" class=\"alignnone size-full wp-image-11418\" title=\"LasIntrervencionesNorteamericanas-1916-2016 -RepDom05.docx\" src=\"https:\/\/adhilac.com.ar\/wp-content\/uploads\/2016\/02\/LasIntrervencionesNorteamericanas-1916-2016-RepDom05.docx.jpg\" alt=\"\" width=\"487\" height=\"130\" srcset=\"https:\/\/adhilac.com.ar\/wp-content\/uploads\/2016\/02\/LasIntrervencionesNorteamericanas-1916-2016-RepDom05.docx.jpg 1352w, https:\/\/adhilac.com.ar\/wp-content\/uploads\/2016\/02\/LasIntrervencionesNorteamericanas-1916-2016-RepDom05.docx-300x79.jpg 300w, https:\/\/adhilac.com.ar\/wp-content\/uploads\/2016\/02\/LasIntrervencionesNorteamericanas-1916-2016-RepDom05.docx-1024x272.jpg 1024w\" sizes=\"auto, (max-width: 487px) 100vw, 487px\" \/><\/a><\/span><\/p>\n<p><span style=\"text-align: justify;\">UNIVERSIDAD AUT\u00d3NOMA DE SANTO DOMINGO &#8211; FACULTAD DE HUMANIDADES &#8211; ESCUELA DE HISTORIA Y ANTROPOLOG\u00cdA<\/span><\/p>\n<p style=\"text-align: justify;\">ASOCIACI\u00d3N DE HISTORIADORES LATINOAMERICANOS Y DEL CARIBE \u2013ADHILAC-<\/p>\n<p style=\"text-align: justify;\">SEMINARIO INTERNACIONAL &#8211; LAS INTERVENCIONES ESTADOUNIDENSES EN EL CONTINENTE: A LOS CIEN A\u00d1OS DE LA PRIMERA OCUPACI\u00d3N MILITAR A REP\u00daBLICA DOMINICANA\u00a0 1916-2016<!--more--><\/p>\n<p style=\"text-align: justify;\">&nbsp;<\/p>\n<p style=\"text-align: justify;\">Los\u00a0 inicios del siglo XX en el continente americano permanec\u00eda a\u00fan, marcado por la continuaci\u00f3n de la Doctrina Monroe y la pol\u00edtica expansionistas de los Estados Unidos en el mismo, frente a la fragilidad de los nacientes estados nacionales latinoamericanos y caribe\u00f1os, gener\u00f3 una arritmia hist\u00f3rica en nuestros pa\u00edses que ser\u00e1 el objeto central de an\u00e1lisis de las ponencias y mesas de trabajo de este seminario.<\/p>\n<p style=\"text-align: justify;\">&nbsp;<\/p>\n<p style=\"text-align: justify;\">Desde finales del siglo XIX, con el traspaso de la colonia\u00a0 de Puerto Rico a Estados Unidos, la introducci\u00f3n de la enmienda Platt a la constituci\u00f3n cubana en 1901; la separaci\u00f3n en Panam\u00e1\u00a0 de Colombia 1902,\u00a0 la intervenci\u00f3n militar en Nicaragua, la ocupaci\u00f3n de Hait\u00ed 1915 y posteriormente la ocupaci\u00f3n a Rep\u00fablica Dominicana en 1916; consagraron\u00a0\u00a0 el destino del Caribe\u00a0 como una frontera imperial.<\/p>\n<p style=\"text-align: justify;\">&nbsp;<\/p>\n<p style=\"text-align: justify;\">En ese sentido, y en el inter\u00e9s de que las presentes y futuras generaciones conozcan a profundidad\u00a0 la realidad pol\u00edtica, econ\u00f3mica y social que ha vivido Latinoam\u00e9rica durante estos \u00faltimos\u00a0 cien a\u00f1os, convocamos a los acad\u00e9micos, investigadores y p\u00fablico en general a participar de los debates que se llevar\u00e1n a cabo en diferentes\u00a0 mesas de trabajo, en este seminario internacional para conmemorar los cien a\u00f1os de la ocupaci\u00f3n militar estadounidense a la Rep\u00fablica Dominicana de 1916 hasta 1924.<\/p>\n<p>&nbsp;<\/p>\n<p style=\"text-align: justify;\"><strong>Mesas Tem\u00e1ticas de trabajo<\/strong><\/p>\n<p>Las mesas de trabajo estar\u00e1n conformadas por las tres regiones que conforman Latinoam\u00e9rica: Caribe, Sur Am\u00e9rica y Centro Am\u00e9rica,\u00a0 donde se abordar\u00e1n las siguientes\u00a0 cuestiones relativas al tema principal:<\/p>\n<p>.<\/p>\n<p><strong>Mesa I<\/strong><\/p>\n<p style=\"text-align: justify;\"><strong>Antecedentes hist\u00f3ricos mundiales al expansionismo estadounidense en Am\u00e9rica Latina<\/strong>: colonizaci\u00f3n, independencias, revoluciones, oligarqu\u00edas, poder popular, conflictos, modelo econ\u00f3mico, formaci\u00f3n de modelos de enclave.<\/p>\n<p style=\"text-align: justify;\"><strong>Mesa II<\/strong><\/p>\n<p style=\"text-align: justify;\"><strong>Arte, cultura y literatura<\/strong>: elementos de cambios y continuidad, aculturaci\u00f3n, avances y retrocesos de los alcances del arte.\u00a0 Efecto de demostraci\u00f3n\u00a0 m\u00fasica, folklor y carnaval, sistemas educativos, ideolog\u00edas y concepci\u00f3n del mundo, efectos ling\u00fc\u00edsticos.<\/p>\n<p style=\"text-align: justify;\"><strong>Mesa III<\/strong><\/p>\n<p style=\"text-align: justify;\"><strong>Participaci\u00f3n popular<\/strong>: cambios en los procesos de participaci\u00f3n popular, modelos de participaci\u00f3n nacionales y regionales, participaci\u00f3n de la mujer en las actividades pol\u00edticas, sociales y econ\u00f3micas; mujer y lucha de clases, efectos de las intervenciones en el campesinado regional.\u00a0 Obreros e intervenciones.<\/p>\n<p style=\"text-align: justify;\"><strong>Mesa IV<\/strong><\/p>\n<p style=\"text-align: justify;\"><strong>Cambios en la configuraci\u00f3n pol\u00edtica de los pa\u00edses<\/strong>; los intelectuales y escritores frente a las intervenciones, militares, estructuras electorales y ordenamiento territorial y pol\u00edtico.<\/p>\n<p style=\"text-align: justify;\"><strong> <\/strong><\/p>\n<p style=\"text-align: justify;\"><strong>Mesa V<\/strong><\/p>\n<p style=\"text-align: justify;\"><strong>Resistencia armada a las intervenciones<\/strong>: gavilleros del Este, Cac\u00f3s, campesinos, sandinismos, chichoneros, villistas, otras\u00a0 formas de resistencia, movimientos sociales.<\/p>\n<p style=\"text-align: justify;\">&nbsp;<\/p>\n<p style=\"text-align: justify;\"><strong>Metodolog\u00eda: <\/strong><\/p>\n<p style=\"text-align: justify;\">Este seminario se desarrollar\u00e1 en la modalidad de mesas tem\u00e1ticas que estar\u00e1n conformadas por las ponencias agrupadas por regiones, o de manera individual y que sean afines a los temas tratados.\u00a0 Luego una sesi\u00f3n de preguntas y respuestas de cada una. Durante el desarrollo del mismo se dictar\u00e1n tres conferencias magistrales a cargo de especialistas con amplio dominio del tema.<\/p>\n<p style=\"text-align: justify;\">&nbsp;<\/p>\n<p style=\"text-align: justify;\">Para participar, los interesados deben enviar una propuesta de ponencia resumida en no m\u00e1s de 500 palabras,\u00a0 antes <strong>del 25 de mayo de 2016<\/strong>, donde incluya: Datos personales,\u00a0 t\u00edtulo de la ponencia, correo electr\u00f3nico, grado acad\u00e9mico, instituci\u00f3n a la que pertenece, mesa tem\u00e1tica. En el siguiente formato:<\/p>\n<p style=\"text-align: justify;\">&nbsp;<\/p>\n<p style=\"text-align: justify;\">Ponencia completa debe ser enviada antes del <strong>25 de junio de 2016, una semblanza del ponente<\/strong><\/p>\n<p style=\"text-align: justify;\"><strong><br \/>\n<\/strong><\/p>\n<p style=\"text-align: justify;\"><strong>Correos electr\u00f3nicos del comit\u00e9 de recepci\u00f3n de ponencias<\/strong><\/p>\n<p style=\"text-align: justify; padding-left: 30px;\"><strong>Angela Fern\u00e1ndez <\/strong>; <a href=\"mailto:angela_a_f2000@yahoo.es\">angela_a_f2000@yahoo.es<\/a> <a href=\"mailto:afernandez28@uasd.edu.do\">afernandez28@uasd.edu.do<\/a><\/p>\n<p style=\"text-align: justify; padding-left: 30px;\"><strong>Santiago Castro Ventura <\/strong><a href=\"mailto:santiagocastrov@hotmail.com\"><strong>santiagocastrov@hotmail.com<\/strong><\/a><strong> y <\/strong><\/p>\n<p style=\"text-align: justify; padding-left: 30px;\"><strong>Ana Josefa Echavarr\u00eda<\/strong> <a href=\"mailto:ana-je@hotmail.com\">ana-je@hotmail.com<\/a>.<\/p>\n<p style=\"text-align: justify; padding-left: 30px;\"><strong>Amaury P\u00e9rez<\/strong> <a href=\"mailto:amaurygperez@gmail.com\">amaurygperez@gmail.com<\/a><\/p>\n<p style=\"text-align: justify;\">&nbsp;<\/p>\n<p style=\"text-align: justify;\"><strong>Para mayor informaci\u00f3n: <\/strong><\/p>\n<p style=\"text-align: justify;\"><strong>Escuela de Historia y Antropolog\u00eda (809) 535-8273 ext. 5805<\/strong><\/p>\n<p style=\"text-align: justify;\">Las cartas de aceptaci\u00f3n de ponencias ser\u00e1n remitidas una vez el comit\u00e9 acad\u00e9mico las eval\u00fae, en un plazo no mayor de 15 d\u00edas.<\/p>\n<p style=\"text-align: justify;\"><a href=\"https:\/\/adhilac.com.ar\/wp-content\/uploads\/2016\/02\/LasIntrervencionesNorteamericanas-1916-2016-RepDom06.docx.jpg\"><img loading=\"lazy\" decoding=\"async\" class=\"alignnone size-full wp-image-11421\" title=\"LasIntrervencionesNorteamericanas-1916-2016 -RepDom06.docx\" src=\"https:\/\/adhilac.com.ar\/wp-content\/uploads\/2016\/02\/LasIntrervencionesNorteamericanas-1916-2016-RepDom06.docx.jpg\" alt=\"\" width=\"437\" height=\"673\" srcset=\"https:\/\/adhilac.com.ar\/wp-content\/uploads\/2016\/02\/LasIntrervencionesNorteamericanas-1916-2016-RepDom06.docx.jpg 1349w, https:\/\/adhilac.com.ar\/wp-content\/uploads\/2016\/02\/LasIntrervencionesNorteamericanas-1916-2016-RepDom06.docx-194x300.jpg 194w, https:\/\/adhilac.com.ar\/wp-content\/uploads\/2016\/02\/LasIntrervencionesNorteamericanas-1916-2016-RepDom06.docx-665x1024.jpg 665w\" sizes=\"auto, (max-width: 437px) 100vw, 437px\" \/><\/a><\/p>\n<p style=\"text-align: justify;\"><a href=\"https:\/\/adhilac.com.ar\/wp-content\/uploads\/2016\/02\/LasIntrervencionesNorteamericanas-1916-2016-RepDom03.jpg\"><img loading=\"lazy\" decoding=\"async\" class=\"alignnone size-full wp-image-11425\" title=\"LasIntrervencionesNorteamericanas-1916-2016 -RepDom03\" src=\"https:\/\/adhilac.com.ar\/wp-content\/uploads\/2016\/02\/LasIntrervencionesNorteamericanas-1916-2016-RepDom03.jpg\" alt=\"\" width=\"416\" height=\"321\" srcset=\"https:\/\/adhilac.com.ar\/wp-content\/uploads\/2016\/02\/LasIntrervencionesNorteamericanas-1916-2016-RepDom03.jpg 1650w, https:\/\/adhilac.com.ar\/wp-content\/uploads\/2016\/02\/LasIntrervencionesNorteamericanas-1916-2016-RepDom03-300x231.jpg 300w, https:\/\/adhilac.com.ar\/wp-content\/uploads\/2016\/02\/LasIntrervencionesNorteamericanas-1916-2016-RepDom03-1024x791.jpg 1024w\" sizes=\"auto, (max-width: 416px) 100vw, 416px\" \/><\/a><\/p>\n<p style=\"text-align: justify;\"><a href=\"https:\/\/adhilac.com.ar\/wp-content\/uploads\/2016\/02\/LasIntrervencionesNorteamericanas-1916-2016-RepDom041.jpg\"><img loading=\"lazy\" decoding=\"async\" class=\"alignnone size-full wp-image-11423\" title=\"LasIntrervencionesNorteamericanas-1916-2016 -RepDom04\" src=\"https:\/\/adhilac.com.ar\/wp-content\/uploads\/2016\/02\/LasIntrervencionesNorteamericanas-1916-2016-RepDom041.jpg\" alt=\"\" width=\"449\" height=\"347\" srcset=\"https:\/\/adhilac.com.ar\/wp-content\/uploads\/2016\/02\/LasIntrervencionesNorteamericanas-1916-2016-RepDom041.jpg 1650w, https:\/\/adhilac.com.ar\/wp-content\/uploads\/2016\/02\/LasIntrervencionesNorteamericanas-1916-2016-RepDom041-300x231.jpg 300w, https:\/\/adhilac.com.ar\/wp-content\/uploads\/2016\/02\/LasIntrervencionesNorteamericanas-1916-2016-RepDom041-1024x791.jpg 1024w\" sizes=\"auto, (max-width: 449px) 100vw, 449px\" \/><\/a><\/p>\n<p style=\"text-align: justify;\">&nbsp;<\/p>\n<p style=\"text-align: justify;\">&nbsp;<\/p>\n<p style=\"text-align: justify;\"><strong><span style=\"text-decoration: underline;\"> <\/span><\/strong><\/p>\n<p><strong>Publicado por ADHILAC Internacional \u00a9 www.adhilac.com.ar<\/strong><\/p>\n<p>Si Ud. desea asociarse de acuerdo a los Estatutos de ADHILAC\u00a0<a title=\"(ver)\" href=\"https:\/\/adhilac.com.ar\/?page_id=263\">(ver)<\/a> complete el siguiente formulario\u00a0<a title=\"(ver)\" href=\"https:\/\/adhilac.com.ar\/?page_id=3194\">(ver)<\/a><\/p>\n<p>E-mail: info@adhilac.com.ar<\/p>\n<p style=\"text-align: justify;\">&nbsp;<\/p>\n","protected":false},"excerpt":{"rendered":"<p>10-12 julio, 2016. \u00a0Rep\u00fablica\u00a0Dominicana UNIVERSIDAD AUT\u00d3NOMA DE SANTO DOMINGO &#8211; FACULTAD DE HUMANIDADES &#8211; ESCUELA DE HISTORIA Y ANTROPOLOG\u00cdA ASOCIACI\u00d3N DE HISTORIADORES LATINOAMERICANOS Y DEL CARIBE \u2013ADHILAC- SEMINARIO INTERNACIONAL &#8211; LAS INTERVENCIONES ESTADOUNIDENSES EN EL CONTINENTE: A LOS CIEN A\u00d1OS DE LA PRIMERA OCUPACI\u00d3N MILITAR A REP\u00daBLICA DOMINICANA\u00a0 1916-2016<\/p>\n","protected":false},"author":2,"featured_media":0,"comment_status":"closed","ping_status":"closed","sticky":false,"template":"","format":"standard","meta":{"_crdt_document":"","footnotes":""},"categories":[3,5,15,40],"tags":[660,203],"class_list":["post-11417","post","type-post","status-publish","format-standard","hentry","category-adhilac-inter","category-congresos","category-historia","category-informaciones","tag-intervenciones-estadounidenses","tag-republica-dominicana"],"_links":{"self":[{"href":"https:\/\/adhilac.com.ar\/index.php?rest_route=\/wp\/v2\/posts\/11417","targetHints":{"allow":["GET"]}}],"collection":[{"href":"https:\/\/adhilac.com.ar\/index.php?rest_route=\/wp\/v2\/posts"}],"about":[{"href":"https:\/\/adhilac.com.ar\/index.php?rest_route=\/wp\/v2\/types\/post"}],"author":[{"embeddable":true,"href":"https:\/\/adhilac.com.ar\/index.php?rest_route=\/wp\/v2\/users\/2"}],"replies":[{"embeddable":true,"href":"https:\/\/adhilac.com.ar\/index.php?rest_route=%2Fwp%2Fv2%2Fcomments&post=11417"}],"version-history":[{"count":6,"href":"https:\/\/adhilac.com.ar\/index.php?rest_route=\/wp\/v2\/posts\/11417\/revisions"}],"predecessor-version":[{"id":11420,"href":"https:\/\/adhilac.com.ar\/index.php?rest_route=\/wp\/v2\/posts\/11417\/revisions\/11420"}],"wp:attachment":[{"href":"https:\/\/adhilac.com.ar\/index.php?rest_route=%2Fwp%2Fv2%2Fmedia&parent=11417"}],"wp:term":[{"taxonomy":"category","embeddable":true,"href":"https:\/\/adhilac.com.ar\/index.php?rest_route=%2Fwp%2Fv2%2Fcategories&post=11417"},{"taxonomy":"post_tag","embeddable":true,"href":"https:\/\/adhilac.com.ar\/index.php?rest_route=%2Fwp%2Fv2%2Ftags&post=11417"}],"curies":[{"name":"wp","href":"https:\/\/api.w.org\/{rel}","templated":true}]}}