{"id":11437,"date":"2016-08-12T12:20:19","date_gmt":"2016-08-12T15:20:19","guid":{"rendered":"https:\/\/adhilac.com.ar\/?p=11437"},"modified":"2016-08-12T11:36:02","modified_gmt":"2016-08-12T14:36:02","slug":"i-simposio-internacional-de-historia-centroamericana-independencias-y-formacion-de-estados-nacionales-alajuela-costa-rica-7-9-de-septiembre-de-2016","status":"publish","type":"post","link":"https:\/\/adhilac.com.ar\/?p=11437","title":{"rendered":"I Simposio Internacional de Historia Centroamericana: Independencias y Formacion de Estados Nacionales. Alajuela. Costa Rica. 7-9 de septiembre de 2016"},"content":{"rendered":"<div style=\"text-align: justify;\"><strong> <\/strong><\/div>\n<p style=\"text-align: justify;\"><strong><a href=\"https:\/\/adhilac.com.ar\/wp-content\/uploads\/2016\/03\/CostaRicaSept2016.jpg\"><\/a><a href=\"https:\/\/adhilac.com.ar\/wp-content\/uploads\/2016\/07\/I-Simposio-Centroam.jpg\"><img loading=\"lazy\" decoding=\"async\" class=\"alignleft size-full wp-image-11992\" title=\"I Simposio Centroam\" src=\"https:\/\/adhilac.com.ar\/wp-content\/uploads\/2016\/07\/I-Simposio-Centroam.jpg\" alt=\"\" width=\"216\" height=\"320\" srcset=\"https:\/\/adhilac.com.ar\/wp-content\/uploads\/2016\/07\/I-Simposio-Centroam.jpg 600w, https:\/\/adhilac.com.ar\/wp-content\/uploads\/2016\/07\/I-Simposio-Centroam-202x300.jpg 202w\" sizes=\"auto, (max-width: 216px) 100vw, 216px\" \/><\/a>I SIMPOSIO INTERNACIONAL DE HISTORIA CENTROAMERICANA: INDEPENDENCIAS Y FORMACI\u00d3N DE ESTADOS <\/strong><strong>NACIONALES<\/strong><\/p>\n<p style=\"text-align: justify;\"><strong><br \/>\n<\/strong><\/p>\n<p>Museo Hist\u00f3rico Cultural Juan Santamar\u00eda. Alajuela, Costa Rica. 7, 8 y 9 de septiembre de 2016<br \/>\nMuseo Hist\u00f3rico Cultural Juan Santamar\u00eda. Escuela de Historia, Universidad de Costa Rica. Centro de Investigaciones Hist\u00f3ricas de Am\u00e9rica Central (CHIAC). Universidad de Costa Rica. Con la colaboraci\u00f3n de la ADHILAC.<\/p>\n<p style=\"text-align: justify;\"><!--more--><\/p>\n<p style=\"text-align: justify;\">&nbsp;<\/p>\n<p style=\"text-align: justify;\"><strong>PRESENTACI\u00d3N<\/strong><\/p>\n<p style=\"text-align: justify;\"><strong><br \/>\n<\/strong><\/p>\n<p style=\"text-align: justify;\">El Museo Hist\u00f3rico Cultural Juan Santamar\u00eda, la Escuela de Historia y el Centro de Investigaciones Hist\u00f3ricas de Am\u00e9rica Central (CIHAC) de la Universidad de Costa Rica, invitan a participar en el I Simposio Internacional de Historia Centroamericana: Independencias y formaci\u00f3n de Estados Nacionales, que se llevar\u00e1 a cabo los d\u00edas 7, 8 y 9 de septiembre de 2016.<\/p>\n<p style=\"text-align: justify;\">&nbsp;<\/p>\n<p style=\"text-align: justify;\">De cara a las celebraciones del Bicentenario de las Independencias centroamericanas, tenemos el agrado de invitarle a formar parte de esta actividad acad\u00e9mica, que tiene como prop\u00f3sito el intercambio de resultados de investigaciones relacionadas con la emancipaci\u00f3n del dominio espa\u00f1ol y la consecuente formaci\u00f3n de los Estados nacionales, a partir de la primera mitad del siglo XIX.<\/p>\n<p style=\"text-align: justify;\">&nbsp;<\/p>\n<p style=\"text-align: justify;\">La diversidad de temas y discusiones provenientes del estudio de este per\u00edodo hist\u00f3rico, es de sumo inter\u00e9s para el p\u00fablico en general y para los especialistas, raz\u00f3n por la cual estamos llevando a cabo la integraci\u00f3n de esfuerzos entre el Museo Hist\u00f3rico Cultural Juan Santamar\u00eda y la Universidad de Costa Rica, para la organizaci\u00f3n de este evento acad\u00e9mico.<\/p>\n<p style=\"text-align: justify;\">&nbsp;<\/p>\n<p style=\"text-align: justify;\">Esta actividad est\u00e1 dirigida a investigadores, docentes universitarios,maestros y profesores de educaci\u00f3n \u00a0primaria \u00a0y \u00a0secundaria, \u00a0estudiantes \u00a0y \u00a0p\u00fablico \u00a0en \u00a0general, \u00a0interesados \u00a0en \u00a0temas vinculados con la historia de Centroam\u00e9rica, sus nuevas interpretaciones y temas emergentes. Por lo tanto, el Simposio aspira a constituirse en un espacio de difusi\u00f3n del conocimiento de la historia del istmo.<\/p>\n<p style=\"text-align: justify;\">&nbsp;<\/p>\n<p style=\"text-align: justify;\">Durante el Simposio, especialistas nacionales e internacionales desarrollar\u00e1n temas relacionados con el contexto socioecon\u00f3mico, pol\u00edtico y cultural de la regi\u00f3n centroamericana, derivados de las independencias y la constituci\u00f3n de los Estados nacionales, y su activa vinculaci\u00f3n en los mercados internacionales, a partir de la segunda d\u00e9cada del siglo XIX.<\/p>\n<p style=\"text-align: justify;\">&nbsp;<\/p>\n<p style=\"text-align: justify;\">El desarrollo de tem\u00e1ticas transversales, como por ejemplo, la geograf\u00eda hist\u00f3rica, el medioambiente, las identidades regionales, entre otras, representan un importante est\u00edmulo para el p\u00fablico convocado. El abordaje de tales tem\u00e1ticas, escasamente estudiadas en la regi\u00f3n, ser\u00e1 un \u00a0est\u00edmulo para retomar los debates pendientes sobre las Independencias y la formaci\u00f3n de los Estados centroamericanos en torno al per\u00edodo 1821 \u2013 1860.<\/p>\n<p style=\"text-align: justify;\">&nbsp;<\/p>\n<p style=\"text-align: justify;\"><strong>OBJETIVOS<\/strong><\/p>\n<p style=\"text-align: justify;\">&nbsp;<\/p>\n<p style=\"text-align: justify;\"><strong>Objetivo General<\/strong><\/p>\n<p style=\"text-align: justify;\">&nbsp;<\/p>\n<p style=\"text-align: justify;\">Analizar, desde distintos abordajes hist\u00f3ricos, los procesos de las Independencias y construcci\u00f3n<\/p>\n<p style=\"text-align: justify;\">de los Estados nacionales centroamericanos, a partir de la primera mitad del siglo XIX, con el<\/p>\n<p style=\"text-align: justify;\">prop\u00f3sito de divulgar los resultados de estas investigaciones acad\u00e9micas.<\/p>\n<p style=\"text-align: justify;\">&nbsp;<\/p>\n<p style=\"text-align: justify;\"><strong>Objetivos espec\u00edficos<\/strong><\/p>\n<p style=\"text-align: justify;\">1. \u00a0 \u00a0 \u00a0 \u00a0 \u00a0Reconocer las caracter\u00edsticas de las econom\u00edas centroamericanas entre 1821 y 1860, a<\/p>\n<p style=\"text-align: justify;\">trav\u00e9s de los m\u00faltiples procesos hist\u00f3ricos y geogr\u00e1ficos que acompa\u00f1aron su vinculaci\u00f3n en los<\/p>\n<p style=\"text-align: justify;\">mercados internacionales.<\/p>\n<p style=\"text-align: justify;\">2. \u00a0 \u00a0 \u00a0 \u00a0 \u00a0Comprender las din\u00e1micas pol\u00edticas posteriores a la Independencia que derivaron en la<\/p>\n<p style=\"text-align: justify;\">consolidaci\u00f3n de determinadas \u00e9lites criollas, la creaci\u00f3n de las instituciones civiles y antes del<\/p>\n<p style=\"text-align: justify;\">14 los ej\u00e9rcitos nacionales, en perspectiva centroamericana.<\/p>\n<p style=\"text-align: justify;\">3. \u00a0 \u00a0 \u00a0 \u00a0 \u00a0Estudiar, desde \u00a0la perspectiva de la historia social, la problem\u00e1tica demogr\u00e1fica y<\/p>\n<p style=\"text-align: justify;\">\u00e9tnica, \u00a0los \u00a0conflictos \u00a0y \u00a0las \u00a0desigualdades \u00a0sociales, \u00a0la \u00a0din\u00e1mica \u00a0migratoria, \u00a0y \u00a0su<\/p>\n<p style=\"text-align: justify;\">incidencia en los emergentes Estados nacionales.<\/p>\n<p style=\"text-align: justify;\">4. \u00a0 \u00a0 \u00a0 \u00a0 \u00a0Desarrollar la tem\u00e1tica de la historia cultural en la regi\u00f3n durante el periodo 1821 \u2013<\/p>\n<p style=\"text-align: justify;\">1860, con el fin de reconocer algunas de las principales identidades locales, nacionales y regionales en el istmo.<\/p>\n<p style=\"text-align: justify;\">&nbsp;<\/p>\n<p style=\"text-align: justify;\"><strong>METODOLOG\u00cdA<\/strong><\/p>\n<p style=\"text-align: justify;\">El Simposio se ha organizado de la siguiente manera:<\/p>\n<p style=\"text-align: justify;\">1. \u00a0 \u00a0 \u00a0 \u00a0 \u00a0El Simposio tendr\u00e1 una duraci\u00f3n de tres d\u00edas: mi\u00e9rcoles 7, jueves 8 y viernes 9 de setiembre de 2016.<\/p>\n<p style=\"text-align: justify;\">2. \u00a0 \u00a0 \u00a0 \u00a0 \u00a0La sesiones de trabajo iniciar\u00e1n a las 9:00 a.m. y se estima su conclusi\u00f3n hasta las 3:30 p.m.<\/p>\n<p style=\"text-align: justify;\">3. \u00a0 \u00a0 \u00a0 \u00a0 \u00a0Se \u00a0presentar\u00e1n \u00a03 \u00a0ponentes \u00a0por \u00a0mesa. \u00a0Cada \u00a0presentador \u00a0tendr\u00e1 \u00a020 \u00a0minutos \u00a0para exponer su trabajo. Al finalizar cada mesa se abrir\u00e1 un periodo de preguntas de 15 minutos.<\/p>\n<p style=\"text-align: justify;\">4. \u00a0 \u00a0 \u00a0 \u00a0 \u00a0Los invitados centroamericanos cerrar\u00e1n las sesiones diarias con sus conferencias.<\/p>\n<p style=\"text-align: justify;\">5. \u00a0 \u00a0 \u00a0 \u00a0 \u00a0Los escritos derivados de estas ponencias ser\u00e1n entregados, corregidos y listos para su publicaci\u00f3n de noviembre de 2016. Las normas ser\u00e1n enviadas por los organizadores con base en los criterios editoriales solicitados.<\/p>\n<p style=\"text-align: justify;\">&nbsp;<\/p>\n<p style=\"text-align: justify;\"><strong>REALIZACI\u00d3N DEL SIMPOSIO<\/strong><\/p>\n<p style=\"text-align: justify;\">Fecha: \u00a07, 8 y 9 de septiembre de 2016<\/p>\n<p style=\"text-align: justify;\">Horarios:<\/p>\n<p style=\"text-align: justify;\">9:00 a.m. \u2013 10:30 a.m.<\/p>\n<p style=\"text-align: justify;\">11:00a.m. \u2013 12:30 p.m.<\/p>\n<p style=\"text-align: justify;\">2:00 p.m. \u2013 3:30 p.m.<\/p>\n<p style=\"text-align: justify;\">&nbsp;<\/p>\n<p style=\"text-align: justify;\"><strong>ORGANIZACI\u00d3N<\/strong><\/p>\n<p style=\"text-align: justify;\">Museo Hist\u00f3rico Cultural Juan Santamar\u00eda. Escuela de Historia, Universidad de Costa Rica. Centro de Investigaciones Hist\u00f3ricas de Am\u00e9rica Central (CHIAC). Universidad de Costa Rica. Con la colaboraci\u00f3n de la ADHILAC.<\/p>\n<p style=\"text-align: justify;\">&nbsp;<\/p>\n<p style=\"text-align: justify;\"><strong>INFORMES E INSCRIPCIONES<\/strong><\/p>\n<p style=\"text-align: justify;\">I Simposio Internacional de Historia Centroamericana: Independencias y formaci\u00f3n de Estados<\/p>\n<p style=\"text-align: justify;\">Nacionales: 7, 8 y 9 de septiembre de 2016.<\/p>\n<p style=\"text-align: justify;\">Correo electr\u00f3nico:\u00a0<a href=\"mailto:simposio.historia.ca@gmail.co\" target=\"_blank\">simposio.historia.ca@gmail.co<\/a><\/p>\n<p style=\"text-align: justify;\">&nbsp;<\/p>\n<p style=\"text-align: justify;\"><strong>CONTACTOS:<\/strong><\/p>\n<p style=\"text-align: justify;\"><strong>Adri\u00e1n Chaves Mar\u00edn<\/strong><br \/>\nMuseo Hist\u00f3rico Cultural Juan Santamar\u00eda<br \/>\nTel\u00e9fonos: (506) 2441\u20134775 \/ (506) 2442\u20131838 Extensiones: 114 \u00f3 119<br \/>\nCorreo electr\u00f3nico: educaci\u00f3<a href=\"mailto:n@mhcjs.go.cr\" target=\"_blank\">n@mhcjs.go.cr<\/a><\/p>\n<p style=\"text-align: justify;\">&nbsp;<\/p>\n<p style=\"text-align: justify;\"><strong>Elizet Payne Iglesias<\/strong><br \/>\nEscuela de Historia, Universidad de Costa Rica<br \/>\nTel\u00e9fonos: (506) 2511\u20136446 \/ (506) 2511\u20136451<br \/>\nCorreo electr\u00f3nico:\u00a0<a href=\"mailto:epaynei@yahoo.com.mx\" target=\"_blank\">epaynei@yahoo.com.mx<\/a><\/p>\n<p style=\"text-align: justify;\">&nbsp;<\/p>\n<p style=\"text-align: justify;\"><strong>Centro de Investigaciones Hist\u00f3ricas de Am\u00e9rica Central<\/strong><br \/>\nTel\u00e9fonos: 2511\u20134834 \/ 2511\u20135475 \/ 2511\u20134838<br \/>\nCorreo electr\u00f3nico:\u00a0<a href=\"mailto:cihac@ucr.ac.cr\" target=\"_blank\">cihac@ucr.ac.cr<\/a><\/p>\n<p style=\"text-align: justify;\">&nbsp;<\/p>\n<p style=\"text-align: justify;\"><a href=\"https:\/\/adhilac.com.ar\/wp-content\/uploads\/2016\/03\/CostaRicaSept2016.pdf\">INVITACION<\/a><\/p>\n<div style=\"text-align: justify;\">\n<p><a href=\"https:\/\/adhilac.com.ar\/wp-content\/uploads\/2016\/07\/I-Simposio-Centroam.jpg\"><img loading=\"lazy\" decoding=\"async\" class=\"size-full wp-image-11992 alignnone\" title=\"I Simposio Centroam\" src=\"https:\/\/adhilac.com.ar\/wp-content\/uploads\/2016\/07\/I-Simposio-Centroam.jpg\" alt=\"\" width=\"384\" height=\"570\" srcset=\"https:\/\/adhilac.com.ar\/wp-content\/uploads\/2016\/07\/I-Simposio-Centroam.jpg 600w, https:\/\/adhilac.com.ar\/wp-content\/uploads\/2016\/07\/I-Simposio-Centroam-202x300.jpg 202w\" sizes=\"auto, (max-width: 384px) 100vw, 384px\" \/><\/a><\/p>\n<p><a href=\"https:\/\/adhilac.com.ar\/wp-content\/uploads\/2016\/03\/CostaRicaSept2016.jpg\"><img loading=\"lazy\" decoding=\"async\" class=\"alignnone size-full wp-image-11440\" title=\"CostaRicaSept2016\" src=\"https:\/\/adhilac.com.ar\/wp-content\/uploads\/2016\/03\/CostaRicaSept2016.jpg\" alt=\"\" width=\"389\" height=\"64\" srcset=\"https:\/\/adhilac.com.ar\/wp-content\/uploads\/2016\/03\/CostaRicaSept2016.jpg 648w, https:\/\/adhilac.com.ar\/wp-content\/uploads\/2016\/03\/CostaRicaSept2016-300x49.jpg 300w\" sizes=\"auto, (max-width: 389px) 100vw, 389px\" \/><\/a><\/p>\n<p style=\"text-align: center;\"><strong>Publicado por ADHILAC Internacional \u00a9 www.adhilac.com.ar<\/strong><\/p>\n<p style=\"text-align: justify;\">Si Ud. desea asociarse de acuerdo a los Estatutos de ADHILAC\u00a0<a title=\"(ver)\" href=\"https:\/\/adhilac.com.ar\/?page_id=263\">(ver)<\/a> complete el siguiente formulario\u00a0<a title=\"(ver)\" href=\"https:\/\/adhilac.com.ar\/?page_id=3194\">(ver)<\/a><\/p>\n<p style=\"text-align: justify;\">E-mail: info@adhilac.com.ar<\/p>\n<\/div>\n","protected":false},"excerpt":{"rendered":"<p>I SIMPOSIO INTERNACIONAL DE HISTORIA CENTROAMERICANA: INDEPENDENCIAS Y FORMACI\u00d3N DE ESTADOS NACIONALES Museo Hist\u00f3rico Cultural Juan Santamar\u00eda. Alajuela, Costa Rica. 7, 8 y 9 de septiembre de 2016 Museo Hist\u00f3rico Cultural Juan Santamar\u00eda. Escuela de Historia, Universidad de Costa Rica. Centro de Investigaciones Hist\u00f3ricas de Am\u00e9rica Central (CHIAC). Universidad de Costa Rica. Con la colaboraci\u00f3n [&hellip;]<\/p>\n","protected":false},"author":2,"featured_media":0,"comment_status":"closed","ping_status":"closed","sticky":false,"template":"","format":"standard","meta":{"_crdt_document":"","footnotes":""},"categories":[3,5,15,40],"tags":[663,662,49],"class_list":["post-11437","post","type-post","status-publish","format-standard","hentry","category-adhilac-inter","category-congresos","category-historia","category-informaciones","tag-formacion-de-estados-nacionales","tag-historia-centroamericana","tag-independencia"],"_links":{"self":[{"href":"https:\/\/adhilac.com.ar\/index.php?rest_route=\/wp\/v2\/posts\/11437","targetHints":{"allow":["GET"]}}],"collection":[{"href":"https:\/\/adhilac.com.ar\/index.php?rest_route=\/wp\/v2\/posts"}],"about":[{"href":"https:\/\/adhilac.com.ar\/index.php?rest_route=\/wp\/v2\/types\/post"}],"author":[{"embeddable":true,"href":"https:\/\/adhilac.com.ar\/index.php?rest_route=\/wp\/v2\/users\/2"}],"replies":[{"embeddable":true,"href":"https:\/\/adhilac.com.ar\/index.php?rest_route=%2Fwp%2Fv2%2Fcomments&post=11437"}],"version-history":[{"count":12,"href":"https:\/\/adhilac.com.ar\/index.php?rest_route=\/wp\/v2\/posts\/11437\/revisions"}],"predecessor-version":[{"id":11439,"href":"https:\/\/adhilac.com.ar\/index.php?rest_route=\/wp\/v2\/posts\/11437\/revisions\/11439"}],"wp:attachment":[{"href":"https:\/\/adhilac.com.ar\/index.php?rest_route=%2Fwp%2Fv2%2Fmedia&parent=11437"}],"wp:term":[{"taxonomy":"category","embeddable":true,"href":"https:\/\/adhilac.com.ar\/index.php?rest_route=%2Fwp%2Fv2%2Fcategories&post=11437"},{"taxonomy":"post_tag","embeddable":true,"href":"https:\/\/adhilac.com.ar\/index.php?rest_route=%2Fwp%2Fv2%2Ftags&post=11437"}],"curies":[{"name":"wp","href":"https:\/\/api.w.org\/{rel}","templated":true}]}}