{"id":11448,"date":"2016-03-04T07:50:01","date_gmt":"2016-03-04T10:50:01","guid":{"rendered":"https:\/\/adhilac.com.ar\/?p=11448"},"modified":"2016-03-07T07:55:38","modified_gmt":"2016-03-07T10:55:38","slug":"repercusiones-por-el-asesinato-en-honduras-de-la-lider-de-la-comunidad-lenca-berta-caceres-marzo-de-2016","status":"publish","type":"post","link":"https:\/\/adhilac.com.ar\/?p=11448","title":{"rendered":"Repercusiones por el asesinato en Honduras de la l\u00edder de la comunidad Lenca, Berta C\u00e1ceres. Marzo de 2016"},"content":{"rendered":"<h3><span style=\"color: #339966;\">4 de marzo de 1973- 3 de marzo de 2016<\/span><\/h3>\n<p style=\"text-align: justify;\">La vida de Berta C\u00e1ceres ha sido sesgada, privando a Honduras y a la comunidad Lenca de una destacada y premiada luchadora. Transcribimos a continuaci\u00f3n algunas notas:<\/p>\n<p style=\"text-align: center;\">* * *<\/p>\n<p><span style=\"text-align: justify;\">Hondure\u00f1os, mandatarios, activistas ind\u00edgenas y por los DD.HH., diputados, organismos no gubernamentales y hasta el ganador del \u00d3scar, Leonardo Di Caprio, expresaron indignaci\u00f3n por el crimen de la l\u00edder de la comunidad Lenca.\u00a0El mundo ha manifestado conmoci\u00f3n por la muerte de la l\u00edder ind\u00edgena Berta C\u00e1ceres, quien fue asesinada la madrugada del jueves en su residencia, en la provincia hondure\u00f1a de La Esperanza, Intibuc\u00e1 (occidente).<!--more--><\/span><\/p>\n<p style=\"text-align: justify;\">Los primeros en expresar indignaci\u00f3n fueron cientos de hondure\u00f1os que valoraron la lucha de la tambi\u00e9n coordinadora del Consejo de Organizaciones Populares e Ind\u00edgenas del pa\u00eds (COPINH). En el sector La Esperanza manifestaron en contra de la violencia contra activistas y la invasi\u00f3n extranjera en territorio hondure\u00f1o, motivo por el que C\u00e1ceres alz\u00f3 su voz en defensa de los lencas.<\/p>\n<p style=\"text-align: justify;\">Salvador Z\u00faniga, esposo de la luchadora ind\u00edgena, dijo en exclusiva para teleSUR que la muerte de su esposa debe ser investigada a fondo, pues sujetos desconocidos le quitaron la vida por denunciar la expropiaci\u00f3n de sus territorios y el asentamiento de bases militares estadounidenses en la zona.<\/p>\n<p style=\"text-align: justify;\">\u00abEste hecho averg\u00fcenza al pa\u00eds, es un hecho de profundo dolor, y no vamos a descansar hasta que se encuentren a los responsables solo materiales sino intelectuales, que est\u00e1n vinculados a las empresas hidroel\u00e9ctricas\u00bb, dijo Z\u00faniga.Al rechazo de este crimen sum\u00f3 el l\u00edder del Partido Libertad y Refundaci\u00f3n (Libre), Manuel Zelaya, quien como diputado exigi\u00f3 en el Congreso hondure\u00f1o esclarecer la muerte de C\u00e1ceres, y defendi\u00f3 la lucha de la comunidad Lenca.<\/p>\n<p style=\"text-align: justify;\">\u00abBerta dec\u00eda que busquemos las represas para tener una energ\u00eda limpia pero quer\u00eda la participaci\u00f3n de las comunidades\u00bb, recalc\u00f3 el expresidente hondure\u00f1o en rueda de prensa. (1)<\/p>\n<p style=\"text-align: justify;\">Fuente:\u00a0Telesur.\u00a03 de marzo de 2016 (1)<\/p>\n<p style=\"text-align: center;\">* * *<\/p>\n<p style=\"text-align: justify;\">&nbsp;<\/p>\n<p style=\"text-align: justify;\"><strong>Honduras: matan a Berta C\u00e1ceres, la activista que le torci\u00f3 la mano al Banco Mundial y a China<\/strong><\/p>\n<div style=\"text-align: justify;\">Alejandra Martins<\/div>\n<div style=\"text-align: justify;\">\n<p>La ecologista Berta C\u00e1ceres, conocida activista de Honduras, fue asesinada este jueves en la madrugada en La Esperanza, en el oeste del pa\u00eds.<\/p>\n<p>C\u00e1ceres era l\u00edder de la comunidad ind\u00edgena lenca y una prominente defensora de los derechos humanos. De acuerdo con fuentes locales, los asesinos entraron a la fuerza en su vivienda para cometer el crimen.<\/p>\n<p>La madre de C\u00e1ceres revel\u00f3 que la polic\u00eda dice que se trat\u00f3 de un intento de robo.\u00bbPero todos sabemos que fue por su lucha\u00bb, agreg\u00f3 en declaraciones recogidas por la agencia AFP.<\/p>\n<p>En abril de 2015, esa lucha le vali\u00f3 a Berta C\u00e1ceres el\u00a0Premio Medioambiental Goldman, el m\u00e1ximo reconocimiento mundial para activistas de medio ambiente.<\/p>\n<p>Fue entonces cuando\u00a0<em>BBC Mundo la entrevist\u00f3 y public\u00f3 el siguiente art\u00edculo.<\/em><\/p>\n<p>&nbsp;<\/p>\n<p><strong>Ni las amenazas de violarla y lincharla. Ni las amenazas de atacar a su madre y secuestrar a sus hijas. Ni el asesinato de sus compa\u00f1eros<\/strong>.<\/p>\n<p>&nbsp;<\/p>\n<p>Nada ha podido detener la lucha de\u00a0una mujer hondure\u00f1a.<\/p>\n<p>&nbsp;<\/p>\n<p>Una madre de cuatro hijos cuya campa\u00f1a contra un pol\u00e9mico proyecto hidroel\u00e9ctrico con financiaci\u00f3n internacional le vali\u00f3 esta semana uno de los premios ambientales m\u00e1s prestigiosos globalmente, el\u00a0premio Goldman.<\/p>\n<p>&nbsp;<\/p>\n<p>Berta C\u00e1ceres organiz\u00f3 al pueblo lenca, la mayor etnia ind\u00edgena de Honduras, en su lucha contra la represa de Agua Zarca. La construcci\u00f3n estaba prevista en el noroeste del pa\u00eds en el R\u00edo Gualcarque, sagrado para las comunidades ind\u00edgenas y vital para su supervivencia.<\/p>\n<p>&nbsp;<\/p>\n<p>La campa\u00f1a emprendida por C\u00e1ceres\u00a0logr\u00f3 que el constructor m\u00e1s grande de represas a nivel mundial, la compa\u00f1\u00eda de propiedad estatal china Sinohydro, retirara su participaci\u00f3n en el proyecto hidroel\u00e9ctrico. La Corporaci\u00f3n Financiera Internacional, instituci\u00f3n del Banco Mundial que invierte en el sector privado, tambi\u00e9n abandon\u00f3 la iniciativa.<\/p>\n<p>Pero las amenazas de muerte contra C\u00e1ceres no han cesado en el pa\u00eds centroamericano, el m\u00e1s peligroso en todo el mundo para los defensores ambientales, seg\u00fan un informe divulgado esta semana por Global Witness, una ONG con sede en Londres.<\/p>\n<p>&nbsp;<\/p>\n<p><strong>Asesinatos<\/strong><\/p>\n<p>&nbsp;<\/p>\n<p>El informe titulado \u00ab\u00bfCu\u00e1ntos m\u00e1s?\u00bb se\u00f1ala que en 2014 Honduras fue\u00a0el pa\u00eds que registr\u00f3 m\u00e1s asesinatos per capita de defensores del ambiente en todo el mundo.<\/p>\n<p>De las 116 muertes de ambientalistas que se documentaron el a\u00f1o pasado \u2013el n\u00famero real puede ser mayor\u2013 casi tres cuartas partas ocurrieron en Am\u00e9rica Latina, especialmente en Honduras, Brasil y Per\u00fa.<\/p>\n<p>En el caso de Honduras, entre 2002 y 2014 se produjeron\u00a0111 asesinatos de activistas ambientales en territorio hondure\u00f1o. \u00abM\u00e1s de 80 tuvieron lugar s\u00f3lo en los \u00faltimos tres a\u00f1os en una regi\u00f3n, Bajo Agu\u00e1n\u00bb, dijo Chris Moye, de Global Witness, a la BBC.<\/p>\n<p>La ONG cuestiona que mientras los gobiernos se re\u00fanen constantemente a discutir en foros globales el cambio clim\u00e1tico, quienes est\u00e1n a la vanguardia de la defensa de r\u00edos y bosques mueren impunemente sin siquiera generar cobertura en la prensa internacional.<\/p>\n<p>Para Chris Moye, el caso de Berta C\u00e1ceres es representativo de la\u00a0persecuci\u00f3n sistem\u00e1tica a la que se enfrentan los defensores del ambiente en Honduras.<\/p>\n<p>\u00bfCu\u00e1l es la historia de esta mujer cuyo pueblo se considera guardi\u00e1n de los r\u00edos?<\/p>\n<p>&nbsp;<\/p>\n<p><strong>\u00abAprend\u00ed de mi madre\u00bb<\/strong><\/p>\n<p>C\u00e1ceres asegura que aprendi\u00f3 de su madre el sentido de la justicia.<br \/>\nSu madre, do\u00f1a Berta, fue partera, enfermera y alcaldesa y en la peor \u00e9poca de la represi\u00f3n de los 80 se dedic\u00f3 atender la salud de refugiadas salvadore\u00f1as.\u00bbCrec\u00ed en un hogar dirigido s\u00f3lo por mi mam\u00e1 y desde temprano ella trabaj\u00f3 en la defensa de los derechos humanos\u00bb.<\/p>\n<p>\u00abA mi madre le toc\u00f3 vivir dictaduras, golpes de Estado, y hasta hoy en d\u00eda\u00a0me motiva para continuar con esta lucha\u00bb.<\/p>\n<p>La actitud frente a la vida de do\u00f1a Berta marc\u00f3 profundamente a su hija. De ni\u00f1a ayud\u00f3 a su madre, particip\u00f3 luego activamente en organizaciones estudiantiles y en 1993 cofund\u00f3 el Consejo C\u00edvico de Organizaciones Populares e Ind\u00edgenas de Honduras, COPINH.<\/p>\n<p>&nbsp;<\/p>\n<p><strong>\u00abPueblo milenario\u00bb<\/strong><\/p>\n<p>La defensa de la naturaleza es parte del ADN de C\u00e1ceres y est\u00e1 enraizada en su\u00a0identidad lenca.<\/p>\n<p>\u00abActualmente somos m\u00e1s de 400 mil lencas. Somos un pueblo milenario en Honduras y el oriente de El Salvador\u00bb.<\/p>\n<p>\u00abNos consideramos custodios de la naturaleza, de la tierra, y sobre todo de los r\u00edos\u00bb, dijo C\u00e1ceres a la BBC.<\/p>\n<p>En la tradici\u00f3n lenca, en los r\u00edos residen los esp\u00edritus femeninos y las mujeres son sus principales guardianas.<\/p>\n<p>Una de las mayores luchas por esos r\u00edos ha sido de Agua Zarca.<\/p>\n<p>&nbsp;<\/p>\n<p><strong>La represa de Agua Zarca<\/strong><\/p>\n<p>&nbsp;<\/p>\n<p>Fue en 2006 que la comunidad lenca de R\u00edo Blanco busc\u00f3 la ayuda de la organizaci\u00f3n fundada por C\u00e1ceres.<\/p>\n<p>\u00abComenz\u00f3 a ingresar maquinaria pesada al lugar. Ah\u00ed se dieron cuenta que era un\u00a0proyecto hidroel\u00e9ctrico, nadie del gobierno les hab\u00eda comunicado nada\u00bb.<\/p>\n<p>El proyecto de la represa de Agua Zarca fue aprobado con una concesi\u00f3n a la empresa hondure\u00f1a Desarrollos Energ\u00e9ticos SA, DESA, que inicialmente logr\u00f3 el respaldo de la compa\u00f1\u00eda china Sinohydro. (2)<\/p>\n<p>La organizaci\u00f3n que concedi\u00f3 el premio a C\u00e1ceres se\u00f1ala que a partir del golpe de estado de 2009, Honduras vio un aumento explosivo de megaproyectos, especialmente vinculados a la provisi\u00f3n de\u00a0energ\u00eda barata para concesiones mineras.<\/p>\n<p>La represa de Agua Zarca \u00abhubiera significado desplazamientos y hubiera impedido a la comunidad desarrollar sus actividades agr\u00edcolas. No s\u00f3lo se privatiza el r\u00edo sino varios kil\u00f3metros a la redonda\u00bb, dijo C\u00e1ceres a la BBC.<\/p>\n<p>En esos proyectos \u00abel r\u00edo deja de ser de las comunidades y pasa a manos privadas\u00bb.<\/p>\n<p><strong>Bloqueo y \u00abhostigamiento militar\u00bb<\/strong><\/p>\n<p>En m\u00e1s de 150 asambleas ind\u00edgenas las comunidades lencas expresaron el rechazo a la construcci\u00f3n de la represa sobre el r\u00edo Gualcarque.<\/p>\n<p>El proyecto hidroel\u00e9ctrico neg\u00f3, seg\u00fan C\u00e1ceres, el derecho de consulta libre, previa e informada, garantizada en el convenio 169 de la OIT sobre pueblos ind\u00edgenas, ratificado por Honduras.<\/p>\n<p>Ante la falta de respuesta del gobierno, en 2010 C\u00e1ceres llev\u00f3 la protesta a la capital, Tegucigalpa, para exigir al Congreso el rechazo al proyecto hidroel\u00e9ctrico.<\/p>\n<p>\u00abPero\u00a0otorgaron los r\u00edos a empresas privadas por m\u00e1s de 30 a\u00f1os\u00bb.<\/p>\n<p>Finalmente, en 2013, el pueblo lenca comenz\u00f3 una toma indefinida de carreteras para impedir la entrada de maquinaria.<\/p>\n<p>El bloqueo dur\u00f3 m\u00e1s de un a\u00f1o y fue seg\u00fan C\u00e1ceres uno de los per\u00edodos m\u00e1s dif\u00edciles.<\/p>\n<p>\u00abHab\u00eda presencia y hostigamiento militar, policial, guardias privados, sicarios. Incluso la polic\u00eda hizo acciones en que apunt\u00f3 los ca\u00f1ones de sus fusiles a las cabezas de ni\u00f1os y ni\u00f1as y ancianos de R\u00edo Blanco\u00bb.<\/p>\n<p>Tres l\u00edderes lenca fueron asesinados durante la campa\u00f1a de Agua Zarca, seg\u00fan Global Witness.<\/p>\n<p>Uno de ellos fue Tom\u00e1s Garc\u00eda. El militar que le dispar\u00f3 durante el bloqueo fue detenido por unos d\u00edas y luego puesto en libertad.<\/p>\n<p><strong>El retiro del gigante chino<\/strong><\/p>\n<p>A finales de 2013, Sinohydro dio por terminado el contrato con DESA, se\u00f1alando p\u00fablicamente como motivo la continua resistencia comunitaria.<\/p>\n<p>La Corporaci\u00f3n Financiera Internacional retir\u00f3 posteriormente su financiaci\u00f3n citando inquietudes sobre violaciones de los derechos humanos.<\/p>\n<p>Y organizaciones internacionales como Amigos de la Tierra instan ahora a otra empresa, la alemana Voith Hydro, a que abandone su respaldo al proyecto.<\/p>\n<p><strong>Derechos humanos<\/strong><\/p>\n<p>El proyecto de Agua Zarca est\u00e1 detenido por el momento.<\/p>\n<p>\u00abPero amenazan con construir en otro punto, aguas arriba. Y tambi\u00e9n est\u00e1 Blue Energy, otro proyecto sobre el r\u00edo Cangel, con capitales estadounidenses y canadienses\u00bb, por el que C\u00e1ceres asegura haber recibido\u00a0m\u00faltiples amenazas.<br \/>\nLuego de una visita a la regi\u00f3n en diciembre, la Comisi\u00f3n Interamericana de Derechos Humanos denunci\u00f3 \u00abreportes que apuntan a una completa ausencia de las medidas m\u00e1s b\u00e1sicas para dar respuesta a denuncias de graves violaciones a los derechos humanos (\u2026) a pesar de patrones de violencia identificados por organizaciones campesinas en relaci\u00f3n a la posible participaci\u00f3n del Estado en los presuntos incidentes\u00bb.\u00bbSabemos que es muy duro y que es una situaci\u00f3n que se va a agravar\u00bb.<\/p>\n<p>El pa\u00eds fue retirado de la lista negra de la Comisi\u00f3n, algo que seg\u00fan la misma s\u00f3lo implica un sistema de monitoreo distinto.<\/p>\n<p>El gobierno hondure\u00f1o recogi\u00f3 la medida el 27 de enero de 2015 con una declaraci\u00f3n en el sitio presidencial: \u00abPor primera vez, despu\u00e9s de cinco a\u00f1os, un gobierno logra que Honduras sea excluida de la\u00a0Lista Negra de la Comisi\u00f3n Interamericana de Derechos Humanos, lo que demuestra el firme compromiso del presidente Juan Orlando Hern\u00e1ndez en garantizar que se respeten los derechos humanos de los hondure\u00f1os\u00bb.<\/p>\n<p><strong>\u00abMe lo dijo el r\u00edo\u00bb<\/strong><\/p>\n<p>Dos de los hijos de C\u00e1ceres ya abandonaron Honduras por temores de seguridad.<\/p>\n<p>\u00abCuando iniciamos la lucha contra Agua Zarca yo sab\u00eda lo duro que iba a ser pero sab\u00eda que \u00edbamos a triunfar, me lo dijo el r\u00edo\u00bb.<\/p>\n<p>\u00abSeguiremos ya no s\u00f3lo como pueblo lenca sino con otras organizaciones con la esperanza de cambiar la situaci\u00f3n en nuestro pa\u00eds\u00bb, dijo C\u00e1ceres a la BBC.<\/p>\n<p>\u00abNo nos queda otro camino m\u00e1s que luchar\u00bb.<\/p>\n<p>&nbsp;<\/p>\n<p>Fuente: BBC Mundo &#8211; 3 marzo 2016 (3)<br \/>\nNotas(1) \u00a0 http:\/\/www.telesurtv.net\/news\/El-mundo-conmocionado-por-asesinato-de-Berta-Caceres-20160304-0005.html. \u00a0(2)<\/p>\n<p>(2)\u00a0Entre las empresas que intentaron construir una represa en \u00a0se encuentra Desarrollos Energ\u00e9ticos SA (DESA) y Sinohydro.\u00a0Desarrollos Energ\u00e9ticos (DESA) participa de diferentes actividades empresariales &#8211; desde construcci\u00f3n de carreteras a la generaci\u00f3n de energ\u00eda el\u00e9ctrica -, de asesoramiento y de \u00a0investigaci\u00f3n, \u00a0en Argentina, Belice, Costa Rica, \u00a0Rep\u00fablica Dominicana, \u00a0Guatemala, Honduras, \u00a0M\u00e9xico, \u00a0Nicaragua, \u00a0Panam\u00e1, Taiw\u00e1n, El Salvador, Colombia.La empresa Desarrollos Energ\u00e9tico (DESA) tiene gran actividad empresarial, as\u00ed tambi\u00e9n de asesoramiento e investigaci\u00f3n en Costa Rica, El Salvador, Guatemala y Honduras. \u00a0En el caso espec\u00edfico de Honduras, pa\u00eds cuyo presidente Manuel Zelaya fue derrocado en 2009, \u00a0est\u00e1 desarrollando variados proyectos (energ\u00eda solar, e\u00f3lica e hidroel\u00e9ctrico, infraestructura vial, transporte, bancaria y financiera, radares, programas de desarrollo rural, educaci\u00f3n y ense\u00f1anza). En cuanto a Sinohydro es una empresa China creada en la d\u00e9cada de 1950 con presencia en 80 pa\u00edses de \u00c1frica, Am\u00e9rica y Asia, dedic\u00e1ndose a emprendimientos hidroel\u00e9ctricos y la construcci\u00f3n. (Nota de ADHILAC)<\/p>\n<p>(3) http:\/\/www.bbc.com\/mundo\/noticias\/2015\/04\/150423_honduras_berta_caceres_am?ocid=socialflow_twitter<\/p>\n<\/div>\n<p style=\"text-align: justify;\">&nbsp;<\/p>\n","protected":false},"excerpt":{"rendered":"<p>4 de marzo de 1973- 3 de marzo de 2016 La vida de Berta C\u00e1ceres ha sido sesgada, privando a Honduras y a la comunidad Lenca de una destacada y premiada luchadora. Transcribimos a continuaci\u00f3n algunas notas: * * * Hondure\u00f1os, mandatarios, activistas ind\u00edgenas y por los DD.HH., diputados, organismos no gubernamentales y hasta el [&hellip;]<\/p>\n","protected":false},"author":2,"featured_media":0,"comment_status":"closed","ping_status":"closed","sticky":false,"template":"","format":"standard","meta":{"_crdt_document":"","footnotes":""},"categories":[40],"tags":[116,665,306,664],"class_list":["post-11448","post","type-post","status-publish","format-standard","hentry","category-informaciones","tag-derechos-humanos","tag-ecologia","tag-honduras","tag-violencia-institucional"],"_links":{"self":[{"href":"https:\/\/adhilac.com.ar\/index.php?rest_route=\/wp\/v2\/posts\/11448","targetHints":{"allow":["GET"]}}],"collection":[{"href":"https:\/\/adhilac.com.ar\/index.php?rest_route=\/wp\/v2\/posts"}],"about":[{"href":"https:\/\/adhilac.com.ar\/index.php?rest_route=\/wp\/v2\/types\/post"}],"author":[{"embeddable":true,"href":"https:\/\/adhilac.com.ar\/index.php?rest_route=\/wp\/v2\/users\/2"}],"replies":[{"embeddable":true,"href":"https:\/\/adhilac.com.ar\/index.php?rest_route=%2Fwp%2Fv2%2Fcomments&post=11448"}],"version-history":[{"count":4,"href":"https:\/\/adhilac.com.ar\/index.php?rest_route=\/wp\/v2\/posts\/11448\/revisions"}],"predecessor-version":[{"id":11452,"href":"https:\/\/adhilac.com.ar\/index.php?rest_route=\/wp\/v2\/posts\/11448\/revisions\/11452"}],"wp:attachment":[{"href":"https:\/\/adhilac.com.ar\/index.php?rest_route=%2Fwp%2Fv2%2Fmedia&parent=11448"}],"wp:term":[{"taxonomy":"category","embeddable":true,"href":"https:\/\/adhilac.com.ar\/index.php?rest_route=%2Fwp%2Fv2%2Fcategories&post=11448"},{"taxonomy":"post_tag","embeddable":true,"href":"https:\/\/adhilac.com.ar\/index.php?rest_route=%2Fwp%2Fv2%2Ftags&post=11448"}],"curies":[{"name":"wp","href":"https:\/\/api.w.org\/{rel}","templated":true}]}}