{"id":11455,"date":"2016-03-08T14:24:51","date_gmt":"2016-03-08T17:24:51","guid":{"rendered":"https:\/\/adhilac.com.ar\/?p=11455"},"modified":"2016-03-09T14:23:36","modified_gmt":"2016-03-09T17:23:36","slug":"la-agenda-de-obama-en-argentina-leandro-morgenfeld-buenos-aires-16-de-marzo-de-2016","status":"publish","type":"post","link":"https:\/\/adhilac.com.ar\/?p=11455","title":{"rendered":"La agenda de Obama en Argentina. Leandro Morgenfeld. Buenos Aires. 16 de marzo de 2016"},"content":{"rendered":"<h3 style=\"text-align: justify;\"><span style=\"color: #339966;\"> <\/span><\/h3>\n<h3><span style=\"font-size: 1.17em; text-align: justify; color: #339966;\"><a href=\"https:\/\/adhilac.com.ar\/wp-content\/uploads\/2016\/03\/ObamaEnArgentina-Morgenfeld.jpg\"><img loading=\"lazy\" decoding=\"async\" class=\"alignleft size-full wp-image-11456\" title=\"ObamaEnArgentina-Morgenfeld\" src=\"https:\/\/adhilac.com.ar\/wp-content\/uploads\/2016\/03\/ObamaEnArgentina-Morgenfeld.jpg\" alt=\"\" width=\"212\" height=\"164\" srcset=\"https:\/\/adhilac.com.ar\/wp-content\/uploads\/2016\/03\/ObamaEnArgentina-Morgenfeld.jpg 983w, https:\/\/adhilac.com.ar\/wp-content\/uploads\/2016\/03\/ObamaEnArgentina-Morgenfeld-300x231.jpg 300w\" sizes=\"auto, (max-width: 212px) 100vw, 212px\" \/><\/a><\/span><span style=\"color: #339966;\">\u00bfQu\u00e9 lazos se avecinan con Estados Unidos?\u201d<\/span><\/h3>\n<p style=\"text-align: justify;\">En el Panel \u201cObama en Argentina. \u00bfQu\u00e9 lazos se avecinan con Estados Unidos?\u201d Carlos Escud\u00e9, Julio Gambina, Telma Luzzani y Leandro Morgenfeld.<\/p>\n<p style=\"text-align: justify;\">El mismo tendr\u00e1 lugar el\u00a0mi\u00e9rcoles 16 de marzo de 2016 a las 19 hs. <!--more-->en el Multiespacio Circuito 5, S\u00e1nchez de Bustamante 543 de la Ciudad Aut\u00f3noma de Buenos Aires, Argentina.<\/p>\n<p>Vea tambi\u00e9n<\/p>\n<p><a href=\"https:\/\/www.vecinosenconflicto.blogspot.com\/\" target=\"_blank\">www.vecinosenconflicto.blogspot.com<\/a><\/p>\n<p><strong>Publicado por ADHILAC Internacional \u00a9 www.adhilac.com.ar<\/strong><\/p>\n<p>Si Ud. desea asociarse de acuerdo a los Estatutos de ADHILAC\u00a0<a title=\"(ver)\" href=\"https:\/\/adhilac.com.ar\/?page_id=263\">(ver)<\/a> complete el siguiente formulario\u00a0<a title=\"(ver)\" href=\"https:\/\/adhilac.com.ar\/?page_id=3194\">(ver)<\/a><\/p>\n<p>E-mail: info@adhilac.com.ar<\/p>\n<h3 style=\"text-align: justify;\"><\/h3>\n<h3 style=\"text-align: justify;\"><\/h3>\n","protected":false},"excerpt":{"rendered":"<p>\u00bfQu\u00e9 lazos se avecinan con Estados Unidos?\u201d En el Panel \u201cObama en Argentina. \u00bfQu\u00e9 lazos se avecinan con Estados Unidos?\u201d Carlos Escud\u00e9, Julio Gambina, Telma Luzzani y Leandro Morgenfeld. El mismo tendr\u00e1 lugar el\u00a0mi\u00e9rcoles 16 de marzo de 2016 a las 19 hs.<\/p>\n","protected":false},"author":2,"featured_media":0,"comment_status":"closed","ping_status":"closed","sticky":false,"template":"","format":"standard","meta":{"_crdt_document":"","footnotes":""},"categories":[5,15,40],"tags":[67,164,666],"class_list":["post-11455","post","type-post","status-publish","format-standard","hentry","category-congresos","category-historia","category-informaciones","tag-argentina","tag-estados-unidos","tag-obama"],"_links":{"self":[{"href":"https:\/\/adhilac.com.ar\/index.php?rest_route=\/wp\/v2\/posts\/11455","targetHints":{"allow":["GET"]}}],"collection":[{"href":"https:\/\/adhilac.com.ar\/index.php?rest_route=\/wp\/v2\/posts"}],"about":[{"href":"https:\/\/adhilac.com.ar\/index.php?rest_route=\/wp\/v2\/types\/post"}],"author":[{"embeddable":true,"href":"https:\/\/adhilac.com.ar\/index.php?rest_route=\/wp\/v2\/users\/2"}],"replies":[{"embeddable":true,"href":"https:\/\/adhilac.com.ar\/index.php?rest_route=%2Fwp%2Fv2%2Fcomments&post=11455"}],"version-history":[{"count":3,"href":"https:\/\/adhilac.com.ar\/index.php?rest_route=\/wp\/v2\/posts\/11455\/revisions"}],"predecessor-version":[{"id":11458,"href":"https:\/\/adhilac.com.ar\/index.php?rest_route=\/wp\/v2\/posts\/11455\/revisions\/11458"}],"wp:attachment":[{"href":"https:\/\/adhilac.com.ar\/index.php?rest_route=%2Fwp%2Fv2%2Fmedia&parent=11455"}],"wp:term":[{"taxonomy":"category","embeddable":true,"href":"https:\/\/adhilac.com.ar\/index.php?rest_route=%2Fwp%2Fv2%2Fcategories&post=11455"},{"taxonomy":"post_tag","embeddable":true,"href":"https:\/\/adhilac.com.ar\/index.php?rest_route=%2Fwp%2Fv2%2Ftags&post=11455"}],"curies":[{"name":"wp","href":"https:\/\/api.w.org\/{rel}","templated":true}]}}