{"id":11462,"date":"2016-03-08T12:57:52","date_gmt":"2016-03-08T15:57:52","guid":{"rendered":"https:\/\/adhilac.com.ar\/?p=11462"},"modified":"2016-03-09T14:23:12","modified_gmt":"2016-03-09T17:23:12","slug":"aldo-ferrer-murio-a-los-88-anos-en-buenos-aires-9-de-marzo-de-2016","status":"publish","type":"post","link":"https:\/\/adhilac.com.ar\/?p=11462","title":{"rendered":"Aldo Ferrer muri\u00f3 a los 88 a\u00f1os en Buenos Aires. 8 de marzo de 2016"},"content":{"rendered":"<h3><span style=\"color: #339966;\">Un cr\u00edtico del pensamiento neoliberal<\/span><\/h3>\n<p style=\"text-align: justify;\">Formado en el pensamiento cepalino de la segunda posguerra escribi\u00f3 <em>La Econ\u00f3mica Argentina. Desde sus origenes hasta principios del siglo XXI<\/em> que revis\u00f3 a lo largo de varias reediciones desde 1963 brindando un interesante aporte a la Historia Econ\u00f3mica.<\/p>\n<p><a href=\"https:\/\/adhilac.com.ar\/wp-content\/uploads\/2016\/03\/AldoFerrer.jpg\"><img loading=\"lazy\" decoding=\"async\" class=\"alignnone size-full wp-image-11466\" title=\"AldoFerrer\" src=\"https:\/\/adhilac.com.ar\/wp-content\/uploads\/2016\/03\/AldoFerrer.jpg\" alt=\"\" width=\"409\" height=\"285\" srcset=\"https:\/\/adhilac.com.ar\/wp-content\/uploads\/2016\/03\/AldoFerrer.jpg 756w, https:\/\/adhilac.com.ar\/wp-content\/uploads\/2016\/03\/AldoFerrer-300x209.jpg 300w\" sizes=\"auto, (max-width: 409px) 100vw, 409px\" \/><\/a><\/p>\n<p><span style=\"text-align: justify;\"><!--more-->Fue Ministro de Econom\u00eda de los gobiernos de facto de Roberto Marcelo Levingston y Alejandro Agustin Lanusse. <\/span><\/p>\n<p style=\"text-align: justify;\">Fue el primer Secretario Ejecutivo del Consejo Latinoamericano de Ciencias Sociales (CLACSO) entre 1967 y 1970. Ra\u00fal Alfons\u00edn lo nombr\u00f3 como presidente del Banco Central de la Rep\u00fablica Argentina (1983-1987). Fue presidente de la Comisi\u00f3n Nacional de Energ\u00eda At\u00f3mica bajo el gobierno de Fernando de la R\u00faa (1999-2001). El gobierno de N\u00e9stor Kirchner lo nombr\u00f3 como director de ENARSA (1) en 2006. Asimismo partic\u00edp\u00f3 del Grupo F\u00e9nix desde 2000. (2)\u00a0Entre sus trabajos se puede mencionar:<\/p>\n<p style=\"text-align: justify; padding-left: 30px;\">&#8211; <em>El Estado y el desarrollo econ\u00f3mico<\/em>, Editorial Raigal, Buenos Aires, 1956.<\/p>\n<p style=\"text-align: justify; padding-left: 30px;\">&#8211; <em>La posguerra<\/em>, El Cid Editor, Buenos Aires, 1982.- Poner la casa en orden, El Cid Editor, Buenos Aires, 1984.<\/p>\n<p style=\"text-align: justify; padding-left: 30px;\">&#8211; <em>Historia de la Globalizaci\u00f3n II<\/em>, Fondo de Cultura Econ\u00f3mica, Buenos Aires, 1996.- El Capitalismo Argentino, Fondo de Cultura Econ\u00f3mica, Buenos Aires, 1997.<\/p>\n<p style=\"text-align: justify; padding-left: 30px;\">&#8211; <em>Hechos y ficciones de la globalizaci\u00f3n: Argentina y el Mercosur en el sistema internacional,<\/em> Fondo de Cultura Econ\u00f3mica, Buenos Aires, 1997.<\/p>\n<p style=\"text-align: justify; padding-left: 30px;\">&#8211; <em>De Crist\u00f3bal Col\u00f3n a Internet: Am\u00e9rica Latina y la globalizaci\u00f3n<\/em>, Fondo de Cultura Econ\u00f3mica, Buenos Aires, 2000.<\/p>\n<p style=\"text-align: justify; padding-left: 30px;\">&#8211; <em>La Econom\u00eda Argentina. Desde sus origenes hasta principios del siglo XXI<\/em>. Fondo De Cultura Econ\u00f3mica, Buenos Aires, 2004 (1.\u00aa. Ed. 1963).<\/p>\n<p style=\"text-align: justify; padding-left: 30px;\">&#8211; <em>La Densidad Nacional.<\/em> Ci Capital Intelectual, Buenos Aires, 2005.<\/p>\n<p style=\"text-align: justify;\">A continuaci\u00f3n transcribimos el\u00a0\u00faltimo trabajo publicado acerca del papel de los fondos buitres.<\/p>\n<p style=\"text-align: justify;\">&nbsp;<\/p>\n<p style=\"text-align: center;\">* * *<\/p>\n<p style=\"text-align: justify;\">&nbsp;<\/p>\n<p>&nbsp;<\/p>\n<div>\n<div id=\"header\">\n<p><strong>La negociaci\u00f3n con los buitres,\u00a0por Aldo Ferrer<\/strong><\/p>\n<\/div>\n<\/div>\n<div>\n<div id=\"body\">\n<p style=\"text-align: justify;\">La cuesti\u00f3n central en el conflicto con los buitres es la respuesta al siguiente interrogante: \u00bfsu resoluci\u00f3n es indispensable o solo conveniente para el curso futuro de la econom\u00eda argentina? En el primer caso, se impondr\u00e1 la demanda de los buitres y la negociaci\u00f3n es, en realidad, una ficci\u00f3n. En el segundo, la negociaci\u00f3n es real porque puede no haber acuerdo, si el costo de la demanda de la contraparte es mayor que sus beneficios.<\/p>\n<p>La evidencia es abrumadora en el sentido de que los buitres son un problema de segunda importancia y, por lo tanto, que el arreglo es conveniente pero no indispensable. Por las siguientes razones:<\/p>\n<p>1. En los canjes de 2005 y 2010, Argentina logr\u00f3 la reestructuraci\u00f3n de deuda soberana m\u00e1s exitosa de la historia, sin pedirle nada a nadie. Es decir, sin la participaci\u00f3n del FMI ni el visto bueno de los mercados financieros. La deuda pendiente no alcanza a 3000 millones de d\u00f3lares, menos del 8 por ciento del total de la declarada en default en la crisis del 2001. El supuesto aumento de la pendiente a 12.000 millones de d\u00f3lares, por intereses ca\u00eddos, ignora que, el pago a los buitres habr\u00eda desarmado la reestructuraci\u00f3n de la deuda e implicado un premio a la especulaci\u00f3n y el castigo, a la inmensa mayor\u00eda de los inversores, que facilitaron la recuperaci\u00f3n de la econom\u00eda argentina. Estar\u00edamos, otra vez, como en la crisis del 2001.<\/p>\n<p>2. Hace una d\u00e9cada que los fondos buitre, tenedores del 50 por ciento de la deuda pendiente, vienen litigando contra el pa\u00eds. Plantearon el embargo de bienes argentinos, en alrededor de 900 demandas en diversos pa\u00edses. El hecho m\u00e1s sonado fue el de la fragata \u00abLibertad\u00bb. No tuvieron \u00e9xito en ning\u00fan caso. El pa\u00eds mantiene relaciones econ\u00f3micas normales con todo el mundo. Los buitres son especuladores despreciados en el escenario mundial. Operamos en un orden internacional, dentro del cual la inmunidad soberana de los Estados pone l\u00edmites a la extrapolaci\u00f3n de la jurisdicci\u00f3n de tribunales nacionales sobre terceros pa\u00edses. La razonabilidad de la posici\u00f3n argentina ha sido respaldada por la Asamblea General de las Naciones Unidas y la opini\u00f3n de los analistas m\u00e1s destacados en el escenario internacional.<\/p>\n<p>3. Los problemas principales de la econom\u00eda est\u00e1n en la esfera interna: el d\u00e9ficit del comercio de manufacturas de origen industrial y la consecuente restricci\u00f3n externa, la inflaci\u00f3n, el desequilibrio fiscal, entre otros. Ninguno se resuelve por el pago a los buitres.<\/p>\n<p>4. El conflicto obedece a la ausencia de normas internacionales para resolver los default de deudas soberanas. La exitosa reestructuraci\u00f3n de m\u00e1s del 92 por ciento de la deuda en default, cumple con exceso los l\u00edmites para la resoluci\u00f3n de las quiebras en las jurisdicciones nacionales. Las dificultades de tenedores de deuda reestructurada para recibir los pagos realizados por el gobierno argentino es responsabilidad de quien provoca la interrupci\u00f3n de la cadena de pagos.<\/p>\n<p>5. La suposici\u00f3n que, despu\u00e9s del arreglo con los buitres, van a llegar las inversiones, es una ficci\u00f3n. Ning\u00fan inversor, argentino o extranjero, que tenga un buen proyecto, deja de realizarlo por el conflicto con los buitres. El buen \u00abclima de inversiones\u00bb depende de la gobernabilidad de la econom\u00eda, la paz social, la seguridad jur\u00eddica, los espacios de rentabilidad y el ritmo de transformaci\u00f3n de la estructura productiva para incorporar tecnolog\u00eda y agregar valor.<\/p>\n<p>6. El pago a los buitres no es suficiente para que las agencias evaluadoras de riesgo mejoren la calificaci\u00f3n de la deuda argentina, con la consecuente baja de la tasa de inter\u00e9s. Es previsible que exigir\u00e1n, adem\u00e1s, un plan econ\u00f3mico y financiero respaldado por el FMI.<\/p>\n<p>Es por estas y otras razones, que el acuerdo con los buitres no resuelve ning\u00fan problema fundamental ni garantiza la baja de la tasa de inter\u00e9s y la entrada de inversiones extranjeras. En resumen, el acuerdo es \u00fatil, porque remueve algunos obst\u00e1culos, pero no indispensable.<\/p>\n<p>\u00bfCu\u00e1les deber\u00edan ser los l\u00edmites de la oferta argentina? Los mismos que la de los canjes del 2005 y 2010, como lo plante\u00f3 el gobierno anterior. Es una oferta generosa. Representa una excelente ganancia para los buitres, considerando el precio \u00ednfimo al cual adquirieron sus t\u00edtulos y los costos y p\u00e9rdida de tiempo, que soport\u00f3 el pa\u00eds, por pleitear con los buitres. Cuanto mayor sea el desv\u00edo de la pr\u00f3xima oferta del Gobierno respecto de ese l\u00edmite, peor ser\u00e1 la calificaci\u00f3n que merecer\u00e1n los actuales negociadores, en t\u00e9rminos de la defensa del desarrollo, los derechos y la soberan\u00eda de la Argentina. El contenido del acuerdo revelar\u00e1 la inspiraci\u00f3n del actual gobierno respecto de la autonom\u00eda de la pol\u00edtica econ\u00f3mica y la soberan\u00eda.<\/p>\n<p>El Gobierno no debe hacerse ilusiones de que un acuerdo satisfactorio es posible por la \u00abrazonabilidad\u00bb de los buitres. El rechazo de estos al necesario car\u00e1cter p\u00fablico de las negociaciones, es un primer ejemplo. Para defender con eficacia el derecho y los intereses del pa\u00eds, es indispensable que el Gobierno asuma la posibilidad de que no se alcance un acuerdo razonable y, los buitres, tomen nota que, en definitiva, no cobrar\u00edan nunca.<\/p>\n<p>La negociaci\u00f3n con los buitres es un primer paso en la definici\u00f3n de la estrategia de financiamiento internacional. Est\u00e1 planteada, al mismo tiempo, la alternativa de ratificar la soberan\u00eda recuperada con la cancelaci\u00f3n de la deuda con el FMI o volver a solicitar su asistencia, con las condicionalidades incluidas. Es preciso, por lo tanto, que el Gobierno explicite la totalidad de su pol\u00edtica de financiamiento internacional y la procese por las v\u00edas institucionales correspondientes.<\/p>\n<p>Durante la \u00abguerra fr\u00eda\u00bb, el presidente Kennedy afirm\u00f3: \u00abNunca hay que tener miedo de negociar y nunca hay que negociar con miedo\u00bb. No hay raz\u00f3n alguna para que los negociadores del nuevo Gobierno act\u00faen con \u00abmiedo\u00bb. Es decir, que supongan que el arreglo con los buitres es una cuesti\u00f3n de \u00abvida o muerte\u00bb. Existe un nivel de deuda externa p\u00fablica y privada entre los m\u00e1s bajos del mundo y los bancos est\u00e1n rentables, con carteras s\u00f3lidas, fondeados en pesos, sin burbujas especulativas ni descalce de monedas.<\/p>\n<p>Podr\u00edamos estar m\u00e1s fuertes, si conserv\u00e1ramos el \u00absuper\u00e1vit gemelo\u00bb en el presupuesto y el balance de pagos y aumentaran la reservas internacionales. De todos modos, el pa\u00eds conserva la fortaleza suficiente para negociar sin miedo ni urgencias.<\/p>\n<p style=\"text-align: justify;\">Fuente:\u00a0De la Redacci\u00f3n de Diario Registrado \/ Mi\u00e9rcoles 9 de Marzo de 2016<\/p>\n<p style=\"text-align: justify;\">http:\/\/www.diarioregistrado.com\/economia\/fondos-buitre&#8211;el-ultimo-articulo-de-aldo-ferrer_a56e00466f869e069753d9df9<\/p>\n<p style=\"text-align: justify;\">&nbsp;<\/p>\n<p style=\"text-align: justify;\"><strong>NOTAS<\/strong><\/p>\n<p style=\"text-align: justify;\">(1) Energ\u00eda Argentina SA empresa destinada a estudiar, explorar y estudiar los recursos de hidrocarburos, como tambi\u00e9n su transporte, distribuci\u00f3n, comercializaci\u00f3n e industrializaci\u00f3n. El Estado nacional<\/p>\n<p style=\"text-align: justify;\">(2) Grupo conformado en 2000 para enfrentar la crisis econ\u00f3mica que estall\u00f3 en diciembre de 2001 en la Argentina. El Grupo Fenix ha convocado a docentes e investigadores, muchos de ellos vinculados a la Facultad de Ciencias Econ\u00f3micas de la Universidad de Buenos Aires. Centraron su an\u00e1lisis y sus propuestas desde un punto de vista cr\u00edtico con el Consenso de Washington que estableci\u00f3 recetas neoliberales para Am\u00e9rica Latina. Junto a Aldo Ferrer tambi\u00e9n participaron, Eduardo Basualdo, Enrique Arceo, Daniel Aspiazu, Ricardo Aronskind, Mario Rapoport, Jorge Gaggero , Abraham Leonardo Gak, Jorge Kats, Javier Lindenboim, Mercedes Marc\u00f3 del Pont, Arturo O&#8217;Connel, H\u00e9ctor Valle, Oscar Oszlak entre otros.<\/p>\n<p><strong>Publicado por ADHILAC Internacional \u00a9 www.adhilac.com.ar<\/strong><\/p>\n<p>Si Ud. desea asociarse de acuerdo a los Estatutos de ADHILAC\u00a0<a title=\"(ver)\" href=\"https:\/\/adhilac.com.ar\/?page_id=263\">(ver)<\/a> complete el siguiente formulario\u00a0<a title=\"(ver)\" href=\"https:\/\/adhilac.com.ar\/?page_id=3194\">(ver)<\/a><\/p>\n<p>E-mail: info@adhilac.com.ar<\/p>\n<p style=\"text-align: justify;\">&nbsp;<\/p>\n<\/div>\n<\/div>\n<p style=\"text-align: justify;\">&nbsp;<\/p>\n","protected":false},"excerpt":{"rendered":"<p>Un cr\u00edtico del pensamiento neoliberal Formado en el pensamiento cepalino de la segunda posguerra escribi\u00f3 La Econ\u00f3mica Argentina. Desde sus origenes hasta principios del siglo XXI que revis\u00f3 a lo largo de varias reediciones desde 1963 brindando un interesante aporte a la Historia Econ\u00f3mica.<\/p>\n","protected":false},"author":2,"featured_media":0,"comment_status":"closed","ping_status":"closed","sticky":false,"template":"","format":"standard","meta":{"_crdt_document":"","footnotes":""},"categories":[384,351,40],"tags":[67,130],"class_list":["post-11462","post","type-post","status-publish","format-standard","hentry","category-cientistas-sociales","category-historiadores","category-informaciones","tag-argentina","tag-historia-economica"],"_links":{"self":[{"href":"https:\/\/adhilac.com.ar\/index.php?rest_route=\/wp\/v2\/posts\/11462","targetHints":{"allow":["GET"]}}],"collection":[{"href":"https:\/\/adhilac.com.ar\/index.php?rest_route=\/wp\/v2\/posts"}],"about":[{"href":"https:\/\/adhilac.com.ar\/index.php?rest_route=\/wp\/v2\/types\/post"}],"author":[{"embeddable":true,"href":"https:\/\/adhilac.com.ar\/index.php?rest_route=\/wp\/v2\/users\/2"}],"replies":[{"embeddable":true,"href":"https:\/\/adhilac.com.ar\/index.php?rest_route=%2Fwp%2Fv2%2Fcomments&post=11462"}],"version-history":[{"count":5,"href":"https:\/\/adhilac.com.ar\/index.php?rest_route=\/wp\/v2\/posts\/11462\/revisions"}],"predecessor-version":[{"id":11471,"href":"https:\/\/adhilac.com.ar\/index.php?rest_route=\/wp\/v2\/posts\/11462\/revisions\/11471"}],"wp:attachment":[{"href":"https:\/\/adhilac.com.ar\/index.php?rest_route=%2Fwp%2Fv2%2Fmedia&parent=11462"}],"wp:term":[{"taxonomy":"category","embeddable":true,"href":"https:\/\/adhilac.com.ar\/index.php?rest_route=%2Fwp%2Fv2%2Fcategories&post=11462"},{"taxonomy":"post_tag","embeddable":true,"href":"https:\/\/adhilac.com.ar\/index.php?rest_route=%2Fwp%2Fv2%2Ftags&post=11462"}],"curies":[{"name":"wp","href":"https:\/\/api.w.org\/{rel}","templated":true}]}}