{"id":11474,"date":"2016-03-08T13:30:58","date_gmt":"2016-03-08T16:30:58","guid":{"rendered":"https:\/\/adhilac.com.ar\/?p=11474"},"modified":"2016-03-10T13:38:53","modified_gmt":"2016-03-10T16:38:53","slug":"conferencia-magistral-a-40-anos-del-golpe-militar-de-1976-en-la-argentina-tucuman-11-de-marzo-de-2016","status":"publish","type":"post","link":"https:\/\/adhilac.com.ar\/?p=11474","title":{"rendered":"Conferencia magistral a 40 a\u00f1os del golpe militar de 1976 en la Argentina. Tucum\u00e1n. 11 de marzo de 2016"},"content":{"rendered":"<div>\n<h3 style=\"text-align: justify;\"><span style=\"color: #339966;\">\u201c<strong>A 40 A\u00f1os del Golpe Genocida: Construimos Memoria y Futuro<\/strong>\u201d<br \/>\n<\/span><\/h3>\n<p><strong>Daniel Feierstein Doctor en Ciencias Sociales e Investigador del CONICET &#8211; UBA.<\/strong><\/p>\n<p><em><em> <\/em><\/p>\n<p style=\"display: inline !important;\">CONFERENCIA MAGISTRAL:<\/p>\n<p style=\"display: inline !important;\">&nbsp;<\/p>\n<p style=\"display: inline !important;\">&nbsp;<\/p>\n<p>\u00bf<strong>Genocidio? Consecuencias te\u00f3rico- pol\u00edticas de los distintos modos de nombrar a los cr\u00edmenes masivos estatales<\/strong>\u00ab.<!--more--><\/em><\/div>\n<p style=\"text-align: justify;\"><span style=\"font-family: arial, helvetica, sans-serif;\"> <\/span><\/p>\n<div>\u200b<\/div>\n<p style=\"text-align: justify;\"><span style=\"font-family: arial, helvetica, sans-serif;\">El\u00a0<strong>viernes 11 de marzo<\/strong>, a las 18:30 hs. en el sal\u00f3n auditorio del Centro Cultural Eugenio Flavio Virla, tendr\u00e1 lugar una Conferencia Magistral a cargo del\u00a0<strong>Dr. DANIEL FEIERSTEIN<\/strong> titulada:\u00a0\u00ab<em> <\/em><\/span><\/p>\n<div>\u200b\u200b<\/div>\n<p style=\"text-align: justify;\"><span style=\"font-family: arial, helvetica, sans-serif;\"><em>\u00bf<strong>Genocidio? Consecuencias te\u00f3rico- pol\u00edticas de los distintos modos de nombrar a los cr\u00edmenes masivos estatales<\/strong>\u00ab.<\/em><\/span><\/p>\n<p style=\"text-align: justify;\"><span style=\"font-family: arial, helvetica, sans-serif;\"><br \/>\n<\/span><\/p>\n<p style=\"text-align: justify;\"><span style=\"font-family: arial, helvetica, sans-serif;\">Daniel Feierstein es soci\u00f3logo,\u00a0 Doctor en Ciencias Sociales e Investigador del CONICET. Se desempe\u00f1a como profesor titular de la c\u00e1tedra An\u00e1lisis de las Pr\u00e1cticas Sociales Genocidas en la Facultad de Ciencias Sociales de la Universidad de Buenos Aires y como director del Centro de Estudios sobre Genocidio de la Universidad Nacional de Tres de Febrero. Es destacable tambi\u00e9n su rol de\u00a0<strong>Presidente de la Asociaci\u00f3n Internacional de Estudios sobre Genocidio (IAGS)<\/strong><\/span><\/p>\n<p style=\"text-align: justify;\"><span style=\"font-family: arial, helvetica, sans-serif;\"><br \/>\n<\/span><\/p>\n<p style=\"text-align: justify;\"><span style=\"font-family: arial, helvetica, sans-serif;\">Es autor de numerosos libros, entre los que se destacan: \u201c<em>El genocidio como pr\u00e1ctica social. Entre el nazismo y la experiencia argentina<\/em>\u201d\u00a0(2007),\u00a0\u201c<em>Memorias y representaciones. Sobre la elaboraci\u00f3n del genocidio\u201d<\/em> (2012) y\u00a0\u201c<em>Juicios: sobre la elaboraci\u00f3n del genocidio II\u201d<\/em> (2015). Sus investigaciones abordan la relaci\u00f3n entre justicia, \u00a0memoria y cr\u00edmenes masivos estatales, raz\u00f3n por la cual son insumo diario en las sentencias judiciales y la labor de la justicia en las causas penales por los cr\u00edmenes de lesa humanidad cometidos en la d\u00e9cada del 70 en Argentina.<\/span><\/p>\n<p style=\"text-align: justify;\"><span style=\"font-family: arial, helvetica, sans-serif;\"><br \/>\n<\/span><\/p>\n<p style=\"text-align: justify;\"><span style=\"font-family: arial, helvetica, sans-serif;\">Feierstein disertar\u00e1 en el marco de las actividades del mes de la Memoria, en el ciclo denominado: \u201c<strong><em>A 40 A\u00f1os del Golpe Genocida: Construimos Memoria y Futuro<\/em><\/strong>\u201d, el cual es organizado por la Fundaci\u00f3n Memorias e Identidades del Tucum\u00e1n, la Fundaci\u00f3n ANDHES y la Secretaria de Derechos Humanos del Gobierno de Tucum\u00e1n y cuenta con el auspicio de la Secretaria de Extensi\u00f3n de la UNT, el Instituto Superior de Estudios Sociales (UNT \u2013 CONICET) y el Ente del Bicentenario.<\/span><\/p>\n<div style=\"text-align: justify;\">\n<div><span style=\"font-family: arial, helvetica, sans-serif;\"> \u200b<strong>Publicado por ADHILAC Internacional \u00a9 www.adhilac.com.ar<\/strong><\/p>\n<p>Si Ud. desea asociarse de acuerdo a los Estatutos de ADHILAC\u00a0<a title=\"(ver)\" href=\"https:\/\/adhilac.com.ar\/?page_id=263\">(ver)<\/a> complete el siguiente formulario\u00a0<a title=\"(ver)\" href=\"https:\/\/adhilac.com.ar\/?page_id=3194\">(ver)<\/a><\/p>\n<p>E-mail: info@adhilac.com.ar<\/p>\n<p><\/span><\/div>\n<\/div>\n<p style=\"text-align: justify;\">&nbsp;<\/p>\n","protected":false},"excerpt":{"rendered":"<p>\u201cA 40 A\u00f1os del Golpe Genocida: Construimos Memoria y Futuro\u201d Daniel Feierstein Doctor en Ciencias Sociales e Investigador del CONICET &#8211; UBA. CONFERENCIA MAGISTRAL: &nbsp; &nbsp; \u00bfGenocidio? Consecuencias te\u00f3rico- pol\u00edticas de los distintos modos de nombrar a los cr\u00edmenes masivos estatales\u00ab.<\/p>\n","protected":false},"author":2,"featured_media":0,"comment_status":"closed","ping_status":"closed","sticky":false,"template":"","format":"standard","meta":{"_crdt_document":"","footnotes":""},"categories":[15,40],"tags":[67,116,128],"class_list":["post-11474","post","type-post","status-publish","format-standard","hentry","category-historia","category-informaciones","tag-argentina","tag-derechos-humanos","tag-golpe-de-estado"],"_links":{"self":[{"href":"https:\/\/adhilac.com.ar\/index.php?rest_route=\/wp\/v2\/posts\/11474","targetHints":{"allow":["GET"]}}],"collection":[{"href":"https:\/\/adhilac.com.ar\/index.php?rest_route=\/wp\/v2\/posts"}],"about":[{"href":"https:\/\/adhilac.com.ar\/index.php?rest_route=\/wp\/v2\/types\/post"}],"author":[{"embeddable":true,"href":"https:\/\/adhilac.com.ar\/index.php?rest_route=\/wp\/v2\/users\/2"}],"replies":[{"embeddable":true,"href":"https:\/\/adhilac.com.ar\/index.php?rest_route=%2Fwp%2Fv2%2Fcomments&post=11474"}],"version-history":[{"count":1,"href":"https:\/\/adhilac.com.ar\/index.php?rest_route=\/wp\/v2\/posts\/11474\/revisions"}],"predecessor-version":[{"id":11475,"href":"https:\/\/adhilac.com.ar\/index.php?rest_route=\/wp\/v2\/posts\/11474\/revisions\/11475"}],"wp:attachment":[{"href":"https:\/\/adhilac.com.ar\/index.php?rest_route=%2Fwp%2Fv2%2Fmedia&parent=11474"}],"wp:term":[{"taxonomy":"category","embeddable":true,"href":"https:\/\/adhilac.com.ar\/index.php?rest_route=%2Fwp%2Fv2%2Fcategories&post=11474"},{"taxonomy":"post_tag","embeddable":true,"href":"https:\/\/adhilac.com.ar\/index.php?rest_route=%2Fwp%2Fv2%2Ftags&post=11474"}],"curies":[{"name":"wp","href":"https:\/\/api.w.org\/{rel}","templated":true}]}}