{"id":11547,"date":"2016-04-14T20:15:20","date_gmt":"2016-04-14T23:15:20","guid":{"rendered":"https:\/\/adhilac.com.ar\/?p=11547"},"modified":"2016-04-15T20:42:18","modified_gmt":"2016-04-15T23:42:18","slug":"el-proceso-de-cambio-en-cuba-diario-el-pais","status":"publish","type":"post","link":"https:\/\/adhilac.com.ar\/?p=11547","title":{"rendered":"El proceso de cambio en Cuba. Diario El Pa\u00eds"},"content":{"rendered":"<h3 style=\"text-align: justify;\"><span style=\"color: #339966;\">11 cubanos proponen sus prioridades de cara al congreso del Partido Comunista<\/span><\/h3>\n<div style=\"text-align: justify;\">\n<p><strong>EL PA\u00cdS pulsa voces diversas ante el trascendental c\u00f3nclave del partido \u00fanico<\/strong><\/p>\n<p>PABLO DE LLANO<\/p>\n<\/div>\n<p style=\"text-align: justify;\">\n<div>\n<div>M\u00e9xico\u00a014 ABR 2016 &#8211; 21:36\t<abbr>ART<!--more--><\/abbr><\/div>\n<\/div>\n<p id=\"articulo_contenedor\" style=\"text-align: justify;\"><img loading=\"lazy\" decoding=\"async\" class=\"alignnone\" title=\"Un cartel proselitista en La Habana.\" src=\"http:\/\/ep01.epimg.net\/internacional\/imagenes\/2016\/04\/15\/america\/1460673842_999267_1460678811_noticia_normal.jpg\" alt=\"Un cartel proselitista en La Habana.\" width=\"588\" height=\"199\" \/>Un Cartel proselitista en La Habana. ERNESTO MASTRASCUSA\u00a0EFE<\/p>\n<div id=\"cuerpo_noticia\">\n<p>Desde este s\u00e1bado hasta el martes el Partido Comunista de Cuba celebra su\u00a0VII Congreso. En pleno restablecimiento de relaciones con EE UU pero con la apertura al mercado ralentizada, se espera que el partido \u00fanico refuerce vectores de\u00a0liberalizaci\u00f3n como el emprendimiento privado y la inversi\u00f3n extranjera, mientras se da por hecho que no se esbozar\u00e1 ning\u00fan horizonte de democratizaci\u00f3n pol\u00edtica. De cara al evento, EL PA\u00cdS consult\u00f3 a un grupo diverso de cubanos sus prioridades.<\/p>\n<p><a name=\"sumario_2\"><\/a><\/p>\n<div>\n<div><img loading=\"lazy\" decoding=\"async\" class=\"alignleft\" src=\"http:\/\/ep01.epimg.net\/internacional\/imagenes\/2016\/04\/15\/america\/1460673842_999267_1460674372_sumariofototexto_normal.jpg\" alt=\"\" width=\"140\" height=\"140\" \/><\/p>\n<div>\n<h3><\/h3>\n<h3>Cira Romero, 70 a\u00f1os, ensayista<\/h3>\n<p>1. Econom\u00eda. Es el tema cardinal, pues de su avance o retroceso depende todo o casi todo en mi pa\u00eds, desde la supervivencia diaria hasta problem\u00e1ticas \u00e9ticas. Si progresa habr\u00eda alivio, si se repliega o se dilata ser\u00eda fatal.<\/p>\n<p>2. Eficiencia. Suprimir el exceso de burocratismo que reina en los niveles de decisi\u00f3n, sobre todo si se trata de negociar con capital extranjero.<\/p>\n<p>3. Mercado laboral. Ser\u00eda deseable eliminar la f\u00f3rmula de prohibir a las empresas for\u00e1neas que seleccionen por s\u00ed mismas el personal con el que quieran trabajar.<\/p>\n<p>Cira Romero es especialista en Literatura cubana y vive en La Habana.<\/p>\n<\/div>\n<\/div>\n<div><img loading=\"lazy\" decoding=\"async\" class=\"alignright\" src=\"http:\/\/ep01.epimg.net\/internacional\/imagenes\/2016\/04\/15\/america\/1460673842_999267_1460677627_sumariofototexto_normal.jpg\" alt=\"\" width=\"140\" height=\"140\" \/><\/p>\n<div>\n<h3>Dagoberto Rodr\u00edguez y Marco Castillo, 47 y 44 a\u00f1os, artistas<\/h3>\n<p>1. Pluripartidismo. Elecciones libres y directas.<\/p>\n<p>2. Econom\u00eda. Es imprescindible una moneda \u00fanica y libertad econ\u00f3mica plena con derecho de importaci\u00f3n, exportaci\u00f3n e inversi\u00f3n ilimitada.<\/p>\n<p>3. Sanidad. El estado agota su presupuesto en una asistencia sanitaria gratuita pero mediocre. Debe existir una opci\u00f3n privada tanto en la salud como en la ense\u00f1anza. Si la gente ya est\u00e1 pagando extras a profesores y doctores, \u00bfpor qu\u00e9 no hacerlo oficial?<\/p>\n<p>Dagoberto Rodr\u00edguez y Marco Castillo forman\u00a0Los Carpinteros, d\u00fao de arte contempor\u00e1neo. Viven entre La Habana y Madrid.<\/p>\n<\/div>\n<\/div>\n<div><img loading=\"lazy\" decoding=\"async\" class=\"alignleft\" src=\"http:\/\/ep01.epimg.net\/internacional\/imagenes\/2016\/04\/15\/america\/1460673842_999267_1460675092_sumariofototexto_normal.jpg\" alt=\"\" width=\"140\" height=\"140\" \/><\/p>\n<div>\n<h3>Carlos Alzugaray, 72 a\u00f1os, diplom\u00e1tico<\/h3>\n<p>1. Pymes. Pronunciarse a favor de la existencia de las peque\u00f1as y medianas empresas. Esta ser\u00eda la reforma clave para hacer m\u00e1s eficiente la econom\u00eda.<\/p>\n<p>2. Nueva Constituci\u00f3n. Convocar a la elaboraci\u00f3n de una nueva Constituci\u00f3n, no s\u00f3lo porque la existente est\u00e1 superada por los cambios econ\u00f3micos sino porque el retiro de la generaci\u00f3n hist\u00f3rica har\u00eda imprescindible un dise\u00f1o institucional que garantice que los dirigentes respondan ante el pueblo y act\u00faen en base a claras reglas democr\u00e1ticas.<\/p>\n<p>3. Reforma electoral. Los principios que rigen las elecciones municipales (nominaci\u00f3n directa de los candidatos por la ciudadan\u00eda y un m\u00ednimo de dos candidatos por cada curul) deber\u00edan ser aplicados a las elecciones provinciales y nacionales. Ello aparejado a una ampliaci\u00f3n de los espacios de debate p\u00fablico y la ratificaci\u00f3n de la regla de tope de dos mandatos.<\/p>\n<p>Carlos Alzugaray trabaj\u00f3 en embajadas cubanas desde los a\u00f1os sesenta hasta los noventa. Es miembro del PCC desde 1981 y vive en La Habana.<\/p>\n<\/div>\n<\/div>\n<div><img loading=\"lazy\" decoding=\"async\" class=\"alignright\" src=\"http:\/\/ep01.epimg.net\/internacional\/imagenes\/2016\/04\/15\/america\/1460673842_999267_1460675341_sumariofototexto_normal.jpg\" alt=\"\" width=\"140\" height=\"140\" \/><\/p>\n<div>\n<h3>David V\u00e1zquez, 26 a\u00f1os, periodista<\/h3>\n<p>1. Modelo. La nueva realidad obliga a acelerar los cambios, pero \u00bfa d\u00f3nde vamos?, \u00bfcu\u00e1l es el modelo?, \u00bfqu\u00e9 tanto vamos a tomar prestado de las mejores pr\u00e1cticas del capitalismo?, \u00bfc\u00f3mo se proteger\u00e1n los logros sociales y culturales?<\/p>\n<p>2. Identidad. La apertura econ\u00f3mica y el restablecimiento de relaciones con Estados Unidos ponen en riesgo algunos elementos de la nacionalidad y de la cultura. \u00bfC\u00f3mo la Revoluci\u00f3n preservar\u00e1 lo mejor de esa cultura? Durante a\u00f1os se ha intentado desterrar las pr\u00e1cticas de mercado dentro de la cultura. \u00bfC\u00f3mo protegeremos esos avances?<\/p>\n<p>3. Internet. Falta claridad en que es una herramienta extremadamente \u00fatil para el desarrollo en todas las esferas de un pa\u00eds y que puede fortalecer la participaci\u00f3n de los ciudadanos.<\/p>\n<p>David V\u00e1zquez es director del portal sobre tecnolog\u00eda y sociedad\u00a0Cachivache Media y vive en La Habana.<\/p>\n<\/div>\n<\/div>\n<div><img loading=\"lazy\" decoding=\"async\" class=\"alignleft\" src=\"http:\/\/ep01.epimg.net\/internacional\/imagenes\/2016\/04\/15\/america\/1460673842_999267_1460675605_sumariofototexto_normal.jpg\" alt=\"\" width=\"140\" height=\"140\" \/><\/p>\n<div>\n<h3>Odette Casamayor, 43 a\u00f1os, acad\u00e9mica<\/h3>\n<p>1. Elecciones. Reconocer la diversidad de expresi\u00f3n y de filiaci\u00f3n pol\u00edtica como condici\u00f3n previa para la convocatoria de elecciones libres.<\/p>\n<p>2. Cuotas. Ser\u00eda adecuado generar un sistema proporcional a la composici\u00f3n de la poblaci\u00f3n que garantice la igualdad de acceso y oportunidades. Tambi\u00e9n penalizar las expresiones p\u00fablicas discriminatorias de g\u00e9nero, orientaci\u00f3n sexual o raza. As\u00ed se evitar\u00eda la divulgaci\u00f3n de frases como \u201cNegro, \u00bft\u00fa eres sueco?\u201d, titular de una cr\u00edtica contra Obama publicada en\u00a0Tribuna de La Habana.<\/p>\n<p>3. Expatriados. Deber\u00edan eliminarse las draconianas regulaciones actuales y reducirse el gravamen de los tr\u00e1mites de viaje y pasaporte \u2013uno de los m\u00e1s caros del mundo\u2013 impuestos por el Estado cubano.<\/p>\n<p>Odette Casamayor-Cisneros es escritora y profesora de Literatura y Cultura Latinoamericanas en la Universidad de Connecticut. Vive en West Hartford, Connecticut (Estados Unidos).<\/p>\n<\/div>\n<\/div>\n<div><img loading=\"lazy\" decoding=\"async\" class=\"alignright\" src=\"http:\/\/ep01.epimg.net\/internacional\/imagenes\/2016\/04\/15\/america\/1460673842_999267_1460675971_sumariofototexto_normal.jpg\" alt=\"\" width=\"140\" height=\"140\" \/><\/p>\n<div>\n<h3>Jos\u00e9 Daniel Ferrer, 45 a\u00f1os, disidente pol\u00edtico<\/h3>\n<p>1. Econom\u00eda. Necesitamos una reforma que permita sacar a nuestra patria de la profunda crisis en la que las erradas pol\u00edticas del castrismo la han hundido, verdadera libertad econ\u00f3mica y un marco legal que la proteja y atraiga la inversi\u00f3n extranjera.<\/p>\n<p>2. Derechos civiles. Restablecer las libertades fundamentales de expresi\u00f3n, prensa, asociaci\u00f3n, reuni\u00f3n y manifestaci\u00f3n pac\u00edficas.<\/p>\n<p>3. Elecciones. Debe gestarse una nueva Ley Electoral que permita en el a\u00f1o 2018 elecciones libres, democr\u00e1ticas, plurales, competitivas y justas para que los cubanos podamos asumir responsablemente el camino que consideremos mejor.<\/p>\n<p>Jos\u00e9 Daniel Ferrer es coordinador de\u00a0Uni\u00f3n Patri\u00f3tica de Cuba (UNPACU) y vive en Santiago de Cuba.<\/p>\n<\/div>\n<\/div>\n<div><img loading=\"lazy\" decoding=\"async\" class=\"alignleft\" src=\"http:\/\/ep01.epimg.net\/internacional\/imagenes\/2016\/04\/15\/america\/1460673842_999267_1460676161_sumariofototexto_normal.jpg\" alt=\"\" width=\"140\" height=\"140\" \/><\/p>\n<div>\n<h3>Julio C\u00e9sar Guanche, 41 a\u00f1os, acad\u00e9mico<\/h3>\n<p>1. Debate. Deber\u00eda haber un reconocimiento cr\u00edtico por no haber puesto en conocimiento de la ciudadan\u00eda los documentos presentados al Congreso y presentarse el cronograma de la reforma constitucional en curso, poniendo en manos de la sociedad la elaboraci\u00f3n de propuestas.<\/p>\n<p>2. Pobreza. Tienen que discutirse estrategias para combatir la pobreza y la desigualdad.<\/p>\n<p>3. Participaci\u00f3n. Debe debatirse la transformaci\u00f3n del sistema estatal, asunto sobre el cual los Congresos del PCC no se han pronunciado a fondo desde 1991 y que reclama fuertes cambios con miras a fortalecer el poder representativo del Estado.<\/p>\n<p>Julio C\u00e9sar Guanche es investigador y ensayista. Vive en Quito (Ecuador)<\/p>\n<\/div>\n<\/div>\n<div><img loading=\"lazy\" decoding=\"async\" class=\"alignright\" src=\"http:\/\/ep01.epimg.net\/internacional\/imagenes\/2016\/04\/15\/america\/1460673842_999267_1460676876_sumariofototexto_normal.jpg\" alt=\"\" width=\"140\" height=\"140\" \/><\/p>\n<div>\n<h3>Idania del R\u00edo, 34 a\u00f1os, dise\u00f1adora<\/h3>\n<p>1. Fiscalidad. Es necesario un sistema tributario que permita al pa\u00eds retener ingresos para invertirlos en lo p\u00fablico, y no que dos o tres hagan plata y no se refleje en la sociedad.<\/p>\n<p>2. Importaciones. Ser\u00eda conveniente que hubiera un canal para que el trabajador por cuenta propia pueda acceder a materias primas de fuera.<\/p>\n<p>3. Internet. Se est\u00e1 haciendo un esfuerzo para que haya banda ancha pero deben extenderse los esfuerzos el doble o el triple para poder trabajar y estar comunicados con el mundo.<\/p>\n<p>Idania del R\u00edo es directora creativa de la tienda de ropa\u00a0Clandestina y vive en La Habana.<\/p>\n<\/div>\n<\/div>\n<div><img loading=\"lazy\" decoding=\"async\" class=\"alignleft\" src=\"http:\/\/ep01.epimg.net\/internacional\/imagenes\/2016\/04\/15\/america\/1460673842_999267_1460677237_sumariofototexto_normal.jpg\" alt=\"\" width=\"140\" height=\"140\" \/><\/p>\n<div>\n<h3>Sergio Guerra Vilaboy, 66 a\u00f1os, historiador<\/h3>\n<p>1. Transformaciones. El Congreso debe dar continuidad a las positivas e indispensables transformaciones del socialismo cubano para adecuarlo mejor a las realidades y complejidades del mundo de hoy, pero sin abandonar los logros alcanzados.<\/p>\n<p>2. Estados Unidos. Evaluar el complejo proceso abierto hacia la normalizaci\u00f3n bilateral y su repercusi\u00f3n en el futuro inmediato.<\/p>\n<p>3. Relevo. El c\u00f3nclave deber\u00e1 pronunciarse sobre la renovaci\u00f3n de la alta direcci\u00f3n del gobierno cubano, pues el propio presidente Ra\u00fal Castro ha anunciado su decisi\u00f3n de no continuar en su cargo m\u00e1s all\u00e1 de 2018.<\/p>\n<p>Sergio Guerra Vilaboy es profesor de Historia en la Universidad de La Habana. Es miembro del PCC desde 1976 y vive en La Habana.<\/p>\n<\/div>\n<\/div>\n<div><img loading=\"lazy\" decoding=\"async\" class=\"alignright\" src=\"http:\/\/ep01.epimg.net\/internacional\/imagenes\/2016\/04\/15\/america\/1460673842_999267_1460677404_sumariofototexto_normal.jpg\" alt=\"\" width=\"140\" height=\"140\" \/><\/p>\n<div>\n<h3>Yasm\u00edn S. Portales, 36 a\u00f1os, escritora<\/h3>\n<p>1. Colectivismo. Ahora es m\u00e1s f\u00e1cil montarse una empresa que una cooperativa, y los empleados en el sector privado pierden derechos laborales. Se deber\u00edan apoyar m\u00e1s los modelos colectivos.<\/p>\n<p>2. Participaci\u00f3n. Nuestras reglas de participaci\u00f3n pol\u00edtica son anticuadas, ideol\u00f3gica y tecnol\u00f3gicamente. Para la democracia socialista es imperativo garantizar la diversidad de informaci\u00f3n, la libertad de expresi\u00f3n y asociaci\u00f3n y la interpelaci\u00f3n a las instituciones.<\/p>\n<p>3. Diversidad. Los cambios demogr\u00e1ficos de Cuba demandan que las familias extendidas, transnacionales, homoparentales (m\u00e1s otras que no conozco, pero existen) sean reconocidas en un marco flexible que proteja a todas las personas.\u00a0Yasm\u00edn S. Portales tambi\u00e9n es activista LGTB y vive en La Habana.<\/p>\n<\/div>\n<\/div>\n<\/div>\n<\/div>\n<p style=\"text-align: justify;\">&nbsp;<\/p>\n<p style=\"text-align: justify;\">Fuente:\u00a0http:\/\/internacional.elpais.com\/internacional\/2016\/04\/15\/america\/1460673842_999267.html<\/p>\n<p><strong>Publicado por ADHILAC Internacional \u00a9 www.adhilac.com.ar<\/strong><\/p>\n<p>Si Ud. desea asociarse de acuerdo a los Estatutos de ADHILAC\u00a0<a title=\"(ver)\" href=\"https:\/\/adhilac.com.ar\/?page_id=263\">(ver)<\/a> complete el siguiente formulario\u00a0<a title=\"(ver)\" href=\"https:\/\/adhilac.com.ar\/?page_id=3194\">(ver)<\/a><\/p>\n<p>E-mail: info@adhilac.com.ar<\/p>\n<p style=\"text-align: justify;\">&nbsp;<\/p>\n","protected":false},"excerpt":{"rendered":"<p>11 cubanos proponen sus prioridades de cara al congreso del Partido Comunista EL PA\u00cdS pulsa voces diversas ante el trascendental c\u00f3nclave del partido \u00fanico PABLO DE LLANO M\u00e9xico\u00a014 ABR 2016 &#8211; 21:36 ART<\/p>\n","protected":false},"author":2,"featured_media":0,"comment_status":"closed","ping_status":"closed","sticky":false,"template":"","format":"standard","meta":{"_crdt_document":"","footnotes":""},"categories":[40],"tags":[63],"class_list":["post-11547","post","type-post","status-publish","format-standard","hentry","category-informaciones","tag-cuba"],"_links":{"self":[{"href":"https:\/\/adhilac.com.ar\/index.php?rest_route=\/wp\/v2\/posts\/11547","targetHints":{"allow":["GET"]}}],"collection":[{"href":"https:\/\/adhilac.com.ar\/index.php?rest_route=\/wp\/v2\/posts"}],"about":[{"href":"https:\/\/adhilac.com.ar\/index.php?rest_route=\/wp\/v2\/types\/post"}],"author":[{"embeddable":true,"href":"https:\/\/adhilac.com.ar\/index.php?rest_route=\/wp\/v2\/users\/2"}],"replies":[{"embeddable":true,"href":"https:\/\/adhilac.com.ar\/index.php?rest_route=%2Fwp%2Fv2%2Fcomments&post=11547"}],"version-history":[{"count":3,"href":"https:\/\/adhilac.com.ar\/index.php?rest_route=\/wp\/v2\/posts\/11547\/revisions"}],"predecessor-version":[{"id":11549,"href":"https:\/\/adhilac.com.ar\/index.php?rest_route=\/wp\/v2\/posts\/11547\/revisions\/11549"}],"wp:attachment":[{"href":"https:\/\/adhilac.com.ar\/index.php?rest_route=%2Fwp%2Fv2%2Fmedia&parent=11547"}],"wp:term":[{"taxonomy":"category","embeddable":true,"href":"https:\/\/adhilac.com.ar\/index.php?rest_route=%2Fwp%2Fv2%2Fcategories&post=11547"},{"taxonomy":"post_tag","embeddable":true,"href":"https:\/\/adhilac.com.ar\/index.php?rest_route=%2Fwp%2Fv2%2Ftags&post=11547"}],"curies":[{"name":"wp","href":"https:\/\/api.w.org\/{rel}","templated":true}]}}