{"id":11590,"date":"2016-08-01T18:44:57","date_gmt":"2016-08-01T21:44:57","guid":{"rendered":"https:\/\/adhilac.com.ar\/?p=11590"},"modified":"2016-08-24T13:35:55","modified_gmt":"2016-08-24T16:35:55","slug":"iii-coloquio-de-la-adhilac-internacional-en-brasil-sao-paulo-brasil-08-al-11-de-noviembre-2016","status":"publish","type":"post","link":"https:\/\/adhilac.com.ar\/?p=11590","title":{"rendered":"III Coloquio de la ADHILAC Internacional en Brasil. S\u00e3o Paulo, Brasil, 08 al 11 de noviembre 2016"},"content":{"rendered":"<p style=\"text-align: left;\"><strong><a href=\"https:\/\/adhilac.com.ar\/wp-content\/uploads\/2016\/05\/Brasil-01.jpg\"><img loading=\"lazy\" decoding=\"async\" class=\"size-full wp-image-11591\" title=\"Brasil 01\" src=\"https:\/\/adhilac.com.ar\/wp-content\/uploads\/2016\/05\/Brasil-01.jpg\" alt=\"\" width=\"472\" height=\"81\" srcset=\"https:\/\/adhilac.com.ar\/wp-content\/uploads\/2016\/05\/Brasil-01.jpg 715w, https:\/\/adhilac.com.ar\/wp-content\/uploads\/2016\/05\/Brasil-01-300x52.jpg 300w\" sizes=\"auto, (max-width: 472px) 100vw, 472px\" \/><\/a><\/strong><\/p>\n<p style=\"text-align: left;\"><strong><a href=\"https:\/\/adhilac.com.ar\/wp-content\/uploads\/2016\/05\/Brasil-01.jpg\"><\/a>PRIMEIRA CONVOCAT\u00d3RIA <\/strong><\/p>\n<p style=\"text-align: justify;\"><a href=\"https:\/\/adhilac.com.ar\/wp-content\/uploads\/2016\/05\/Brasil-01.jpg\"><img loading=\"lazy\" decoding=\"async\" class=\"alignnone size-medium wp-image-11591\" title=\"Brasil 01\" src=\"https:\/\/adhilac.com.ar\/wp-content\/uploads\/2016\/05\/Brasil-01-300x52.jpg\" alt=\"\" width=\"300\" height=\"52\" srcset=\"https:\/\/adhilac.com.ar\/wp-content\/uploads\/2016\/05\/Brasil-01-300x52.jpg 300w, https:\/\/adhilac.com.ar\/wp-content\/uploads\/2016\/05\/Brasil-01.jpg 715w\" sizes=\"auto, (max-width: 300px) 100vw, 300px\" \/><\/a><\/p>\n<p style=\"text-align: center;\"><strong>III Coloquio de la ADHILAC Internacional en Brasil <\/strong><br \/>\n<strong>III Congreso Internacional de Historia y Literatura Latino\u00adamericana Caribe\u00f1a<\/strong><br \/>\n<strong>XV Semana de Historia da PUC\u00adSP<\/strong><\/p>\n<p style=\"text-align: left;\"><strong><a href=\"https:\/\/adhilac.com.ar\/wp-content\/uploads\/2016\/05\/Brasil-Rupturas-1-convocat\u00f3ria.pdf\">PRIMEIRA CONVOCAT<strong>\u00d3<\/strong>RIA<\/a> <\/strong><\/p>\n<p style=\"text-align: left;\"><strong>LINK PARA INSCRI\u00c7\u00c3O: <\/strong> <a href=\"http:\/\/goo.gl\/forms\/4dfJS18ZiI\" target=\"_blank\">http:\/\/goo.gl\/forms\/4dfJS18ZiI<\/a><\/p>\n<p style=\"text-align: justify;\"><strong><em>RUPTURAS Y CONTINUIDADES EN LA DIN\u00c1MICA LATINOAMERICANA Y EL CARIBE: hasta el siglo XXI<!--more--><\/em><\/strong><\/p>\n<p style=\"text-align: justify;\">&nbsp;<\/p>\n<p style=\"text-align: justify;\">S\u00e3o Paulo, Brasil, 08 al 11 de noviembre 2016<\/p>\n<p style=\"text-align: justify;\">&nbsp;<\/p>\n<p style=\"text-align: justify;\">La \u00a0Asociaci\u00f3n Internacional de \u00a0Historiadores \u00a0latinoamericanos y \u00a0del \u00a0Caribe (ADHILAC \u2013 secci\u00f3n Brasil y el Departamento de Historia da PUC\u00adSP invitan a investigadores, docentes y estudiantes de diferentes disciplinas interesados(as) en participar en el III Coloquio Internacional de La ADHILAC \u2013secci\u00f3n Brasil que se realizar\u00e1 en la ciudad de San Pablo (Brasil) durante los d\u00edas comprendidos entre el 08 y el 11 de noviembre de 2016, a que presenten sus Seminarios Tem\u00e1ticos y ponencias.<\/p>\n<p style=\"text-align: justify;\">&nbsp;<\/p>\n<p style=\"text-align: justify;\">La ADHILAC, asociaci\u00f3n que busca contribuir para la integraci\u00f3n de los acad\u00e9micos de Am\u00e9rica latina y el Caribe, defini\u00f3 la tem\u00e1tica juntamente con el Departamento de Historia \u2013 Graduaci\u00f3n y Pos\u00adgraduaci\u00f3n de la PUC\u00adSP (qu\u00e9 va a sedear el evento), el Posgrado en Maestr\u00eda en Historia del Brasil (UFPI), el Departamento de Historia de la Universidad Federal del Cear\u00e1, el Colegiado de Ciencias Sociales de la Fundaci\u00f3n Santo Andr\u00e9 y el Grupo de Estudios de Comercio Exterior y Relaciones Internacionales del Unifieo.<\/p>\n<p style=\"text-align: justify;\">&nbsp;<\/p>\n<p style=\"text-align: justify;\">En el campo de la historia la tem\u00e1tica, que puede ser reflexionada desde su pasado pre\u00ad colonial, se ha establecido como un espacio contraste de las zonas que se han desarrollado en distintas formas. Al mismo tiempo muchos pa\u00edses de Am\u00e9rica Latina han experimentado en el curso de sus historias, din\u00e1micas en com\u00fan a pesar de sus aspectos espec\u00edficos. La Am\u00e9rica Latina es as\u00ed, tierra de contrastes, contradicciones y antagonismos. El siglo XXI en Am\u00e9rica Latina es el resultado de rupturas y continuidades desde su pasado pre\u00adcolonial y su posterior desarrollo, el per\u00edodo colonial, las independencias \u00adcuando las sociedades de cada nueva naci\u00f3n creada buscaron sus \u00e9xitos\u00ad, las luchas de clases, las dictaduras y las resistencias, las discriminaciones e violaciones de derechos, las revoluciones, as\u00ed como las conquistas visando la humanidad, hasta lo hodierno siglo XXI.<\/p>\n<p style=\"text-align: justify;\">&nbsp;<\/p>\n<p style=\"text-align: justify;\">Reflexionar sobre tales contradicciones en el campo de la historiograf\u00eda, abarcando los m\u00e1s distintos puntos, son los objetivos de ese coloquio, lo que incluye las relaciones desarrolladas entre el arte, el cine, la m\u00fasica, la pol\u00edtica, la econom\u00eda, el medio ambiente, cuestiones de g\u00e9nero, o sea, de la historia en sus m\u00faltiples dimensiones. El an\u00e1lisis de sus producciones en estado cr\u00edtico, ya sea a trav\u00e9s de las contradicciones y el potencial que ofrece esta mir\u00edada de perspectivas.<\/p>\n<p style=\"text-align: justify;\">&nbsp;<\/p>\n<p style=\"text-align: justify;\">Llevar a cabo la concepci\u00f3n de la dial\u00e9ctica en la construcci\u00f3n de relaciones en el continente latinoamericano a trav\u00e9s de esa teya que incorpora influencias ideol\u00f3gicas, pr\u00e1cticas sociales, las referencias culturales, los sistemas econ\u00f3micos y pol\u00edticos. Problematizando la perspectiva de rupturas y continuidades desembocar\u00e1 en una visi\u00f3n contempor\u00e1nea de la condici\u00f3n de las diversas producciones en el que la mirada se dirige a la tradici\u00f3n y ech\u00f3 un camino sin precedentes impregnaba de las experiencias y vivencias de cada naci\u00f3n, convirti\u00e9ndose en territorio de la humanidad.<\/p>\n<p style=\"text-align: justify;\">&nbsp;<\/p>\n<p style=\"text-align: justify;\">&nbsp;<\/p>\n<p style=\"text-align: justify;\"><strong>MESAS TEM\u00c1TICAS ABIERTAS PARA EL III COL\u00d3QUIO DE LA\u00a0 ADHILAC INTERNACIONAL EN BRASIL<\/strong><\/p>\n<p style=\"text-align: justify;\">&nbsp;<\/p>\n<ul style=\"text-align: justify;\">\n<li>\u00b7 AD01: Procesos de formaci\u00f3n de los Estados<\/li>\n<\/ul>\n<p style=\"text-align: justify;\">Nacionales<\/p>\n<ul style=\"text-align: justify;\">\n<li>\u00b7 AD02: Proyectos de integraci\u00f3n<\/li>\n<li>\u00b7 AD03: Pensamiento social latinoamericano\n<ul>\n<li>\u00b7 AD04: La uni\u00f3n de Am\u00e9rica Latina y el Caribe: desaf\u00edos, logros y obst\u00e1culos en el siglo XXI.<\/li>\n<li>\u00b7 AD05: Dictaduras, bonapartismos y autoritarismos y violencia institucional<\/li>\n<li>\u00b7 AD06: Derechos humanos y violencia estatal en periodos democr\u00e1ticos<\/li>\n<li>\u00b7 AD07: Movimientos sociales, luchas de clases y luchas sociales<\/li>\n<\/ul>\n<\/li>\n<li>\u00b7 AD08: Educaci\u00f3n y identidad en Am\u00e9rica<\/li>\n<\/ul>\n<p style=\"text-align: justify;\">Latina<\/p>\n<ul style=\"text-align: justify;\">\n<li>\u00b7 AD09: Diversidad educacional en Latino\u00ad am\u00e9rica y Caribe: oficiales, ind\u00edgenas y de or\u00edgenes africanas.<\/li>\n<li>\u00b7 AD10: Sistemas de producci\u00f3n \u2013 agentes econ\u00f3micos (estructuras productivas\u037e comercio y sistemas esclavistas\u037e reg\u00edmenes<\/li>\n<\/ul>\n<p style=\"text-align: justify;\">de trabajo\u037e\u00a0empresas y empresarios)<\/p>\n<ul style=\"text-align: justify;\">\n<li>\u00b7 AD11: Arte y cultura<\/li>\n<li>\u00b7 AD12: Participaciones populares\n<ul>\n<li>\u00b7 AD13: Cambios en la configuraci\u00f3n pol\u00edtica de los pa\u00edses<\/li>\n<li>\u00b7 AD14: Luchas y resistencias en el per\u00edodo colonial<\/li>\n<\/ul>\n<\/li>\n<li>\u00b7 AD15: Desarrollo y transformaciones urbanas<\/li>\n<li>AD16: Cultura y identidade<\/li>\n<li>\u00b7 AD17: La ciudad en la literatura.<\/li>\n<li>\u00b7 AD18: Historia y educaci\u00f3n.<\/li>\n<li>AD19: Sociedad, pobreza y vida cotidiana<\/li>\n<li>AD20: Raza, g\u00e9nero y comunidad\n<ul>\n<li>AD21: Espacio p\u00fablico, medios de informaci\u00f3n y memoria<\/li>\n<\/ul>\n<\/li>\n<li>AD22: Arquitectura, historia y patrimonializaci\u00f3n<\/li>\n<li>AD23: Ideolog\u00edas y mentalidades<\/li>\n<\/ul>\n<p style=\"text-align: justify;\"><strong>MESAS TEM\u00c1TICAS ABIERTAS PARA EL III CONGRESO HISTORIA Y LITERATURA<\/strong><\/p>\n<p style=\"text-align: justify;\">&nbsp;<\/p>\n<ul style=\"text-align: justify;\">\n<li>\u00b7 HL01: El contexto hist\u00f3rico en la literatura\n<ul>\n<li>\u00b7 HL02: Los g\u00e9neros literarios y la historia\n<ul>\n<li>\u00b7 HL03: Tensiones, relaciones y fronteras entre la historia y la literatura: cr\u00f3nicas, historias de vida, memorias, novelas hist\u00f3ricas, testimonios y diarios.<\/li>\n<li>\u00b7 HL04: An\u00e1lisis y reflexiones te\u00f3ricas y de m\u00e9todos: texto literario y texto hist\u00f3rico.<\/li>\n<li>\u00b7 HL05: El impacto cultural por las relaciones entre historia y literatura.<\/li>\n<li>\u00b7 HL06: Distintas miradas del contexto hist\u00f3rico y las tradiciones literarias. La vista desde lo ancestral, lo ind\u00edgena, lo afro, lo colonial, lo republicano, lo moderno, lo contempor\u00e1neo, lo pasado y lo nuevo, y lo regional.<\/li>\n<li>\u00b7 HL07: Memoria hist\u00f3rica. Estrategia de rescate y preservaci\u00f3n del patrimonio literario perdido.<\/li>\n<li>\u00b7 HL08: Historias de vida y cr\u00edticas de obras de literatos olvidados.<\/li>\n<li>\u00b7 HL09: Pol\u00edticas p\u00fablicas de promoci\u00f3n y divulgaci\u00f3n de los hechos hist\u00f3ricos y los textos literarios.<\/li>\n<\/ul>\n<\/li>\n<\/ul>\n<\/li>\n<li>\u00b7 HL10: Historiograf\u00eda de la literatura\n<ul>\n<li>\u00b7 HL11: La ense\u00f1anza de la historia de la literatura y de la literatura hist\u00f3rica como pr\u00e1ctica interdisciplinaria.<\/li>\n<li>\u00b7 HL12: La historia y la literatura como objeto de estudio de las ciencias sociales y humanas<\/li>\n<li>\u00b7 HL13: Fuentes, fondos y archivos para la reconstrucci\u00f3n de la historia literaria latinoamericana y caribe\u00f1a.<\/li>\n<\/ul>\n<\/li>\n<\/ul>\n<p style=\"text-align: justify;\">&nbsp;<\/p>\n<div style=\"text-align: justify;\">\n<p><strong>ontificia Universidad Cat\u00f3lica de San Pablo \u2013 Departamento de Historia \u2013 graduaci\u00f3n y pos\u00adgrado<\/strong><\/p>\n<p>&nbsp;<\/p>\n<p><strong>Memorial de America Latina<\/strong><\/p>\n<p>&nbsp;<\/p>\n<p><strong>PUC\u00adSP<\/strong>: Rua Monte Alegre, 984<\/p>\n<p>05014\u00ad901 \u2013 Perdizes \u2013 S\u00e3o Paulo \u2013 SP \u2013 Brasil . Tel\u00e9fono: (11) 3670\u00ad8511<\/p>\n<p><strong>Memorial<\/strong>: Rua Av. Auro Soares de Moura Andrade, 664 \u2013<\/p>\n<p>Barra Funda, S\u00e3o Paulo \u00ad SP, 01156\u00ad001. <a href=\"https:\/\/www.google.com.br\/search?espv=2&amp;amp;biw=1920&amp;amp;bih=940&amp;amp;q=memorial%2Bda%2Bam%C3%A9rica%2Blatina%2Btelefone&amp;amp;stick=H4sIAAAAAAAAAOPgE-LSz9U3SKo0LDdL1tLPTrbST87PyUlNLsnMz9PPzssvz0lNSU-NL0jMS80p1s9ILI4vyMjPS7UCkwDAIdPLPwAAAA&amp;amp;sa=X&amp;amp;ved=0ahUKEwin85bJ3onMAhVKEJAKHbKeD-EQ6BMIiAEwFQ\">Telefone<\/a>: (11) 3823\u00ad4600<\/p>\n<\/div>\n<p style=\"text-align: justify;\">&nbsp;<\/p>\n<div style=\"text-align: justify;\">\n<p>Cordialmente,<\/p>\n<p>&nbsp;<\/p>\n<p>&nbsp;<\/p>\n<p><strong>Comit\u00e9 Organizador<\/strong><\/p>\n<p>&nbsp;<\/p>\n<p>Dr. Alcione Correa Alves, Universidad Federal de Piau\u00ed (Brasil)<\/p>\n<p>Dr. Anderson Claytom Ferreira Brettas, Instituto Federal de Educaci\u00f3n, Ciencia y<\/p>\n<p>Tecnolog\u00eda de Tri\u00e1ngulo Minero (Brasil)<\/p>\n<p>Dr. Antonio Rago Filho Pontificia Universidad Cat\u00f3lica de San Pablo (Brasil) Dr. Everaldo Andrade, Universidad de San Pablo (Brasil)<\/p>\n<p>Dr. Clifford Andrew Welch, UNIFESP (Brasil)<\/p>\n<p>Dr. F\u00e1bio Gentile \u2013 Universidad Federal do Cear\u00e1 (Brasil)<\/p>\n<p>Dr. Francisco de Assis de Sousa Nascimento, Universidad Federal de Piau\u00ed (Brasil) Dr. Ival de Assis Cripa, Centro Universit\u00e1rio FIEO (Brasil)<\/p>\n<p>Dr. Ivan Cotrin, (Colegiado de Ciencias Sociales de la Fundaci\u00f3n Santo Andr\u00e9 e<\/p>\n<p>Universidad Mackenzie (Brasil)<\/p>\n<p>Dr. Sebasti\u00e3o Alves Teixeira Lopes, Universidad Federal de Piau\u00ed (Brasil)<\/p>\n<p>Dra. L\u00edvia Cotrin \u00ad Colegiado de Ciencias Sociales de la Fundacion Santo Andr\u00e9 (Brasil) Dra. Beatriz Abramides, Pontificia Universidad Cat\u00f3lica de San Pablo (Brasil)<\/p>\n<p>Dra. Margareth Torres de Alencar Costa (Universidad Estadual del Piau\u00ed (Brasil) Dra. Maria Ap. de Paula Rago, Pontificia Universidad Cat\u00f3lica de San Pablo (Brasil)<\/p>\n<p>Dra. <a href=\"http:\/\/www.memorial.org.br\/marilia-da-silva-franco\/\">Mar\u00edlia da Silva <\/a>Franco, Diretora do Centro Brasileiro de Estudos da Am\u00e9rica<\/p>\n<p>Latina (Brasil)<\/p>\n<p>Dra. Vera Lucia Vieira, Pontificia Universidad Cat\u00f3lica de San Pablo (Brasil)<\/p>\n<p>Dra. Yvone Dias Avelino, Pontificia Universidad Cat\u00f3lica de San Pablo (Brasil)<\/p>\n<p>Dra.Patricia Sposito Mechi, Universidad Federal de la Integraci\u00f3n Latino\u00adamericana Enrique Serra Padr\u00f3s \u2013 Universidad Federal de Rio Grande del Sur (Brasil)<\/p>\n<p>Mestre Josinaldo Oliveira dos Santos, Universidad del Estado de Piau\u00ed (Brasil) Mestre Osvaldo Esteves Sobrinho, UNIFIEO (Brasil)<\/p>\n<p>Esp. M\u00f4nica Lima Cavalcanti, Universidad del Estado de Alagoas (Brasil) Esp. Adna Maria de Souza, APEEAL (Brasil)<\/p>\n<p>&nbsp;<\/p>\n<p><strong>Comit\u00e9 Cient\u00edfico Internacional<\/strong><\/p>\n<p>&nbsp;<\/p>\n<p>Dr. Sergio Guerra Vilaboy, Universidad de la Habana (Cuba)<\/p>\n<p>Dr. Jorge Enrique El\u00edas\u00adCaro, Universidad del Magdalena (Colombia)<\/p>\n<p>Dra. Elizet Payne, Universidad de Costa Rica (Costa Rica)<\/p>\n<p>Dr. Christian Cwik, University Of de West Indies (Trinidad y Tobago)<\/p>\n<p>Pra. Carolina Crisorio, Universidad de Buenos Aires (Argentina)<\/p>\n<p>Dr. V\u00edctor Jacinto Flecha, Fundaci\u00f3n Augusto Roa Bastos (Paraguay)<\/p>\n<p>Dra. M\u00f3nica Mar\u00eda del Valle Idarraga, Universidad de La Salle (Colombia)<\/p>\n<p>Dra. Johanna Von Grafestein, Instituto Luis Mar\u00eda Mora (M\u00e9xico)<\/p>\n<p>Dra. Rosario M\u00e1rquez Macias, Universidad de Huelva (Espa\u00f1a)<\/p>\n<p>Dr. Hern\u00e1n Venegas Delgado, Universidad Aut\u00f3noma de Coahuila (M\u00e9xico)<\/p>\n<p>Dra. Francisca Eugenia Dos Santos, Universidad de Santiago de Chile (Chile)<\/p>\n<p>&nbsp;<\/p>\n<p><strong>Comit\u00e9 de Apoyo Institucional<\/strong><\/p>\n<p>&nbsp;<\/p>\n<p>Doctoranda Jussaramar da Silva, PUC\u00adSP (Brasil)<\/p>\n<p>Doctorando <a href=\"https:\/\/plus.google.com\/u\/0\/108520836468971674595?prsrc=4\">Mois\u00e9s <\/a>Ferreira, PUC\u00adSP (Brasil)<\/p>\n<p>Maestrando Jo\u00e3o Leopoldo e Silva, PUC\u00adSP (Brasil)<\/p>\n<p>Maestranda Emilia Jorge Aratanha, PUC\u00adSP (Brasil)<\/p>\n<p>Graduando Abner Mendon\u00e7a, PUC\u00adSP (Brasil)<\/p>\n<p>Graduanda Paola de \u00c1vila Barbosa, PUC\u00adSP (Brasil)<\/p>\n<\/div>\n<p style=\"text-align: justify;\">&nbsp;<\/p>\n<p style=\"text-align: justify;\"><strong>Entidades que organizan y apoyan<\/strong><\/p>\n<p style=\"text-align: justify;\">&nbsp;<\/p>\n<p style=\"text-align: justify;\">Departamento de Historia de la PUC\u00adSP<\/p>\n<p style=\"text-align: justify;\">APROPUC \u2013 Asociaci\u00f3n de profesores de la PUC\u00adSP Fundaci\u00f3n Memorial de America Latina<\/p>\n<p style=\"text-align: justify;\">Programa de P\u00f3s\u00adgrado en educaci\u00f3n \u2013 maetria en educaci\u00f3n profesinal y tecnol\u00f3gica del IFTM \u00ad Instituto Federal do Tri\u00e2ngulo Mineiro<\/p>\n<p style=\"text-align: justify;\">Posgrado en Maestr\u00eda en Historia del Brasil \u2013 UFPI<\/p>\n<p style=\"text-align: justify;\">NEAM \u2013 N\u00facleo de Estudios y Pesquisa en Profundizaciones Marxistas (Servicio Social<\/p>\n<p style=\"text-align: justify;\">\u2013 PUC\u00adSP)<\/p>\n<p style=\"text-align: justify;\">NEPEDH \u2013 N\u00facleo de Estudios y Pesquisa en \u00c9tica y Derechos Humanos (Servicio<\/p>\n<p style=\"text-align: justify;\">Social \u2013 PUC\u00adSP)<\/p>\n<p style=\"text-align: justify;\">Departamento de Historia de la Universidad Federal del Cear\u00e1. Colegiado de Ciencias Sociales de la Fundaci\u00f3n Santo Andr\u00e9<\/p>\n<p style=\"text-align: justify;\">Grupo de Estudios de Comercio Exterior y Relaciones Internacionales del Unifieo CEHAL\u00adPUC\u00adSP \u00ad Centro de Estudios de Historia de America Latina y Caribe NEHSC \u00ad<a href=\"http:\/\/www.nehscfortaleza.com\/\">N\u00facleo de Estudos de Hist\u00f3ria, Sociedade e Cultura<\/a><\/p>\n<p style=\"text-align: justify;\">NEHTIPO \u00ad N\u00facleo de Estudos de Hist\u00f3ria: Trabalho, Ideologia e Poder<\/p>\n<p><strong>Publicado por ADHILAC Internacional \u00a9 www.adhilac.com.ar<\/strong><\/p>\n<p>Si Ud. desea asociarse de acuerdo a los Estatutos de ADHILAC\u00a0<a title=\"(ver)\" href=\"https:\/\/adhilac.com.ar\/?page_id=263\">(ver)<\/a> complete el siguiente formulario\u00a0<a title=\"(ver)\" href=\"https:\/\/adhilac.com.ar\/?page_id=3194\">(ver)<\/a><\/p>\n<p>E-mail:\u00a0<a title=\"info@adhilac.com.ar\" href=\"https:\/\/adhilac.com.ar\/info@adhilac.com.ar\" target=\"_blank\">info@adhilac.com.ar<\/a><strong> <\/strong><\/p>\n<p>Twitter: @AdhilacInfo<\/p>\n<p style=\"text-align: justify;\">&nbsp;<\/p>\n<p style=\"text-align: justify;\">&nbsp;<\/p>\n","protected":false},"excerpt":{"rendered":"<p>PRIMEIRA CONVOCAT\u00d3RIA III Coloquio de la ADHILAC Internacional en Brasil III Congreso Internacional de Historia y Literatura Latino\u00adamericana Caribe\u00f1a XV Semana de Historia da PUC\u00adSP PRIMEIRA CONVOCAT\u00d3RIA LINK PARA INSCRI\u00c7\u00c3O: http:\/\/goo.gl\/forms\/4dfJS18ZiI RUPTURAS Y CONTINUIDADES EN LA DIN\u00c1MICA LATINOAMERICANA Y EL CARIBE: hasta el siglo XXI<\/p>\n","protected":false},"author":2,"featured_media":0,"comment_status":"closed","ping_status":"closed","sticky":false,"template":"","format":"standard","meta":{"_crdt_document":"","footnotes":""},"categories":[549,3],"tags":[74,148,871,393,268],"class_list":["post-11590","post","type-post","status-publish","format-standard","hentry","category-adhilac-brasil","category-adhilac-inter","tag-brasil","tag-caribe","tag-historia","tag-latinoamerica","tag-literatura"],"_links":{"self":[{"href":"https:\/\/adhilac.com.ar\/index.php?rest_route=\/wp\/v2\/posts\/11590","targetHints":{"allow":["GET"]}}],"collection":[{"href":"https:\/\/adhilac.com.ar\/index.php?rest_route=\/wp\/v2\/posts"}],"about":[{"href":"https:\/\/adhilac.com.ar\/index.php?rest_route=\/wp\/v2\/types\/post"}],"author":[{"embeddable":true,"href":"https:\/\/adhilac.com.ar\/index.php?rest_route=\/wp\/v2\/users\/2"}],"replies":[{"embeddable":true,"href":"https:\/\/adhilac.com.ar\/index.php?rest_route=%2Fwp%2Fv2%2Fcomments&post=11590"}],"version-history":[{"count":13,"href":"https:\/\/adhilac.com.ar\/index.php?rest_route=\/wp\/v2\/posts\/11590\/revisions"}],"predecessor-version":[{"id":12033,"href":"https:\/\/adhilac.com.ar\/index.php?rest_route=\/wp\/v2\/posts\/11590\/revisions\/12033"}],"wp:attachment":[{"href":"https:\/\/adhilac.com.ar\/index.php?rest_route=%2Fwp%2Fv2%2Fmedia&parent=11590"}],"wp:term":[{"taxonomy":"category","embeddable":true,"href":"https:\/\/adhilac.com.ar\/index.php?rest_route=%2Fwp%2Fv2%2Fcategories&post=11590"},{"taxonomy":"post_tag","embeddable":true,"href":"https:\/\/adhilac.com.ar\/index.php?rest_route=%2Fwp%2Fv2%2Ftags&post=11590"}],"curies":[{"name":"wp","href":"https:\/\/api.w.org\/{rel}","templated":true}]}}