{"id":11617,"date":"2016-05-06T10:00:00","date_gmt":"2016-05-06T13:00:00","guid":{"rendered":"https:\/\/adhilac.com.ar\/?p=11617"},"modified":"2016-05-06T10:00:00","modified_gmt":"2016-05-06T13:00:00","slug":"dos-siglos-de-imperialismo-estadounidense-en-nuestra-america-horacio-lopez-ccc-buenos-aires-12-de-mayo-de-2016","status":"publish","type":"post","link":"https:\/\/adhilac.com.ar\/?p=11617","title":{"rendered":"Dos siglos de imperialismo estadounidense en Nuestra Am\u00e9rica. Horacio L\u00f3pez (CCC) &#8211; Buenos Aires. 12 de mayo de 2016"},"content":{"rendered":"<div>\n<h3 style=\"text-align: justify;\"><span style=\"color: #339966;\">Dos siglos de imperialismo estadounidense en Nuestra Am\u00e9rica<\/span><\/h3>\n<div style=\"text-align: justify;\"><strong><a href=\"https:\/\/adhilac.com.ar\/wp-content\/uploads\/2016\/05\/CCC-12-mayo.jpg\"><img loading=\"lazy\" decoding=\"async\" class=\"alignright\" title=\"CCC- 12 mayo\" src=\"https:\/\/adhilac.com.ar\/wp-content\/uploads\/2016\/05\/CCC-12-mayo.jpg\" alt=\"\" width=\"213\" height=\"186\" \/><\/a><\/strong><\/div>\n<div style=\"text-align: justify;\"><span style=\"color: #ffffff;\">\\<\/span><\/div>\n<div style=\"text-align: justify;\"><strong>Segundo Encuentro<\/strong><\/div>\n<div style=\"text-align: justify;\"><span style=\"color: #ffffff;\">\\<\/span><\/div>\n<div style=\"text-align: justify;\"><em>Secesionismo, anexionismo, independentismo en Nuestra Am\u00e9rica: herramientas de la dominaci\u00f3n<\/em><\/div>\n<div style=\"text-align: justify;\"><span style=\"color: #ffffff;\">\/<\/span><\/div>\n<div style=\"text-align: justify;\">Expositor:\u00a0<strong>Horacio L\u00f3pez\u00a0<strong>(Subdirector del CCC)<\/strong><\/strong><\/div>\n<div style=\"text-align: justify;\"><span style=\"color: #ffffff;\">\\<\/span><\/div>\n<div style=\"text-align: justify;\">Jueves 12 de Mayo &#8211; Sala Jacobo Laks [3\u00ba P] \u2013 19:00 hs<\/div>\n<div style=\"text-align: justify;\"><span style=\"color: #ffffff;\">\\<\/span><\/div>\n<div style=\"text-align: justify;\"><strong>Centro Cultural de la Cooperaci\u00f3n <\/strong>\u2013 Av. Corrientes 1543<!--more--><\/div>\n<\/div>\n<div style=\"text-align: justify;\"><span style=\"color: #ffffff;\">\\<\/span><\/div>\n<div style=\"text-align: justify;\">Am\u00e9rica Latina vive una restauraci\u00f3n neo conservadora\u00a0y una avanzada imperial que amenazan las conquistas alcanzadas durante la \u00faltima d\u00e9cada de gobiernos progresistas. Son tiempos que recuerdan a otros a\u00f1os oscuros, en los cuales las ideas liberales y neo liberales dominaban en la regi\u00f3n impuestas por el imperialismo norteamericano en alianza con las \u00e9lites locales.<\/div>\n<div style=\"text-align: justify;\"><span style=\"color: #ffffff;\">\/<\/span><\/div>\n<div style=\"text-align: justify;\">Segundo Encuentro:\u00a0<em>Secesionismo, anexionismo, independentismo en Nuestra Am\u00e9rica: herramientas de la dominaci\u00f3n.<\/em><\/div>\n<div style=\"text-align: justify;\"><span style=\"color: #ffffff;\">\/<\/span><\/div>\n<div style=\"text-align: justify;\">La expansi\u00f3n y dominaci\u00f3n de los Estados Unidos sobre Nuestra Am\u00e9rica se produjo desde el siglo XIX mediante diversos mecanismos derivados de la Doctrina Monroe y el llamado Destino Manifiesto: la conquista territorial directa, la anexi\u00f3n, la \u00absupuesta ayuda\u00bb militar a alg\u00fan pa\u00eds, etc. Entre esos mecanismos funciona el de la secesi\u00f3n de alg\u00fan territorio de un pa\u00eds para independizarlo formalmente o posteriormente anexarlo. Esta pr\u00e1ctica del imperialismo yanqui, se sigue alentando en diversas regiones del continente.<\/div>\n<div style=\"text-align: justify;\"><span style=\"color: #ffffff;\">\/<\/span><\/div>\n<div style=\"text-align: justify;\">Expositor:\u00a0<strong>Horacio L\u00f3pez (Subdirector del CCC)<\/strong><\/div>\n<div style=\"text-align: justify;\">Organiza:\u00a0<strong>Departamento de historia.<\/strong><\/div>\n<div style=\"text-align: justify;\"><span style=\"color: #ffffff;\">\\<\/span><\/div>\n<div style=\"text-align: justify;\"><strong>Publicado por ADHILAC Internacional \u00a9 www.adhilac.com.ar<\/strong><\/div>\n<p style=\"text-align: justify;\">Si Ud. desea asociarse de acuerdo a los Estatutos de ADHILAC\u00a0<a title=\"(ver)\" href=\"https:\/\/adhilac.com.ar\/?page_id=263\">(ver)<\/a> complete el siguiente formulario\u00a0<a title=\"(ver)\" href=\"https:\/\/adhilac.com.ar\/?page_id=3194\">(ver)<\/a><\/p>\n<p style=\"text-align: justify;\">E-mail:\u00a0<a title=\"info@adhilac.com.ar\" href=\"https:\/\/adhilac.com.ar\/info@adhilac.com.ar\" target=\"_blank\">info@adhilac.com.ar<\/a><strong> <\/strong><\/p>\n<p style=\"text-align: justify;\">Twitter: @AdhilacInfo<\/p>\n<p style=\"text-align: justify;\">&nbsp;<\/p>\n","protected":false},"excerpt":{"rendered":"<p>Dos siglos de imperialismo estadounidense en Nuestra Am\u00e9rica \\ Segundo Encuentro \\ Secesionismo, anexionismo, independentismo en Nuestra Am\u00e9rica: herramientas de la dominaci\u00f3n \/ Expositor:\u00a0Horacio L\u00f3pez\u00a0(Subdirector del CCC) \\ Jueves 12 de Mayo &#8211; Sala Jacobo Laks [3\u00ba P] \u2013 19:00 hs \\ Centro Cultural de la Cooperaci\u00f3n \u2013 Av. Corrientes 1543<\/p>\n","protected":false},"author":2,"featured_media":0,"comment_status":"closed","ping_status":"closed","sticky":false,"template":"","format":"standard","meta":{"_crdt_document":"","footnotes":""},"categories":[15,40],"tags":[164,330,25],"class_list":["post-11617","post","type-post","status-publish","format-standard","hentry","category-historia","category-informaciones","tag-estados-unidos","tag-imperialismo","tag-nuestra-america"],"_links":{"self":[{"href":"https:\/\/adhilac.com.ar\/index.php?rest_route=\/wp\/v2\/posts\/11617","targetHints":{"allow":["GET"]}}],"collection":[{"href":"https:\/\/adhilac.com.ar\/index.php?rest_route=\/wp\/v2\/posts"}],"about":[{"href":"https:\/\/adhilac.com.ar\/index.php?rest_route=\/wp\/v2\/types\/post"}],"author":[{"embeddable":true,"href":"https:\/\/adhilac.com.ar\/index.php?rest_route=\/wp\/v2\/users\/2"}],"replies":[{"embeddable":true,"href":"https:\/\/adhilac.com.ar\/index.php?rest_route=%2Fwp%2Fv2%2Fcomments&post=11617"}],"version-history":[{"count":4,"href":"https:\/\/adhilac.com.ar\/index.php?rest_route=\/wp\/v2\/posts\/11617\/revisions"}],"predecessor-version":[{"id":11621,"href":"https:\/\/adhilac.com.ar\/index.php?rest_route=\/wp\/v2\/posts\/11617\/revisions\/11621"}],"wp:attachment":[{"href":"https:\/\/adhilac.com.ar\/index.php?rest_route=%2Fwp%2Fv2%2Fmedia&parent=11617"}],"wp:term":[{"taxonomy":"category","embeddable":true,"href":"https:\/\/adhilac.com.ar\/index.php?rest_route=%2Fwp%2Fv2%2Fcategories&post=11617"},{"taxonomy":"post_tag","embeddable":true,"href":"https:\/\/adhilac.com.ar\/index.php?rest_route=%2Fwp%2Fv2%2Ftags&post=11617"}],"curies":[{"name":"wp","href":"https:\/\/api.w.org\/{rel}","templated":true}]}}