{"id":11679,"date":"2016-05-16T07:46:46","date_gmt":"2016-05-16T10:46:46","guid":{"rendered":"https:\/\/adhilac.com.ar\/?p=11679"},"modified":"2016-05-19T07:32:50","modified_gmt":"2016-05-19T10:32:50","slug":"seminario-permanente-sobre-historia-social-de-la-justicia-y-el-gobierno-rosario-argentina-18-de-mayo-de-2016","status":"publish","type":"post","link":"https:\/\/adhilac.com.ar\/?p=11679","title":{"rendered":"Seminario Permanente sobre Historia Social de la Justicia y el Gobierno. Rosario. Argentina. 18 de mayo de 2016."},"content":{"rendered":"<p>La Red de Historia de la Justicia (RHJ), el CEHISO (UNR) y el ISHIR (CONICET) invitan al pr\u00f3ximo encuentro de su Seminario Permanente sobre Historia Social de la Justicia y el Gobierno, auspiciado por la Red Columnaria (RC).<\/p>\n<p><!--more--><\/p>\n<p>Durante esta segunda sesi\u00f3n del a\u00f1o 2016 la sesi\u00f3n estar\u00e1 a cargo de la Dra. Carolina A. Piazzi (ISHIR-CONICET, CEHISO-UNR), quien nos ofrece a la discusi\u00f3n un trabajo de su autor\u00eda titulado \u00abUna demanda por fletes durante el bloqueo franc\u00e9s: autoridades y jurisdicciones en un contexto pol\u00edtico convulsionado (Santa Fe, 1838)\u201d.<\/p>\n<p>&nbsp;<\/p>\n<p>El encuentro tendr\u00e1 lugar en la sede del ISHIR, CCT Rosario (Ocampo y Esmeralda, edificio IRICE-ISHIR, 1er piso) el mi\u00e9rcoles 18 de mayo de 2016 a las 14.30 hs.<\/p>\n<p>&nbsp;<\/p>\n<p>&nbsp;<\/p>\n<p><strong>Publicado por ADHILAC Internacional \u00a9 www.adhilac.com.ar<\/strong><\/p>\n<p>Si Ud. desea asociarse de acuerdo a los Estatutos de ADHILAC\u00a0<a title=\"(ver)\" href=\"https:\/\/adhilac.com.ar\/?page_id=263\">(ver)<\/a> complete el siguiente formulario\u00a0<a title=\"(ver)\" href=\"https:\/\/adhilac.com.ar\/?page_id=3194\">(ver)<\/a><\/p>\n<p>E-mail: info@adhilac.com.ar<\/p>\n","protected":false},"excerpt":{"rendered":"<p>La Red de Historia de la Justicia (RHJ), el CEHISO (UNR) y el ISHIR (CONICET) invitan al pr\u00f3ximo encuentro de su Seminario Permanente sobre Historia Social de la Justicia y el Gobierno, auspiciado por la Red Columnaria (RC).<\/p>\n","protected":false},"author":2,"featured_media":0,"comment_status":"closed","ping_status":"closed","sticky":false,"template":"","format":"standard","meta":{"_crdt_document":"","footnotes":""},"categories":[15,40],"tags":[685],"class_list":["post-11679","post","type-post","status-publish","format-standard","hentry","category-historia","category-informaciones","tag-historia-social-confederacion-argentina"],"_links":{"self":[{"href":"https:\/\/adhilac.com.ar\/index.php?rest_route=\/wp\/v2\/posts\/11679","targetHints":{"allow":["GET"]}}],"collection":[{"href":"https:\/\/adhilac.com.ar\/index.php?rest_route=\/wp\/v2\/posts"}],"about":[{"href":"https:\/\/adhilac.com.ar\/index.php?rest_route=\/wp\/v2\/types\/post"}],"author":[{"embeddable":true,"href":"https:\/\/adhilac.com.ar\/index.php?rest_route=\/wp\/v2\/users\/2"}],"replies":[{"embeddable":true,"href":"https:\/\/adhilac.com.ar\/index.php?rest_route=%2Fwp%2Fv2%2Fcomments&post=11679"}],"version-history":[{"count":4,"href":"https:\/\/adhilac.com.ar\/index.php?rest_route=\/wp\/v2\/posts\/11679\/revisions"}],"predecessor-version":[{"id":11682,"href":"https:\/\/adhilac.com.ar\/index.php?rest_route=\/wp\/v2\/posts\/11679\/revisions\/11682"}],"wp:attachment":[{"href":"https:\/\/adhilac.com.ar\/index.php?rest_route=%2Fwp%2Fv2%2Fmedia&parent=11679"}],"wp:term":[{"taxonomy":"category","embeddable":true,"href":"https:\/\/adhilac.com.ar\/index.php?rest_route=%2Fwp%2Fv2%2Fcategories&post=11679"},{"taxonomy":"post_tag","embeddable":true,"href":"https:\/\/adhilac.com.ar\/index.php?rest_route=%2Fwp%2Fv2%2Ftags&post=11679"}],"curies":[{"name":"wp","href":"https:\/\/api.w.org\/{rel}","templated":true}]}}