{"id":11685,"date":"2016-06-03T07:27:31","date_gmt":"2016-06-03T10:27:31","guid":{"rendered":"https:\/\/adhilac.com.ar\/?p=11685"},"modified":"2016-06-04T11:48:47","modified_gmt":"2016-06-04T14:48:47","slug":"xvii-jornada-academica-repensando-el-peronismo-prov-de-buenos-aires-4-de-junio","status":"publish","type":"post","link":"https:\/\/adhilac.com.ar\/?p=11685","title":{"rendered":"XVII Jornada Acad\u00e9mica \u00abRepensando el peronismo\u00bb. Prov. de Buenos Aires. 4 de junio"},"content":{"rendered":"<p><a href=\"https:\/\/adhilac.com.ar\/wp-content\/uploads\/2016\/05\/XVII-Jornada-Repensando-el-peronismo.jpg\"><img loading=\"lazy\" decoding=\"async\" class=\"alignnone size-full wp-image-11686\" title=\"XVII Jornada Repensando el peronismo\" src=\"https:\/\/adhilac.com.ar\/wp-content\/uploads\/2016\/05\/XVII-Jornada-Repensando-el-peronismo.jpg\" alt=\"\" width=\"431\" height=\"246\" srcset=\"https:\/\/adhilac.com.ar\/wp-content\/uploads\/2016\/05\/XVII-Jornada-Repensando-el-peronismo.jpg 599w, https:\/\/adhilac.com.ar\/wp-content\/uploads\/2016\/05\/XVII-Jornada-Repensando-el-peronismo-300x170.jpg 300w\" sizes=\"auto, (max-width: 431px) 100vw, 431px\" \/><\/a><\/p>\n<p style=\"text-align: justify;\"><a href=\"https:\/\/adhilac.com.ar\/wp-content\/uploads\/2016\/05\/XVII-Jornada-Repensando-el-peronismo.jpg\"><\/a>A 70 a\u00f1os del Primer Plan Quinquenal (1947-1951), especialistas analizar\u00e1n su dise\u00f1o, balances, las redes de apoyo regional y el imaginario popular en torno a \u00e9l.<!--more--><\/p>\n<p style=\"text-align: justify;\">Participan:<\/p>\n<p style=\"text-align: justify;\">&#8211; Dr. Diego Pereyra (UBA, UNLA, CONICET). \u00abIniciativas regionales frente al Plan de Gobierno 1947-1951\u00bb.<\/p>\n<p style=\"text-align: justify;\">&#8211; Dr. Hern\u00e1n Gonz\u00e1lez Bollo (IGEHCS, UNCPBA, CONICET). \u00abLa cuenta financiera inicial y final del Primer Plan Quinquenal\u00bb.<\/p>\n<p style=\"text-align: justify;\">&#8211; Dr. Hern\u00e1n Comastri (UBA, CONICET). \u00abLa imaginaci\u00f3n t\u00e9cnica popular ante la planificaci\u00f3n peronista: Expectativas y propuestas\u00bb.<\/p>\n<p style=\"text-align: justify;\">&#8211; Celeste Requena y Lautaro Lazarte presentar\u00e1n fuentes oficiales del Primer Plan Quinquenal, del cat\u00e1logo de la Biblioteca Ra\u00fal Prebisch del Banco Central de la Rep\u00fablica Argentina, con documentos originales de la Colecci\u00f3n Reservada del Centro de Documentaci\u00f3n e Informaci\u00f3n, del Ministerio de Hacienda y Finanzas P\u00fablicas.<\/p>\n<p style=\"text-align: justify;\">&nbsp;<\/p>\n<p style=\"text-align: justify;\">Contacto: pehp@untref.edu.ar<\/p>\n<p style=\"text-align: justify;\">Actividad gratuita<br \/>\n4 de junio &#8211; 9.30 a 13 hs.<br \/>\nSede Caseros II, \u00a0Sala SUM 5to piso,\u00a0Valent\u00edn G\u00f3mez 4752 &#8211; Caseros Provincia de Buenos Aires<\/p>\n<p style=\"text-align: justify;\">Organiza: Programa de Estudios de Historia del Peronismo, Instituto de Estudios Hist\u00f3ricos<\/p>\n<p style=\"text-align: justify;\"><strong><a href=\"http:\/\/untref.edu.ar\/wp-content\/uploads\/2016\/05\/programa_Historia-del-Peronismo.pdf\" target=\"_blank\">Programa<\/a><\/strong><a href=\"http:\/\/untref.edu.ar\/forms-eventos\/repensando-peronismo\/\" target=\"_blank\"><strong>Inscripci\u00f3n<\/strong><\/a><\/p>\n<p style=\"text-align: justify;\"><strong>Publicado por ADHILAC Internacional \u00a9 www.adhilac.com.ar<\/strong><\/p>\n<p style=\"text-align: justify;\">Si Ud. desea asociarse de acuerdo a los Estatutos de ADHILAC\u00a0<a title=\"(ver)\" href=\"https:\/\/adhilac.com.ar\/?page_id=263\">(ver)<\/a> complete el siguiente formulario\u00a0<a title=\"(ver)\" href=\"https:\/\/adhilac.com.ar\/?page_id=3194\">(ver)<\/a><\/p>\n<p style=\"text-align: justify;\">E-mail: info@adhilac.com.ar<\/p>\n<p style=\"text-align: justify;\">&nbsp;<\/p>\n","protected":false},"excerpt":{"rendered":"<p>A 70 a\u00f1os del Primer Plan Quinquenal (1947-1951), especialistas analizar\u00e1n su dise\u00f1o, balances, las redes de apoyo regional y el imaginario popular en torno a \u00e9l.<\/p>\n","protected":false},"author":2,"featured_media":0,"comment_status":"closed","ping_status":"closed","sticky":false,"template":"","format":"standard","meta":{"_crdt_document":"","footnotes":""},"categories":[15,40],"tags":[67,686,687],"class_list":["post-11685","post","type-post","status-publish","format-standard","hentry","category-historia","category-informaciones","tag-argentina","tag-peronismo","tag-plan-quinquenal"],"_links":{"self":[{"href":"https:\/\/adhilac.com.ar\/index.php?rest_route=\/wp\/v2\/posts\/11685","targetHints":{"allow":["GET"]}}],"collection":[{"href":"https:\/\/adhilac.com.ar\/index.php?rest_route=\/wp\/v2\/posts"}],"about":[{"href":"https:\/\/adhilac.com.ar\/index.php?rest_route=\/wp\/v2\/types\/post"}],"author":[{"embeddable":true,"href":"https:\/\/adhilac.com.ar\/index.php?rest_route=\/wp\/v2\/users\/2"}],"replies":[{"embeddable":true,"href":"https:\/\/adhilac.com.ar\/index.php?rest_route=%2Fwp%2Fv2%2Fcomments&post=11685"}],"version-history":[{"count":7,"href":"https:\/\/adhilac.com.ar\/index.php?rest_route=\/wp\/v2\/posts\/11685\/revisions"}],"predecessor-version":[{"id":11759,"href":"https:\/\/adhilac.com.ar\/index.php?rest_route=\/wp\/v2\/posts\/11685\/revisions\/11759"}],"wp:attachment":[{"href":"https:\/\/adhilac.com.ar\/index.php?rest_route=%2Fwp%2Fv2%2Fmedia&parent=11685"}],"wp:term":[{"taxonomy":"category","embeddable":true,"href":"https:\/\/adhilac.com.ar\/index.php?rest_route=%2Fwp%2Fv2%2Fcategories&post=11685"},{"taxonomy":"post_tag","embeddable":true,"href":"https:\/\/adhilac.com.ar\/index.php?rest_route=%2Fwp%2Fv2%2Ftags&post=11685"}],"curies":[{"name":"wp","href":"https:\/\/api.w.org\/{rel}","templated":true}]}}