{"id":11691,"date":"2016-05-15T07:35:32","date_gmt":"2016-05-15T10:35:32","guid":{"rendered":"https:\/\/adhilac.com.ar\/?p=11691"},"modified":"2016-05-19T07:43:44","modified_gmt":"2016-05-19T10:43:44","slug":"convocatoria-a-publicar-en-revista-de-historia-n%c2%b0-17-universidad-del-comahue-argentina","status":"publish","type":"post","link":"https:\/\/adhilac.com.ar\/?p=11691","title":{"rendered":"Convocatoria a publicar en Revista de Historia N\u00b0 17. Universidad del Comahue. Argentina"},"content":{"rendered":"<h3 style=\"text-align: justify;\"><span style=\"color: #339966;\">REVISTA DE HISTORIA <\/span><\/h3>\n<p style=\"text-align: justify;\">FACULTAD DE HUMANIDADES &#8211; UNIVERSIDAD NACIONAL DEL COMAHUE<\/p>\n<p style=\"text-align: justify;\">CONVOCATORIA<!--more--><\/p>\n<p style=\"text-align: justify;\">&nbsp;<\/p>\n<p style=\"text-align: justify;\">Solicitamos difusi\u00f3n.<br \/>\nMuchas gracias.<br \/>\nPablo Scatizza<br \/>\nRevista de HistoriaFAHU &#8211; UNCo<\/p>\n<p style=\"text-align: justify;\">&nbsp;<\/p>\n<p style=\"text-align: justify;\">CONVOCATORIA 2016<\/p>\n<p style=\"text-align: justify;\">&nbsp;<\/p>\n<p style=\"text-align: justify;\">REVISTA DE HISTORIA &#8211; FACULTAD DE HUMANIDADES<\/p>\n<p style=\"text-align: justify;\">&nbsp;<\/p>\n<p style=\"text-align: justify;\">UNIVERSIDAD NACIONAL DEL COMAHUE<\/p>\n<p style=\"text-align: justify;\">&nbsp;<\/p>\n<p style=\"text-align: justify;\">\nEl Departamento de Historia de la Facultad de Humanidades de la Universidad Nacional del Comahue, informa que se encuentra abierta la convocatoria para la publicaci\u00f3n de trabajos in\u00e9ditos para sus secciones Art\u00edculos, Rese\u00f1as y Estudios bibliogr\u00e1ficos, en su Revista de Historia N\u00b0 17.<\/p>\n<p style=\"text-align: justify;\">&nbsp;<\/p>\n<p style=\"text-align: justify;\">Se aceptar\u00e1n contribuciones hasta el 30 de agosto de 2016, y los\/as interesados\/as podr\u00e1n consultar las normas para autores en la p\u00e1gina de la Revista:<\/p>\n<p style=\"text-align: justify;\">&nbsp;<\/p>\n<p style=\"text-align: justify;\">http:\/\/revele.uncoma.edu.ar\/htdoc\/revele\/index.php\/historia\/about\/submissions#authorGuidelines<\/p>\n<p style=\"text-align: justify;\">Adem\u00e1s del env\u00edo de art\u00edculos, rese\u00f1as y estudios bibliogr\u00e1ficos, se convoca a participar de los siguientes dossiers.<\/p>\n<p style=\"text-align: justify;\">\nDossier<\/p>\n<p style=\"text-align: justify;\">&nbsp;<\/p>\n<p style=\"text-align: justify;\">Dictadura y sociedad a 40 a\u00f1os del golpe de estado<\/p>\n<p style=\"text-align: justify;\">Coordinadores<\/p>\n<p style=\"text-align: justify;\">Mar\u00eda Cecilia Azconegui (UdeSA\/Cehepyc-CLACSO\/UNCo)<\/p>\n<p style=\"text-align: justify;\">Andrea Bel\u00e9n Rodr\u00edguez (CONICET\/Cehepyc-CLACSO\/UNCo)<\/p>\n<p style=\"text-align: justify;\">Pablo Scatizza (UNCo)<\/p>\n<p style=\"text-align: justify;\">\nA 40 a\u00f1os del golpe de estado del 24 de marzo de 1976 nos encontramos con un campo historiogr\u00e1fico enriquecido que ha complejizado la mirada sobre el per\u00edodo dictatorial, abordando diversas tem\u00e1ticas y actores sociales en distintos niveles y dimensiones de an\u00e1lisis. En tal sentido, se han multiplicado los estudios sobre exiliados, trabajadores, militantes, presos pol\u00edticos, empresarios, represores, organismos de derechos humanos, iglesia, prensa, c\u00fapula militar, ex-combatientes de Malvinas, \u00a0\u201cgente corriente\u201d, entre otros, desde miradas que incorporan las experiencias y memorias, y los espacios locales y regionales.<\/p>\n<p style=\"text-align: justify;\">&nbsp;<\/p>\n<p style=\"text-align: justify;\">En este marco general, este dossier se propone reunir investigaciones que aborden las m\u00faltiples relaciones entre dictadura y sociedad, haciendo hincapi\u00e9 en aquellos estudios que se centren en miradas locales para complejizar y poner en cuesti\u00f3n im\u00e1genes homogeneizadores y maniqueos. Espec\u00edficamente, se pretende discutir tanto con aquellos relatos que conciben a toda la sociedad como c\u00f3mplice o v\u00edctima &#8211; sin considerar las zonas grises y el amplio margen de actitudes posibles que encierra la dicotom\u00eda colaboraci\u00f3n\/resistencia -, como con las representaciones construidas a partir de los relatos historiogr\u00e1ficos supuestamente nacionales pero que s\u00f3lo se focalizan en los grandes centros urbanos.<\/p>\n<p style=\"text-align: justify;\">&nbsp;<\/p>\n<p style=\"text-align: justify;\">&#8212;-<\/p>\n<p style=\"text-align: justify;\">&nbsp;<\/p>\n<p style=\"text-align: justify;\">\nDossier<\/p>\n<p style=\"text-align: justify;\">&nbsp;<\/p>\n<p style=\"text-align: justify;\">Influencia de la Revoluci\u00f3n Rusa en Am\u00e9rica Latina<\/p>\n<p style=\"text-align: justify;\">&nbsp;<\/p>\n<p style=\"text-align: justify;\">\nCoordinadores<\/p>\n<p style=\"text-align: justify;\">Graciela Iuorno (Cehepyc-UNCo)<\/p>\n<p style=\"text-align: justify;\">Gabriel Rafart (Gehiso-UNCo)<\/p>\n<p style=\"text-align: justify;\">\nEntre los acontecimientos que tuvieron lugar en mundo de hace un siglo, uno de los m\u00e1s importantes fue sin dudas la revoluci\u00f3n en el Imperio Ruso -que conllev\u00f3 \u00a0a \u00a0transformaciones en las relaciones \u00a0pol\u00edticas, econ\u00f3micas y sociales \u00a0como a la creaci\u00f3n de un Estado sovi\u00e9tico-, el que mayor impacto e influencia \u00a0tuvo en el \u00a0pensamiento y \u00a0 las acciones pol\u00edticas a nivel mundial, y en Am\u00e9rica Latina en particular. Abriendo otra tradici\u00f3n del pensar y del actuar pol\u00edticos que rebasara el marco de la `civilizaci\u00f3n \u00a0burguesa\u2019 y que pudiera ser pensada la revoluci\u00f3n como alternativa al capitalismo que \u00a0hab\u00eda cambiado a fondo la historia del \u00a0mundo en las \u00faltimas centurias.<\/p>\n<p style=\"text-align: justify;\">&nbsp;<\/p>\n<p style=\"text-align: justify;\">El objeto de este dossier es invitarlo a contribuir con art\u00edculos que pongan en conocimiento, tensi\u00f3n y\/o revisi\u00f3n diferentes acontecimientos hist\u00f3ricos latinoamericanos producidos por impacto o influencia de la Revoluci\u00f3n Rusa, como los registrados y estudiados por \u00a0historiadores y otros cient\u00edficos sociales en diferentes organizaciones socio-culturales, en movimientos socialistas y anarquistas, en los v\u00ednculos con los movimientos obreros locales, en la conformaci\u00f3n de partidos pol\u00edticos, en las reformas universitarias con el ejemplo \u2018paradigm\u00e1tico\u2019 de C\u00f3rdoba (Argentina) en 1918, como en el auge que alcanza la lucha anti-imperialista en Am\u00e9rica. Las protestas, las luchas sociales, \u00a0las revoluciones por una sociedad m\u00e1s igualitaria y justa dan cuenta de la trascendencia hist\u00f3rica continental y mundial que adquiri\u00f3 este fen\u00f3meno en el siglo XX. Este primer centenario nos convoca reflexiones hist\u00f3ricas, que descontamos ser\u00e1n muy enriquecedora.<\/p>\n<p style=\"text-align: justify;\">\n<p>El env\u00edo de art\u00edculos, rese\u00f1as y estudios bibliogr\u00e1ficos, as\u00ed como contribuciones a los Dossiers, deber\u00e1n ser realizado a revistahistoriaunco@gmail.com<\/p>\n<p style=\"text-align: justify;\"><strong>Publicado por ADHILAC Internacional \u00a9 www.adhilac.com.ar<\/strong><\/p>\n<p style=\"text-align: justify;\">Si Ud. desea asociarse de acuerdo a los Estatutos de ADHILAC\u00a0<a title=\"(ver)\" href=\"https:\/\/adhilac.com.ar\/?page_id=263\">(ver)<\/a> complete el siguiente formulario\u00a0<a title=\"(ver)\" href=\"https:\/\/adhilac.com.ar\/?page_id=3194\">(ver)<\/a><\/p>\n<p style=\"text-align: justify;\">E-mail: info@adhilac.com.ar<\/p>\n<p style=\"text-align: justify;\">&nbsp;<\/p>\n","protected":false},"excerpt":{"rendered":"<p>REVISTA DE HISTORIA FACULTAD DE HUMANIDADES &#8211; UNIVERSIDAD NACIONAL DEL COMAHUE CONVOCATORIA<\/p>\n","protected":false},"author":2,"featured_media":0,"comment_status":"closed","ping_status":"closed","sticky":false,"template":"","format":"standard","meta":{"_crdt_document":"","footnotes":""},"categories":[15,40,7],"tags":[],"class_list":["post-11691","post","type-post","status-publish","format-standard","hentry","category-historia","category-informaciones","category-publicac-info"],"_links":{"self":[{"href":"https:\/\/adhilac.com.ar\/index.php?rest_route=\/wp\/v2\/posts\/11691","targetHints":{"allow":["GET"]}}],"collection":[{"href":"https:\/\/adhilac.com.ar\/index.php?rest_route=\/wp\/v2\/posts"}],"about":[{"href":"https:\/\/adhilac.com.ar\/index.php?rest_route=\/wp\/v2\/types\/post"}],"author":[{"embeddable":true,"href":"https:\/\/adhilac.com.ar\/index.php?rest_route=\/wp\/v2\/users\/2"}],"replies":[{"embeddable":true,"href":"https:\/\/adhilac.com.ar\/index.php?rest_route=%2Fwp%2Fv2%2Fcomments&post=11691"}],"version-history":[{"count":1,"href":"https:\/\/adhilac.com.ar\/index.php?rest_route=\/wp\/v2\/posts\/11691\/revisions"}],"predecessor-version":[{"id":11692,"href":"https:\/\/adhilac.com.ar\/index.php?rest_route=\/wp\/v2\/posts\/11691\/revisions\/11692"}],"wp:attachment":[{"href":"https:\/\/adhilac.com.ar\/index.php?rest_route=%2Fwp%2Fv2%2Fmedia&parent=11691"}],"wp:term":[{"taxonomy":"category","embeddable":true,"href":"https:\/\/adhilac.com.ar\/index.php?rest_route=%2Fwp%2Fv2%2Fcategories&post=11691"},{"taxonomy":"post_tag","embeddable":true,"href":"https:\/\/adhilac.com.ar\/index.php?rest_route=%2Fwp%2Fv2%2Ftags&post=11691"}],"curies":[{"name":"wp","href":"https:\/\/api.w.org\/{rel}","templated":true}]}}