{"id":11700,"date":"2016-05-12T08:09:16","date_gmt":"2016-05-12T11:09:16","guid":{"rendered":"https:\/\/adhilac.com.ar\/?p=11700"},"modified":"2016-05-19T08:22:39","modified_gmt":"2016-05-19T11:22:39","slug":"11700","status":"publish","type":"post","link":"https:\/\/adhilac.com.ar\/?p=11700","title":{"rendered":"Michel Temer, un puente al pasado. Mart\u00edn Schapiro"},"content":{"rendered":"<h3><span style=\"color: #339966;\">CUADERNOS DE COYUNTURA<\/span><\/h3>\n<p>Michel Temer, un puente al pasado<\/p>\n<p>Mart\u00edn Schapiro reflexiona sobre el perfil pol\u00edtico del futuro presidente de facto brasile\u00f1o en la<\/p>\n<p>Revista Cuadernos de Coyuntura.<!--more--><\/p>\n<p>Leer la nota completa aqu\u00ed<\/p>\n<p><a title=\"http:\/\/coyuntura.sociales.uba.ar\/michel-temer-un-puente-al-pasado\/\" href=\"http:\/\/coyuntura.sociales.uba.ar\/michel-temer-un-puente-al-pasado\/\" target=\"_blank\">http:\/\/coyuntura.sociales.uba.ar\/michel-temer-un-puente-al-pasado\/<\/a><\/p>\n<p>Share<\/p>\n<p>&nbsp;<\/p>\n<p>Declarado de inter\u00e9s acad\u00e9mico por la Facultad de Ciencias Sociales de la Universidad de Buenos Aires.<\/p>\n<p>Nuestra direcci\u00f3n de correo es:<br \/>\ncuadernosdecoyuntura@gmail.com<\/p>\n<p><strong>Publicado por ADHILAC Internacional \u00a9 www.adhilac.com.ar<\/strong><\/p>\n<p>Si Ud. desea asociarse de acuerdo a los Estatutos de ADHILAC\u00a0<a title=\"(ver)\" href=\"https:\/\/adhilac.com.ar\/?page_id=263\">(ver)<\/a> complete el siguiente formulario\u00a0<a title=\"(ver)\" href=\"https:\/\/adhilac.com.ar\/?page_id=3194\">(ver)<\/a><\/p>\n<p>E-mail: info@adhilac.com.ar<\/p>\n<p>&nbsp;<\/p>\n","protected":false},"excerpt":{"rendered":"<p>CUADERNOS DE COYUNTURA Michel Temer, un puente al pasado Mart\u00edn Schapiro reflexiona sobre el perfil pol\u00edtico del futuro presidente de facto brasile\u00f1o en la Revista Cuadernos de Coyuntura.<\/p>\n","protected":false},"author":2,"featured_media":0,"comment_status":"closed","ping_status":"closed","sticky":false,"template":"","format":"standard","meta":{"_crdt_document":"","footnotes":""},"categories":[384,40],"tags":[74,128],"class_list":["post-11700","post","type-post","status-publish","format-standard","hentry","category-cientistas-sociales","category-informaciones","tag-brasil","tag-golpe-de-estado"],"_links":{"self":[{"href":"https:\/\/adhilac.com.ar\/index.php?rest_route=\/wp\/v2\/posts\/11700","targetHints":{"allow":["GET"]}}],"collection":[{"href":"https:\/\/adhilac.com.ar\/index.php?rest_route=\/wp\/v2\/posts"}],"about":[{"href":"https:\/\/adhilac.com.ar\/index.php?rest_route=\/wp\/v2\/types\/post"}],"author":[{"embeddable":true,"href":"https:\/\/adhilac.com.ar\/index.php?rest_route=\/wp\/v2\/users\/2"}],"replies":[{"embeddable":true,"href":"https:\/\/adhilac.com.ar\/index.php?rest_route=%2Fwp%2Fv2%2Fcomments&post=11700"}],"version-history":[{"count":4,"href":"https:\/\/adhilac.com.ar\/index.php?rest_route=\/wp\/v2\/posts\/11700\/revisions"}],"predecessor-version":[{"id":11704,"href":"https:\/\/adhilac.com.ar\/index.php?rest_route=\/wp\/v2\/posts\/11700\/revisions\/11704"}],"wp:attachment":[{"href":"https:\/\/adhilac.com.ar\/index.php?rest_route=%2Fwp%2Fv2%2Fmedia&parent=11700"}],"wp:term":[{"taxonomy":"category","embeddable":true,"href":"https:\/\/adhilac.com.ar\/index.php?rest_route=%2Fwp%2Fv2%2Fcategories&post=11700"},{"taxonomy":"post_tag","embeddable":true,"href":"https:\/\/adhilac.com.ar\/index.php?rest_route=%2Fwp%2Fv2%2Ftags&post=11700"}],"curies":[{"name":"wp","href":"https:\/\/api.w.org\/{rel}","templated":true}]}}