{"id":11771,"date":"2016-06-11T08:02:04","date_gmt":"2016-06-11T11:02:04","guid":{"rendered":"https:\/\/adhilac.com.ar\/?p=11771"},"modified":"2016-06-11T08:05:54","modified_gmt":"2016-06-11T11:05:54","slug":"bicentenario-de-la-abolicion-de-la-esclavitud-por-bolivar-la-habana-14-de-junio-de-2016","status":"publish","type":"post","link":"https:\/\/adhilac.com.ar\/?p=11771","title":{"rendered":"Bicentenario de la abolici\u00f3n de la esclavitud por Bol\u00edvar. La Habana. 14 de junio de 2016"},"content":{"rendered":"<p style=\"text-align: justify;\"><a href=\"https:\/\/adhilac.com.ar\/wp-content\/uploads\/2014\/11\/Bolivar-ManoPecho-.jpg\"><img loading=\"lazy\" decoding=\"async\" class=\"alignleft size-full wp-image-10120\" title=\"Bolivar-ManoPecho-\" src=\"https:\/\/adhilac.com.ar\/wp-content\/uploads\/2014\/11\/Bolivar-ManoPecho-.jpg\" alt=\"\" width=\"204\" height=\"272\" srcset=\"https:\/\/adhilac.com.ar\/wp-content\/uploads\/2014\/11\/Bolivar-ManoPecho-.jpg 709w, https:\/\/adhilac.com.ar\/wp-content\/uploads\/2014\/11\/Bolivar-ManoPecho--225x300.jpg 225w\" sizes=\"auto, (max-width: 204px) 100vw, 204px\" \/><\/a>La Asociaci\u00f3n de Historiadores Latinoamericanos y del Caribe (ADHILAC),  la C\u00e1tedra Bolivariana de la Universidad de La Habana y la Casa del ALBA  Cultural, lo invitan al panel dedicado al bicentenario del decreto de  abolici\u00f3n de la esclavitud de Sim\u00f3n Bol\u00edvar y del fin de la \u201cguerra a  muerte\u201d. El mismo contar\u00e1 con la participaci\u00f3n de los doctores Jorge  Ibarra Cuesta, Miembro de N\u00famero de la Academia de la Historia de Cuba y  del Dr. Sergio Guerra Vilaboy Presidente de la ADHILAC. <!--more-->D\u00eda: martes 14 de junio de 2016 \u00a0&#8211;\u00a0Hora: 3 pm<\/p>\n<p>Lugar: Casa del ALBA Cultural &#8211;\u00a0L\u00ednea esquina a D, El Vedado<br \/>\nLa Habana, Cuba.<\/p>\n<p>&nbsp;<\/p>\n<p style=\"text-align: justify;\"><a href=\"https:\/\/adhilac.com.ar\/wp-content\/uploads\/2016\/06\/Invitacion-ADHILAC-2016.pdf\">INVITACION ADHILAC (2016)<\/a><\/p>\n<p style=\"text-align: justify;\">&nbsp;<\/p>\n<p><strong>Publicado por ADHILAC Internacional \u00a9 www.adhilac.com.ar<\/strong><\/p>\n<p>Si Ud. desea asociarse de acuerdo a los Estatutos de ADHILAC\u00a0<a title=\"(ver)\" href=\"https:\/\/adhilac.com.ar\/?page_id=263\">(ver)<\/a> complete el siguiente formulario\u00a0<a title=\"(ver)\" href=\"https:\/\/adhilac.com.ar\/?page_id=3194\">(ver)<\/a><\/p>\n<p>E-mail:\u00a0<a title=\"info@adhilac.com.ar\" href=\"https:\/\/adhilac.com.ar\/info@adhilac.com.ar\" target=\"_blank\">info@adhilac.com.ar<\/a><strong> <\/strong><\/p>\n<p>Twitter: @AdhilacInfo<\/p>\n<p style=\"text-align: justify;\">&nbsp;<\/p>\n","protected":false},"excerpt":{"rendered":"<p>La Asociaci\u00f3n de Historiadores Latinoamericanos y del Caribe (ADHILAC), la C\u00e1tedra Bolivariana de la Universidad de La Habana y la Casa del ALBA Cultural, lo invitan al panel dedicado al bicentenario del decreto de abolici\u00f3n de la esclavitud de Sim\u00f3n Bol\u00edvar y del fin de la \u201cguerra a muerte\u201d. El mismo contar\u00e1 con la participaci\u00f3n [&hellip;]<\/p>\n","protected":false},"author":2,"featured_media":0,"comment_status":"closed","ping_status":"closed","sticky":false,"template":"","format":"standard","meta":{"_crdt_document":"","footnotes":""},"categories":[18,5,15,40],"tags":[699,46],"class_list":["post-11771","post","type-post","status-publish","format-standard","hentry","category-adhilac-cuba","category-congresos","category-historia","category-informaciones","tag-abolicion-de-la-esclavitud","tag-simon-bolivar"],"_links":{"self":[{"href":"https:\/\/adhilac.com.ar\/index.php?rest_route=\/wp\/v2\/posts\/11771","targetHints":{"allow":["GET"]}}],"collection":[{"href":"https:\/\/adhilac.com.ar\/index.php?rest_route=\/wp\/v2\/posts"}],"about":[{"href":"https:\/\/adhilac.com.ar\/index.php?rest_route=\/wp\/v2\/types\/post"}],"author":[{"embeddable":true,"href":"https:\/\/adhilac.com.ar\/index.php?rest_route=\/wp\/v2\/users\/2"}],"replies":[{"embeddable":true,"href":"https:\/\/adhilac.com.ar\/index.php?rest_route=%2Fwp%2Fv2%2Fcomments&post=11771"}],"version-history":[{"count":4,"href":"https:\/\/adhilac.com.ar\/index.php?rest_route=\/wp\/v2\/posts\/11771\/revisions"}],"predecessor-version":[{"id":11773,"href":"https:\/\/adhilac.com.ar\/index.php?rest_route=\/wp\/v2\/posts\/11771\/revisions\/11773"}],"wp:attachment":[{"href":"https:\/\/adhilac.com.ar\/index.php?rest_route=%2Fwp%2Fv2%2Fmedia&parent=11771"}],"wp:term":[{"taxonomy":"category","embeddable":true,"href":"https:\/\/adhilac.com.ar\/index.php?rest_route=%2Fwp%2Fv2%2Fcategories&post=11771"},{"taxonomy":"post_tag","embeddable":true,"href":"https:\/\/adhilac.com.ar\/index.php?rest_route=%2Fwp%2Fv2%2Ftags&post=11771"}],"curies":[{"name":"wp","href":"https:\/\/api.w.org\/{rel}","templated":true}]}}