{"id":11777,"date":"2016-06-14T20:27:46","date_gmt":"2016-06-14T23:27:46","guid":{"rendered":"https:\/\/adhilac.com.ar\/?p=11777"},"modified":"2016-06-15T17:54:54","modified_gmt":"2016-06-15T20:54:54","slug":"seminariosbicentenario-de-la-declaracion-de-la-independencia-nacional-la-marea-adhilac-buenos-aires-argentina-25-y-29-de-junio-2-de-julio-de-2016","status":"publish","type":"post","link":"https:\/\/adhilac.com.ar\/?p=11777","title":{"rendered":"Seminarios: Bicentenario de la Declaraci\u00f3n de la Independencia Nacional. La Marea &#8211; ADHILAC. Buenos Aires. Argentina. Junio 25\/29 y julio 2 &#8211; 2016"},"content":{"rendered":"<div dir=\"ltr\">\n<div dir=\"ltr\">\n<h3 style=\"text-align: justify;\"><span style=\"color: #339966;\"><a href=\"https:\/\/adhilac.com.ar\/wp-content\/uploads\/2016\/06\/Flyer-LM.jpg\"><img loading=\"lazy\" decoding=\"async\" class=\"alignleft size-full wp-image-11781\" title=\"Flyer LM\" src=\"https:\/\/adhilac.com.ar\/wp-content\/uploads\/2016\/06\/Flyer-LM.jpg\" alt=\"\" width=\"179\" height=\"128\" srcset=\"https:\/\/adhilac.com.ar\/wp-content\/uploads\/2016\/06\/Flyer-LM.jpg 827w, https:\/\/adhilac.com.ar\/wp-content\/uploads\/2016\/06\/Flyer-LM-300x214.jpg 300w\" sizes=\"auto, (max-width: 179px) 100vw, 179px\" \/><\/a>Centro Cultural Ra\u00edces &#8211; 19 hs.<\/span><\/h3>\n<h3 style=\"text-align: justify;\"><span style=\"color: #339966;\"><br \/>\n<\/span><\/h3>\n<div style=\"text-align: justify;\"><span style=\"font-size: small;\"><strong><em>La Marea<\/em>,<\/strong> como\u00a0integrante del Movimiento por la Segunda y Definitiva Independencia, organizar\u00e1 tres\u00a0seminarios tem\u00e1ticos en el marco del Bicentenario de la Declaraci\u00f3n de la Independencia Nacional. <\/span><\/div>\n<div style=\"text-align: justify;\"><span style=\"font-size: small;\"><br \/>\n<\/span><\/div>\n<div style=\"text-align: justify;\">Se realizar\u00e1n en el Centro Cultural Ra\u00edces (Agrelo 3045, Ciudad\u00a0Aut\u00f3noma\u00a0de Buenos Aires) y ser\u00e1n los siguientes:<span style=\"font-size: small;\"><span style=\"font-size: x-small;\"><!--more--><\/span><br \/>\n<\/span><\/div>\n<\/div>\n<\/div>\n<div style=\"text-align: justify;\"><span style=\"font-size: small;\"><strong><br \/>\n<\/strong><\/span><\/div>\n<div style=\"text-align: justify;\"><span style=\"font-size: small;\"><strong>S\u00e1bado 25 de junio, 19 hs. <\/strong><br \/>\n<\/span><\/div>\n<div style=\"text-align: justify;\">\n<div><span style=\"font-size: small;\">Prof.\u00a0<strong>Teresa Eggers Brass<\/strong>:<br \/>\n<\/span><\/div>\n<div><span style=\"font-size: small;\">\u201c\u00bf<em><strong>Independencia: de toda otra dominaci\u00f3n extranjera<\/strong><\/em>?\u00bb.<\/span><\/div>\n<\/div>\n<div style=\"text-align: justify;\">\n<div><span style=\"font-size: small;\">Con cierre art\u00edstico y musical a cargo del grupo \u00ab<strong>La vuelta folkl\u00f3rica<\/strong>\u00ab, integrado por <\/span><span style=\"font-size: small;\">Daniel Gim\u00e9nez (guitarra, voz) y Lucila G\u00f3mez (pianista, compositora).<\/span><\/div>\n<div><span style=\"font-size: small;\"><br \/>\n<\/span><\/div>\n<div><span style=\"font-size: small;\"> <\/span><\/div>\n<\/div>\n<p><span style=\"font-size: small;\"> <\/span><\/p>\n<div style=\"text-align: justify;\"><span style=\"font-size: small;\"> <\/span><\/div>\n<p><span style=\"font-size: small;\"> <\/span><\/p>\n<div style=\"text-align: justify;\"><span style=\"font-size: small;\"><strong>Mi\u00e9rcoles 29 de junio, 19 hs.<\/strong><br \/>\n<\/span><\/div>\n<div style=\"text-align: justify;\" dir=\"ltr\">\n<div><span style=\"font-size: small;\">Prof.\u00a0<strong>Eduardo Azcuy Ameghino<\/strong>:<br \/>\n<\/span><\/div>\n<div><span style=\"font-size: small;\">\u201c<em><strong>De mayo de 1810 a julio de 1816: el largo camino hacia la independencia<\/strong><\/em>\u201d.<br \/>\n<\/span><\/div>\n<div><span style=\"font-size: small;\">Presentaci\u00f3n de su libro\u00a0<em>Historia de Artigas y la independencia argentin<\/em><em>a<\/em>.<\/span><\/div>\n<\/div>\n<p><span style=\"font-size: small;\"><br \/>\n<\/span><\/p>\n<div style=\"text-align: justify;\" dir=\"ltr\"><span style=\"font-size: small;\"><strong>S<\/strong><strong>\u00e1bado 2 de julio, 19 horas. <\/strong><br \/>\n<\/span><\/div>\n<div style=\"text-align: justify;\" dir=\"ltr\">\n<div><span style=\"font-size: small;\">Prof.\u00a0<strong>Claudio Spiguel<\/strong>:<br \/>\n<\/span><\/div>\n<div>\n<div><span style=\"font-size: small;\">\u00ab<em><strong>Reflexiones desde el presente hist\u00f3rico argentino<\/strong><\/em>\u00ab.<\/span><\/div>\n<div><span style=\"font-size: small;\"><em>Presentaci\u00f3n de nueva revista juveni<\/em><em>l.<\/em><br \/>\n<\/span><\/div>\n<\/div>\n<div dir=\"ltr\">\n<div dir=\"ltr\">\n<div dir=\"ltr\"><span style=\"font-size: small;\">Con cierre art\u00edstico y musical con la cantante, compositora y guitarrista\u00a0<strong>Silvana Di Matteo<\/strong>.<br \/>\n<\/span><\/div>\n<div>En el Centro Cultural Ra\u00edces, Agrelo 3045. C.A.B.A.<\/div>\n<div><span style=\"color: #ffffff;\">\\<\/span><\/div>\n<div><span style=\"color: #ffffff;\">\\<\/span><\/div>\n<div>\n<div dir=\"ltr\"><strong>AUSPICIA:\u00a0<em>ADHILAC,<\/em><\/strong><em> Asociaci\u00f3n de Historiadores latinoamericanos y del Caribe, Argentina.<\/em><\/div>\n<\/div>\n<\/div>\n<\/div>\n<\/div>\n<p>&nbsp;<\/p>\n<p><a href=\"https:\/\/adhilac.com.ar\/wp-content\/uploads\/2016\/06\/Flyer-LM.jpg\"><img loading=\"lazy\" decoding=\"async\" class=\"size-full wp-image-11781 alignnone\" title=\"SEMINARIOS LA MAREA\" src=\"https:\/\/adhilac.com.ar\/wp-content\/uploads\/2016\/06\/Flyer-LM.jpg\" alt=\"\" width=\"496\" height=\"355\" srcset=\"https:\/\/adhilac.com.ar\/wp-content\/uploads\/2016\/06\/Flyer-LM.jpg 827w, https:\/\/adhilac.com.ar\/wp-content\/uploads\/2016\/06\/Flyer-LM-300x214.jpg 300w\" sizes=\"auto, (max-width: 496px) 100vw, 496px\" \/><\/a><\/p>\n<p>&nbsp;<\/p>\n<p>&nbsp;<\/p>\n<p><strong>Publicado por ADHILAC Internacional \u00a9 www.adhilac.com.ar<\/strong><\/p>\n<p>Si Ud. desea asociarse de acuerdo a los Estatutos de ADHILAC\u00a0<a title=\"(ver)\" href=\"https:\/\/adhilac.com.ar\/?page_id=263\">(ver)<\/a> complete el siguiente formulario\u00a0<a title=\"(ver)\" href=\"https:\/\/adhilac.com.ar\/?page_id=3194\">(ver)<\/a><\/p>\n<p>E-mail:\u00a0<a title=\"info@adhilac.com.ar\" href=\"https:\/\/adhilac.com.ar\/info@adhilac.com.ar\" target=\"_blank\">info@adhilac.com.ar<\/a><strong> <\/strong><\/p>\n<p>Twitter: @AdhilacInfo<\/p>\n<p>&nbsp;<\/p>\n","protected":false},"excerpt":{"rendered":"<p>Centro Cultural Ra\u00edces &#8211; 19 hs. La Marea, como\u00a0integrante del Movimiento por la Segunda y Definitiva Independencia, organizar\u00e1 tres\u00a0seminarios tem\u00e1ticos en el marco del Bicentenario de la Declaraci\u00f3n de la Independencia Nacional. Se realizar\u00e1n en el Centro Cultural Ra\u00edces (Agrelo 3045, Ciudad\u00a0Aut\u00f3noma\u00a0de Buenos Aires) y ser\u00e1n los siguientes:<\/p>\n","protected":false},"author":37,"featured_media":0,"comment_status":"closed","ping_status":"closed","sticky":false,"template":"","format":"standard","meta":{"_crdt_document":"","footnotes":""},"categories":[10,5,15,40],"tags":[43,14,341,611],"class_list":["post-11777","post","type-post","status-publish","format-standard","hentry","category-adhil-arg","category-congresos","category-historia","category-informaciones","tag-artigas","tag-bicentenario","tag-historia-presente","tag-independencia-americana"],"_links":{"self":[{"href":"https:\/\/adhilac.com.ar\/index.php?rest_route=\/wp\/v2\/posts\/11777","targetHints":{"allow":["GET"]}}],"collection":[{"href":"https:\/\/adhilac.com.ar\/index.php?rest_route=\/wp\/v2\/posts"}],"about":[{"href":"https:\/\/adhilac.com.ar\/index.php?rest_route=\/wp\/v2\/types\/post"}],"author":[{"embeddable":true,"href":"https:\/\/adhilac.com.ar\/index.php?rest_route=\/wp\/v2\/users\/37"}],"replies":[{"embeddable":true,"href":"https:\/\/adhilac.com.ar\/index.php?rest_route=%2Fwp%2Fv2%2Fcomments&post=11777"}],"version-history":[{"count":12,"href":"https:\/\/adhilac.com.ar\/index.php?rest_route=\/wp\/v2\/posts\/11777\/revisions"}],"predecessor-version":[{"id":11782,"href":"https:\/\/adhilac.com.ar\/index.php?rest_route=\/wp\/v2\/posts\/11777\/revisions\/11782"}],"wp:attachment":[{"href":"https:\/\/adhilac.com.ar\/index.php?rest_route=%2Fwp%2Fv2%2Fmedia&parent=11777"}],"wp:term":[{"taxonomy":"category","embeddable":true,"href":"https:\/\/adhilac.com.ar\/index.php?rest_route=%2Fwp%2Fv2%2Fcategories&post=11777"},{"taxonomy":"post_tag","embeddable":true,"href":"https:\/\/adhilac.com.ar\/index.php?rest_route=%2Fwp%2Fv2%2Ftags&post=11777"}],"curies":[{"name":"wp","href":"https:\/\/api.w.org\/{rel}","templated":true}]}}