{"id":11803,"date":"2016-06-20T11:50:46","date_gmt":"2016-06-20T14:50:46","guid":{"rendered":"https:\/\/adhilac.com.ar\/?p=11803"},"modified":"2016-06-20T20:07:53","modified_gmt":"2016-06-20T23:07:53","slug":"las-intervenciones-estadounidenses-en-el-continente-a-los-cien-anos-de-la-primera-ocupacion-militar-a-republica-dominicana-sto-domingo-4-6-septiembre-de-2016","status":"publish","type":"post","link":"https:\/\/adhilac.com.ar\/?p=11803","title":{"rendered":"Las intervenciones estadounidenses en el continente. A los cien a\u00f1os de la primera ocupaci\u00f3n militar a Rep\u00fablica Dominicana. Sto Domingo. 4-6 septiembre de 2016"},"content":{"rendered":"<h3 style=\"text-align: justify;\"><span style=\"color: #339966;\"><a href=\"https:\/\/adhilac.com.ar\/wp-content\/uploads\/2016\/06\/Afiche-Historia-Intervenciones-corregido-copy-1.jpg\"><img loading=\"lazy\" decoding=\"async\" class=\"alignleft size-full wp-image-11807\" title=\"Afiche Historia Intervenciones corregido copy (1)\" src=\"https:\/\/adhilac.com.ar\/wp-content\/uploads\/2016\/06\/Afiche-Historia-Intervenciones-corregido-copy-1.jpg\" alt=\"\" width=\"245\" height=\"378\" srcset=\"https:\/\/adhilac.com.ar\/wp-content\/uploads\/2016\/06\/Afiche-Historia-Intervenciones-corregido-copy-1.jpg 4917w, https:\/\/adhilac.com.ar\/wp-content\/uploads\/2016\/06\/Afiche-Historia-Intervenciones-corregido-copy-1-194x300.jpg 194w, https:\/\/adhilac.com.ar\/wp-content\/uploads\/2016\/06\/Afiche-Historia-Intervenciones-corregido-copy-1-662x1024.jpg 662w\" sizes=\"auto, (max-width: 245px) 100vw, 245px\" \/><\/a>SEMINARIO INTERNACIONAL<\/span><\/h3>\n<p style=\"text-align: justify;\">29 de abril, 2016<\/p>\n<p style=\"text-align: justify;\"><strong><span style=\"text-decoration: underline;\">CIRCULAR II<\/span><\/strong><\/p>\n<p style=\"text-align: justify;\">Por razones atendibles\u00a0 y relacionadas con el proceso eleccionario \u00a0que se encuentra inmersa la Rep\u00fablica Dominicana, la Escuela de Historia y Antropolog\u00eda de la Facultad de Humanidades, Universidad Aut\u00f3noma de Santo Domingo y la Asociaci\u00f3n de Historiadores Latinoamericanos y del Caribe ADHILAC, comunican por esta v\u00eda que el Seminario sobre las intervenciones estadounidenses en el continente americano, pautado para el mes de julio ha sido pospuesto para los d\u00edas 4, 5 y 6 de septiembre del presente a\u00f1o.<\/p>\n<p style=\"text-align: justify;\">&nbsp;<\/p>\n<p style=\"text-align: justify;\">Pedimos disculpas a las personas que muy amablemente han enviado sus res\u00famenes de ponencias, a quienes les remitiremos su carta de aprobaci\u00f3n en la pr\u00f3xima semana para que contin\u00faen en sus gestiones de patrocinio y puedan asistir al mismo.<\/p>\n<p style=\"text-align: justify;\">&nbsp;<\/p>\n<p style=\"text-align: justify;\">Desde Santo Domingo, reciban un fuerte abrazo &#8211; \u00a0<strong>Angela Altagracia Fern\u00e1ndez R. \u00a0M. A. <\/strong>&#8211; Coordinadora<!--more--><\/p>\n<p style=\"text-align: justify;\">&nbsp;<\/p>\n<p style=\"text-align: justify;\"><strong>Convocan<\/strong><br \/>\nUniversidad Aut\u00f3noma de Santo Domingo. Facultad de Humanidades, Escuela de Historia y Antropolog\u00eda<br \/>\nAsociaci\u00f3n de Historiadores Latinoamericanos y del Caribe (ADHILAC)<\/p>\n<p style=\"text-align: justify;\">VER AQUI LA CONVOCATORIA\u00a0<a href=\"https:\/\/adhilac.com.ar\/wp-content\/uploads\/2016\/06\/Bro-Congreso-actualizado.pdf\">Seminario Internacional REP\u00daBLICA DOMINICANA 2016<\/a><\/p>\n<p style=\"text-align: justify;\"><strong>Correos electr\u00f3nicos del comit\u00e9 de recepci\u00f3n de ponencias:<\/strong><\/p>\n<ul style=\"text-align: justify;\">\n<li style=\"text-align: justify;\"> \u00c1ngela Altagracia Fern\u00e1ndez;<a href=\"mailto:afernandez28@uasd.edu.do\"> afernandez28@uasd.edu.do,<\/a> <a href=\"mailto:angela_a_f2000@yahoo.es\">angela_a_f2000@yahoo.es<\/a><\/li>\n<li style=\"text-align: justify;\"> Santiago Castro Ventura;\u00a0<a href=\"mailto:santiagocastrov@hotmail.com\">santiagocastrov@hotmail.com<\/a><\/li>\n<li style=\"text-align: justify;\"> Ana Josefa Echavarr\u00eda;\u00a0<a href=\"mailto:ana-je@hotmail.com\">ana-je@hotmail.com<\/a><\/li>\n<li style=\"text-align: justify;\"> Amaury P\u00e9rez;\u00a0<a href=\"mailto:amaurygperez@gmail.com\">amaurygperez@gmail.com<\/a><\/li>\n<\/ul>\n<p style=\"text-align: justify;\">&nbsp;<\/p>\n<p style=\"text-align: justify;\"><strong>Publicado por ADHILAC Internacional \u00a9 www.adhilac.com.ar<\/strong><\/p>\n<p style=\"text-align: justify;\">Si Ud. desea asociarse de acuerdo a los Estatutos de ADHILAC\u00a0<a title=\"(ver)\" href=\"https:\/\/adhilac.com.ar\/?page_id=263\">(ver)<\/a> complete el siguiente formulario\u00a0<a title=\"(ver)\" href=\"https:\/\/adhilac.com.ar\/?page_id=3194\">(ver)<\/a><\/p>\n<p style=\"text-align: justify;\">E-mail:\u00a0<a title=\"info@adhilac.com.ar\" href=\"https:\/\/adhilac.com.ar\/info@adhilac.com.ar\" target=\"_blank\">info@adhilac.com.ar<\/a><strong> <\/strong><\/p>\n<p style=\"text-align: justify;\">Twitter: @AdhilacInfo<\/p>\n","protected":false},"excerpt":{"rendered":"<p>SEMINARIO INTERNACIONAL 29 de abril, 2016 CIRCULAR II Por razones atendibles\u00a0 y relacionadas con el proceso eleccionario \u00a0que se encuentra inmersa la Rep\u00fablica Dominicana, la Escuela de Historia y Antropolog\u00eda de la Facultad de Humanidades, Universidad Aut\u00f3noma de Santo Domingo y la Asociaci\u00f3n de Historiadores Latinoamericanos y del Caribe ADHILAC, comunican por esta v\u00eda que [&hellip;]<\/p>\n","protected":false},"author":2,"featured_media":0,"comment_status":"closed","ping_status":"closed","sticky":false,"template":"","format":"standard","meta":{"_crdt_document":"","footnotes":""},"categories":[3,5],"tags":[13,660,203],"class_list":["post-11803","post","type-post","status-publish","format-standard","hentry","category-adhilac-inter","category-congresos","tag-america-latina","tag-intervenciones-estadounidenses","tag-republica-dominicana"],"_links":{"self":[{"href":"https:\/\/adhilac.com.ar\/index.php?rest_route=\/wp\/v2\/posts\/11803","targetHints":{"allow":["GET"]}}],"collection":[{"href":"https:\/\/adhilac.com.ar\/index.php?rest_route=\/wp\/v2\/posts"}],"about":[{"href":"https:\/\/adhilac.com.ar\/index.php?rest_route=\/wp\/v2\/types\/post"}],"author":[{"embeddable":true,"href":"https:\/\/adhilac.com.ar\/index.php?rest_route=\/wp\/v2\/users\/2"}],"replies":[{"embeddable":true,"href":"https:\/\/adhilac.com.ar\/index.php?rest_route=%2Fwp%2Fv2%2Fcomments&post=11803"}],"version-history":[{"count":4,"href":"https:\/\/adhilac.com.ar\/index.php?rest_route=\/wp\/v2\/posts\/11803\/revisions"}],"predecessor-version":[{"id":11811,"href":"https:\/\/adhilac.com.ar\/index.php?rest_route=\/wp\/v2\/posts\/11803\/revisions\/11811"}],"wp:attachment":[{"href":"https:\/\/adhilac.com.ar\/index.php?rest_route=%2Fwp%2Fv2%2Fmedia&parent=11803"}],"wp:term":[{"taxonomy":"category","embeddable":true,"href":"https:\/\/adhilac.com.ar\/index.php?rest_route=%2Fwp%2Fv2%2Fcategories&post=11803"},{"taxonomy":"post_tag","embeddable":true,"href":"https:\/\/adhilac.com.ar\/index.php?rest_route=%2Fwp%2Fv2%2Ftags&post=11803"}],"curies":[{"name":"wp","href":"https:\/\/api.w.org\/{rel}","templated":true}]}}