{"id":11809,"date":"2016-06-29T00:07:32","date_gmt":"2016-06-29T03:07:32","guid":{"rendered":"https:\/\/adhilac.com.ar\/?p=11809"},"modified":"2016-08-05T11:38:46","modified_gmt":"2016-08-05T14:38:46","slug":"giro-en-la-oea-juan-j-paz-y-mino-c","status":"publish","type":"post","link":"https:\/\/adhilac.com.ar\/?p=11809","title":{"rendered":"Giro en la OEA Juan J. Paz y Mi\u00f1o C."},"content":{"rendered":"<p style=\"text-align: justify;\">Como bien se conoce en historia, la OEA naci\u00f3 en 1948 como un instrumento de la pol\u00edtica exterior norteamericana para unificar al continente en torno a la \u201cguerra fr\u00eda\u201d. Pero la 46 Asamblea General de esta organizaci\u00f3n, realizada en Rep\u00fablica Dominicana (13 al 15 de junio de 2016) ha marcado una ruptura con la trayectoria institucional anterior. La Asamblea concluy\u00f3 con varias declaraciones. Una, reconoci\u00f3 \u201cque la esclavitud y la trata de esclavos fueron cr\u00edmenes atroces en la historia de la humanidad\u201d, y apoy\u00f3 la iniciativa de CARICOM para la creaci\u00f3n de la Comisi\u00f3n de Reparaciones de la Comunidad del Caribe, destinada a \u201ccorregir las injusticias de la historia\u201d. Otra, afirm\u00f3 la Carta Social, acordando: \u201cEl compromiso de promover y lograr progresivamente la plena efectividad de los derechos econ\u00f3micos, sociales y culturales a trav\u00e9s de las pol\u00edticas y programas que consideren m\u00e1s eficaces y adecuados a sus necesidades, de conformidad con sus procesos democr\u00e1ticos y recursos disponibles\u201d. Aunque en forma tibia, tambi\u00e9n se reconoci\u00f3 la Cuesti\u00f3n de las Islas Malvinas como \u201cun tema de permanente inter\u00e9s hemisf\u00e9rico\u201d, reafirmando la necesidad de que Argentina, Gran Breta\u00f1a e Irlanda del Norte reanuden \u201clas negociaciones sobre la disputa de soberan\u00eda\u201d. <!--more-->La Asamblea abog\u00f3, igualmente, por la pac\u00edfica soluci\u00f3n del diferendo territorial, insular y mar\u00edtimo entre Belice y Guatemala. Reiter\u00f3 la Declaraci\u00f3n Americana sobre los Derechos de los Pueblos Ind\u00edgenas, reconociendo que ellos \u201ctienen derecho a la libre determinaci\u00f3n\u201d y a perseguir \u201clibremente su desarrollo econ\u00f3mico, social y cultural\u201d. Pero hay dos asuntos que merecen destacarse: uno, la \u201cDeclaraci\u00f3n sobre Rep\u00fablica Dominicana\u201d que reconoce que los acontecimientos de abril de 1965, cuando bajo orquestaci\u00f3n de la CIA se realiz\u00f3 la invasi\u00f3n norteamericana a la isla, \u201cprodujeron perturbaci\u00f3n y luto, adem\u00e1s de indignaci\u00f3n\u201d en el pueblo dominicano; de modo que la Asamblea acord\u00f3: \u201cLamentar la p\u00e9rdida de vidas humanas y expresar al pueblo dominicano las condolencias de la Organizaci\u00f3n\u201d, as\u00ed como \u201cdesagraviar al pueblo dominicano\u201d por aquellos acontecimientos \u201cque interrumpieron el proceso de restablecimiento del orden constitucional\u201d. Se trata de una posici\u00f3n in\u00e9dita de la OEA, distinta a la que mantuvo precisamente en 1965, cuando \u00fanicamente Chile, ECUADOR, M\u00e9xico, Per\u00fa y Uruguay votaron en contra de legitimar semejante invasi\u00f3n. El otro asunto es Venezuela: la OEA respald\u00f3 a este pa\u00eds contra la posici\u00f3n del secretario general, Luis Almagro, que pretendi\u00f3 una posible intervenci\u00f3n orquestada por la derecha venezolana, que habr\u00eda implicado el retorno a la vieja usanza imperialista. La canciller de Venezuela, Delcy Rodr\u00edguez, hizo una brillante y contundente intervenci\u00f3n, que detuvo las intencionalidades proclamadas por John Kerry, secretario de Estado de los EE.UU., y que mereci\u00f3 el respaldo de la mayor\u00eda de pa\u00edses americanos a la causa de la soberan\u00eda y la dignidad plenas de Venezuela. \u00a1C\u00f3mo han cambiado los tiempos! Am\u00e9rica Latina ha fortalecido sus posiciones en la propia OEA.<\/p>\n<p style=\"text-align: justify;\">&nbsp;<\/p>\n<p style=\"text-align: justify;\">20 de junio de 2016.<\/p>\n<p>Esta noticia ha sido publicada originalmente por Diario EL TEL\u00c9GRAFO bajo la siguiente direcci\u00f3n:\u00a0<a href=\"http:\/\/www.eltelegrafo.com.ec\/noticias\/columnistas\/1\/giro-en-la-oea\">http:\/\/www.eltelegrafo.com.ec\/noticias\/columnistas\/1\/giro-en-la-oea<\/a><br \/>\nSi va a hacer uso de la misma, por favor, cite nuestra fuente y coloque un enlace hacia la nota original.\u00a0<a href=\"http:\/\/www.eltelegrafo.com.ec\/\" target=\"_blank\">www.eltelegrafo.com.ec<\/a><\/p>\n","protected":false},"excerpt":{"rendered":"<p>Como bien se conoce en historia, la OEA naci\u00f3 en 1948 como un instrumento de la pol\u00edtica exterior norteamericana para unificar al continente en torno a la \u201cguerra fr\u00eda\u201d. Pero la 46 Asamblea General de esta organizaci\u00f3n, realizada en Rep\u00fablica Dominicana (13 al 15 de junio de 2016) ha marcado una ruptura con la trayectoria [&hellip;]<\/p>\n","protected":false},"author":2,"featured_media":0,"comment_status":"closed","ping_status":"closed","sticky":false,"template":"","format":"standard","meta":{"_crdt_document":"","footnotes":""},"categories":[15],"tags":[701],"class_list":["post-11809","post","type-post","status-publish","format-standard","hentry","category-historia","tag-organizacion-de-estados-americanos"],"_links":{"self":[{"href":"https:\/\/adhilac.com.ar\/index.php?rest_route=\/wp\/v2\/posts\/11809","targetHints":{"allow":["GET"]}}],"collection":[{"href":"https:\/\/adhilac.com.ar\/index.php?rest_route=\/wp\/v2\/posts"}],"about":[{"href":"https:\/\/adhilac.com.ar\/index.php?rest_route=\/wp\/v2\/types\/post"}],"author":[{"embeddable":true,"href":"https:\/\/adhilac.com.ar\/index.php?rest_route=\/wp\/v2\/users\/2"}],"replies":[{"embeddable":true,"href":"https:\/\/adhilac.com.ar\/index.php?rest_route=%2Fwp%2Fv2%2Fcomments&post=11809"}],"version-history":[{"count":6,"href":"https:\/\/adhilac.com.ar\/index.php?rest_route=\/wp\/v2\/posts\/11809\/revisions"}],"predecessor-version":[{"id":11969,"href":"https:\/\/adhilac.com.ar\/index.php?rest_route=\/wp\/v2\/posts\/11809\/revisions\/11969"}],"wp:attachment":[{"href":"https:\/\/adhilac.com.ar\/index.php?rest_route=%2Fwp%2Fv2%2Fmedia&parent=11809"}],"wp:term":[{"taxonomy":"category","embeddable":true,"href":"https:\/\/adhilac.com.ar\/index.php?rest_route=%2Fwp%2Fv2%2Fcategories&post=11809"},{"taxonomy":"post_tag","embeddable":true,"href":"https:\/\/adhilac.com.ar\/index.php?rest_route=%2Fwp%2Fv2%2Ftags&post=11809"}],"curies":[{"name":"wp","href":"https:\/\/api.w.org\/{rel}","templated":true}]}}