{"id":11822,"date":"2016-06-25T16:46:26","date_gmt":"2016-06-25T19:46:26","guid":{"rendered":"https:\/\/adhilac.com.ar\/?p=11822"},"modified":"2016-06-25T16:47:45","modified_gmt":"2016-06-25T19:47:45","slug":"declaracion-de-solidaridad-con-los-trabajadores-de-la-educacion-de-mexico","status":"publish","type":"post","link":"https:\/\/adhilac.com.ar\/?p=11822","title":{"rendered":"DECLARACI\u00d3N DE SOLIDARIDAD CON LOS TRABAJADORES  DE LA EDUCACI\u00d3N DE M\u00c9XICO"},"content":{"rendered":"<h3 style=\"text-align: justify;\"><strong><a href=\"https:\/\/adhilac.com.ar\/wp-content\/uploads\/2015\/09\/AdhilacInt-Celestep.jpg\"><img loading=\"lazy\" decoding=\"async\" class=\"alignleft size-full wp-image-11152\" title=\"AdhilacInt-Celestep\" src=\"https:\/\/adhilac.com.ar\/wp-content\/uploads\/2015\/09\/AdhilacInt-Celestep.jpg\" alt=\"\" width=\"136\" height=\"213\" \/><\/a><\/strong><span style=\"color: #339966;\">ASOCIACI\u00d3N DE HISTORIADORES <\/span><\/h3>\n<h3 style=\"text-align: justify;\"><span style=\"color: #339966;\">LATINOAMERICANOS\u00a0Y DEL CARIBE (ADHILAC)<\/span><\/h3>\n<p style=\"text-align: justify;\">&nbsp;<\/p>\n<p style=\"text-align: justify;\"><strong>Ante los graves hechos de p\u00fablico conocimiento\u00a0 la Asociaci\u00f3n de Historiadores Latinoamericanos y del Caribe (ADHILAC) desea expresar su repudio a la dur\u00edsima represi\u00f3n que est\u00e1n sufriendo los trabajadores de la educaci\u00f3n de Oaxaca (M\u00e9xico).<\/strong><\/p>\n<p style=\"text-align: justify;\"><strong><!--more--><br \/>\n<\/strong><\/p>\n<p style=\"text-align: justify;\"><strong> <\/strong><\/p>\n<p style=\"text-align: justify;\"><strong>Nos solidarizamos con los educadores mexicanos que por ejercer el derecho de oponerse a la reforma educativa son censurados y perseguidos. Es necesario y urgente que se detenga la violencia represiva que ha generado muertos, heridos y desaparecidos.<\/strong><\/p>\n<p style=\"text-align: justify;\">&nbsp;<\/p>\n<p style=\"padding-left: 30px;\">Sergio Guerra Vilaboy<br \/>\nPresidente de\u00a0 ADHILAC Internacional<\/p>\n<p style=\"padding-left: 30px;\">Carolina Crisorio<br \/>\nSecretaria Ejecutiva de ADHILAC Internacional<\/p>\n<p style=\"text-align: justify;\">25 de junio de 2016<\/p>\n<p style=\"text-align: justify;\"><a href=\"mailto:info@adhilac.com.ar\">info@adhilac.com.ar<\/a> \u2013 \u00a0<a href=\"http:\/\/www.adhilac.com.ar\/\">www.adhilac.com.ar<\/a><\/p>\n<p style=\"text-align: justify;\">&nbsp;<\/p>\n<p><strong>Publicado por ADHILAC Internacional \u00a9 www.adhilac.com.ar<\/strong><\/p>\n<p>Si Ud. desea asociarse de acuerdo a los Estatutos de ADHILAC\u00a0<a title=\"(ver)\" href=\"https:\/\/adhilac.com.ar\/?page_id=263\">(ver)<\/a> complete el siguiente formulario\u00a0<a title=\"(ver)\" href=\"https:\/\/adhilac.com.ar\/?page_id=3194\">(ver)<\/a><\/p>\n<p>E-mail:\u00a0<a title=\"info@adhilac.com.ar\" href=\"https:\/\/adhilac.com.ar\/info@adhilac.com.ar\" target=\"_blank\">info@adhilac.com.ar<\/a><strong> <\/strong><\/p>\n<p>Twitter: @AdhilacInfo<\/p>\n","protected":false},"excerpt":{"rendered":"<p>ASOCIACI\u00d3N DE HISTORIADORES LATINOAMERICANOS\u00a0Y DEL CARIBE (ADHILAC) &nbsp; Ante los graves hechos de p\u00fablico conocimiento\u00a0 la Asociaci\u00f3n de Historiadores Latinoamericanos y del Caribe (ADHILAC) desea expresar su repudio a la dur\u00edsima represi\u00f3n que est\u00e1n sufriendo los trabajadores de la educaci\u00f3n de Oaxaca (M\u00e9xico).<\/p>\n","protected":false},"author":2,"featured_media":0,"comment_status":"closed","ping_status":"closed","sticky":false,"template":"","format":"standard","meta":{"_crdt_document":"","footnotes":""},"categories":[3,40],"tags":[116,121,272],"class_list":["post-11822","post","type-post","status-publish","format-standard","hentry","category-adhilac-inter","category-informaciones","tag-derechos-humanos","tag-mexico","tag-represion"],"_links":{"self":[{"href":"https:\/\/adhilac.com.ar\/index.php?rest_route=\/wp\/v2\/posts\/11822","targetHints":{"allow":["GET"]}}],"collection":[{"href":"https:\/\/adhilac.com.ar\/index.php?rest_route=\/wp\/v2\/posts"}],"about":[{"href":"https:\/\/adhilac.com.ar\/index.php?rest_route=\/wp\/v2\/types\/post"}],"author":[{"embeddable":true,"href":"https:\/\/adhilac.com.ar\/index.php?rest_route=\/wp\/v2\/users\/2"}],"replies":[{"embeddable":true,"href":"https:\/\/adhilac.com.ar\/index.php?rest_route=%2Fwp%2Fv2%2Fcomments&post=11822"}],"version-history":[{"count":2,"href":"https:\/\/adhilac.com.ar\/index.php?rest_route=\/wp\/v2\/posts\/11822\/revisions"}],"predecessor-version":[{"id":11824,"href":"https:\/\/adhilac.com.ar\/index.php?rest_route=\/wp\/v2\/posts\/11822\/revisions\/11824"}],"wp:attachment":[{"href":"https:\/\/adhilac.com.ar\/index.php?rest_route=%2Fwp%2Fv2%2Fmedia&parent=11822"}],"wp:term":[{"taxonomy":"category","embeddable":true,"href":"https:\/\/adhilac.com.ar\/index.php?rest_route=%2Fwp%2Fv2%2Fcategories&post=11822"},{"taxonomy":"post_tag","embeddable":true,"href":"https:\/\/adhilac.com.ar\/index.php?rest_route=%2Fwp%2Fv2%2Ftags&post=11822"}],"curies":[{"name":"wp","href":"https:\/\/api.w.org\/{rel}","templated":true}]}}