{"id":11825,"date":"2016-06-26T18:52:13","date_gmt":"2016-06-26T21:52:13","guid":{"rendered":"https:\/\/adhilac.com.ar\/?p=11825"},"modified":"2016-06-26T18:52:13","modified_gmt":"2016-06-26T21:52:13","slug":"adhilac-cuba-renueva-su-directiva-junio-2016","status":"publish","type":"post","link":"https:\/\/adhilac.com.ar\/?p=11825","title":{"rendered":"ADHILAC CUBA RENUEVA SU DIRECTIVA. Junio 2016."},"content":{"rendered":"<h3><span style=\"color: #339966;\">INFORMACI\u00d3N <\/span><\/h3>\n<p style=\"text-align: justify;\"><span style=\"color: #339966;\"> <\/span><br \/>\nEl pasado 24 de junio de 2016, en la Casa Fernando Ortiz de la ciudad de  La Habana, se efectu\u00f3 la Asamblea General de la Secci\u00f3n Cubana de la  Asociaci\u00f3n de Historiadores Latinoamericanos y del Caribe (ADHILAC). En  la misma se realiz\u00f3 un balance del trabajo realizado entre 2014 y 2016 y  fue elegida una nueva directiva nacional para el periodo 2016-2018 que  qued\u00f3\u00a0integrada por los siguientes historiadores afiliados a la ADHILAC.<!--more--><\/p>\n<p style=\"text-align: justify;\"><strong>Presidente<\/strong>:<\/p>\n<p style=\"padding-left: 30px;\">Sergio Guerra Vilaboy<\/p>\n<p style=\"text-align: justify;\"><strong>Miembros:<\/strong><\/p>\n<p style=\"text-align: justify; padding-left: 30px;\">Arturo Sorhegui D-Mares<br \/>\nJoel Cordov\u00ed N\u00fa\u00f1ez<br \/>\nDolores Guerra L\u00f3pez<br \/>\nOscar Zanetti Lecuona<br \/>\nRen\u00e9 Villaboy Zaldivar<br \/>\nRen\u00e9 Gonz\u00e1lez Barrios<\/p>\n<p><strong>Publicado por ADHILAC Internacional \u00a9 www.adhilac.com.ar<\/strong><\/p>\n<p>Si Ud. desea asociarse de acuerdo a los Estatutos de ADHILAC\u00a0<a title=\"(ver)\" href=\"https:\/\/adhilac.com.ar\/?page_id=263\">(ver)<\/a> complete el siguiente formulario\u00a0<a title=\"(ver)\" href=\"https:\/\/adhilac.com.ar\/?page_id=3194\">(ver)<\/a><\/p>\n<p>E-mail:\u00a0<a title=\"info@adhilac.com.ar\" href=\"https:\/\/adhilac.com.ar\/info@adhilac.com.ar\" target=\"_blank\">info@adhilac.com.ar<\/a><strong><\/strong><\/p>\n<p>Twitter: @AdhilacInfo<\/p>\n<p style=\"text-align: justify;\">&nbsp;<\/p>\n","protected":false},"excerpt":{"rendered":"<p>INFORMACI\u00d3N El pasado 24 de junio de 2016, en la Casa Fernando Ortiz de la ciudad de La Habana, se efectu\u00f3 la Asamblea General de la Secci\u00f3n Cubana de la Asociaci\u00f3n de Historiadores Latinoamericanos y del Caribe (ADHILAC). En la misma se realiz\u00f3 un balance del trabajo realizado entre 2014 y 2016 y fue elegida [&hellip;]<\/p>\n","protected":false},"author":37,"featured_media":0,"comment_status":"closed","ping_status":"closed","sticky":false,"template":"","format":"standard","meta":{"_crdt_document":"","footnotes":""},"categories":[18],"tags":[185,704],"class_list":["post-11825","post","type-post","status-publish","format-standard","hentry","category-adhilac-cuba","tag-adhilac","tag-renovacion-de-directiva"],"_links":{"self":[{"href":"https:\/\/adhilac.com.ar\/index.php?rest_route=\/wp\/v2\/posts\/11825","targetHints":{"allow":["GET"]}}],"collection":[{"href":"https:\/\/adhilac.com.ar\/index.php?rest_route=\/wp\/v2\/posts"}],"about":[{"href":"https:\/\/adhilac.com.ar\/index.php?rest_route=\/wp\/v2\/types\/post"}],"author":[{"embeddable":true,"href":"https:\/\/adhilac.com.ar\/index.php?rest_route=\/wp\/v2\/users\/37"}],"replies":[{"embeddable":true,"href":"https:\/\/adhilac.com.ar\/index.php?rest_route=%2Fwp%2Fv2%2Fcomments&post=11825"}],"version-history":[{"count":1,"href":"https:\/\/adhilac.com.ar\/index.php?rest_route=\/wp\/v2\/posts\/11825\/revisions"}],"predecessor-version":[{"id":11826,"href":"https:\/\/adhilac.com.ar\/index.php?rest_route=\/wp\/v2\/posts\/11825\/revisions\/11826"}],"wp:attachment":[{"href":"https:\/\/adhilac.com.ar\/index.php?rest_route=%2Fwp%2Fv2%2Fmedia&parent=11825"}],"wp:term":[{"taxonomy":"category","embeddable":true,"href":"https:\/\/adhilac.com.ar\/index.php?rest_route=%2Fwp%2Fv2%2Fcategories&post=11825"},{"taxonomy":"post_tag","embeddable":true,"href":"https:\/\/adhilac.com.ar\/index.php?rest_route=%2Fwp%2Fv2%2Ftags&post=11825"}],"curies":[{"name":"wp","href":"https:\/\/api.w.org\/{rel}","templated":true}]}}