{"id":11828,"date":"2016-11-15T22:09:54","date_gmt":"2016-11-16T01:09:54","guid":{"rendered":"https:\/\/adhilac.com.ar\/?p=11828"},"modified":"2016-11-16T18:14:19","modified_gmt":"2016-11-16T21:14:19","slug":"congreso-latinoamericano-y-del-caribe-de-historia-guatemala-15-18-de-noviembre-del-2016","status":"publish","type":"post","link":"https:\/\/adhilac.com.ar\/?p=11828","title":{"rendered":"Congreso Latinoamericano y del Caribe de Historia. Guatemala. 15- 18 de noviembre del 2016"},"content":{"rendered":"<h3><span style=\"color: #339966;\">Conformaci\u00f3n de los Estados de Am\u00e9rica Latina y el Caribe.<\/span><br \/>\n<span style=\"color: #339966;\">Revisi\u00f3n Cr\u00edtica a 200 a\u00f1os de los procesos de Independencia<\/span><\/h3>\n<p><span style=\"color: #993366;\">PREINSCRIPCION <a title=\"AQUI\" href=\"https:\/\/docs.google.com\/forms\/d\/e\/1FAIpQLSeEVSxCL3I-FPhE8tUz3KxCptmlKFSlvbBjjJxnWaXiFQberw\/viewform\" target=\"_blank\">AQUI<\/a> <\/span><\/p>\n<p><a href=\"https:\/\/adhilac.com.ar\/wp-content\/uploads\/2016\/06\/logoCLDH2016.jpg\"><img loading=\"lazy\" decoding=\"async\" class=\"alignnone size-full wp-image-11829\" title=\"logoCLDH2016\" src=\"https:\/\/adhilac.com.ar\/wp-content\/uploads\/2016\/06\/logoCLDH2016.jpg\" alt=\"\" width=\"388\" height=\"196\" srcset=\"https:\/\/adhilac.com.ar\/wp-content\/uploads\/2016\/06\/logoCLDH2016.jpg 646w, https:\/\/adhilac.com.ar\/wp-content\/uploads\/2016\/06\/logoCLDH2016-300x151.jpg 300w\" sizes=\"auto, (max-width: 388px) 100vw, 388px\" \/><\/a><\/p>\n<p style=\"text-align: justify;\"><strong><!--more-->CONVOCATORIA<\/strong><\/p>\n<p style=\"text-align: justify;\">La Universidad de San Carlos de Guatemala, la Escuela de Historia, las Jornadas Acad\u00e9micas de Rector\u00eda 2016, la Direcci\u00f3n General de Investigaci\u00f3n y\u00a0 la Asociaci\u00f3n de Historiadores Latinoamericanos y del Caribe \u2013ADHILAC-, convocan al<\/p>\n<p style=\"text-align: justify;\">Congreso Latinoamericano y del Caribe de Historia, que se realizar\u00e1 en la Ciudad de Guatemala del 15 al 18 de noviembre del 2016, en el\u00a0 Edificio S1 de la Universidad de San Carlos de Guatemala<\/p>\n<p style=\"text-align: justify;\">Con el tema:<\/p>\n<p style=\"text-align: justify;\">Conformaci\u00f3n de los Estados de Am\u00e9rica Latina y el Caribe.<\/p>\n<p style=\"text-align: justify;\">Revisi\u00f3n Cr\u00edtica a 200 a\u00f1os de los procesos de Independencia<\/p>\n<p style=\"text-align: justify;\">&nbsp;<\/p>\n<p style=\"text-align: justify;\"><strong>Objetivo General<\/strong><\/p>\n<p style=\"text-align: justify;\">Analizar desde los distintos procesos de constituci\u00f3n de identidades y de la memoria hist\u00f3rica continental, c\u00f3mo ha sido la construcci\u00f3n de los Estados nacionales latinoamericanos y caribe\u00f1os, y sobre esa base,\u00a0 el impacto que estos han presentado en los diversos escenarios de transformaci\u00f3n social, de la democracia y la ciudadan\u00eda a m\u00e1s de dos siglos de los procesos de independencia.<\/p>\n<p style=\"text-align: justify;\">&nbsp;<\/p>\n<p style=\"text-align: justify;\"><strong>Justificaci\u00f3n<\/strong><\/p>\n<p style=\"text-align: justify;\">Los movimientos de independencia de Am\u00e9rica Latina y el Caribe, durante todo el siglo XIX, con ra\u00edces en el XVIII, repercuten en forma indeleble hasta el XXI.<\/p>\n<p style=\"text-align: justify;\">La historia continental americana, en sus distintas \u00e9pocas y situaciones, ha estado ligada a m\u00faltiples procesos socio-pol\u00edticos y culturales que han conllevado a diversos tipos de violencia y de desconocimiento de derechos y a un panorama de debilitamiento constante de p\u00e9rdida de identidad nacional, que coadyuvan a preguntarse en pleno siglo XXI, qu\u00e9 ha pasado con la construcci\u00f3n de los Estados naci\u00f3n en Am\u00e9rica Latina y el Caribe.<\/p>\n<p style=\"text-align: justify;\">Despu\u00e9s de la eclosi\u00f3n que se suscit\u00f3 hacia 1809-1815 con el tema de las Independencias latinoamericana y caribe\u00f1a, que en muchos pa\u00edses solo conmemoraron una fecha espec\u00edfica y no un proceso continuo de construcci\u00f3n colectiva a trav\u00e9s del tiempo; se hace imperioso desde la academia hacer una cr\u00edtica de c\u00f3mo se viene abordando desde la historiograf\u00eda tales problem\u00e1ticas y qu\u00e9 conceptos se vienen tratando para explicar los principios rectores de la democracia y de la ciudadan\u00eda, vulnerada por muchos factores e intereses a trav\u00e9s del tiempo.<\/p>\n<p style=\"text-align: justify;\">Este coloquio es una invitaci\u00f3n para reflexionar sobre las posiciones hist\u00f3ricas de la temporalidad del inicio de estos movimientos, el siglo XIX y la contemporaneidad,\u00a0 con sus efectos e implicaciones en las relaciones sociales, pol\u00edticas, econ\u00f3micas, intelectuales y culturales de nuestros pueblos.<\/p>\n<p style=\"text-align: justify;\">&nbsp;<\/p>\n<p style=\"text-align: justify;\">&nbsp;<\/p>\n<p style=\"text-align: justify;\"><strong>Ejes tem\u00e1ticos\/Mesas de Trabajo<\/strong><\/p>\n<p style=\"text-align: justify;\">Para lograr el objetivo general propuesto se establecen los siguientes ejes y mesas de trabajo, donde recibir\u00e1n las ponencias para su an\u00e1lisis y aceptaci\u00f3n.\u00a0 Cada mesa-eje estar\u00e1 dirigida por los\u00a0 acad\u00e9micos indicados, a quienes deber\u00e1n dirigirse los interesados enviando sus ponencias seg\u00fan su inter\u00e9s particular:<\/p>\n<p style=\"text-align: justify;\">\u00fc Historia Pol\u00edtica:<\/p>\n<p style=\"text-align: justify;\">\u00c1ngel Valdez\u00a0 <a href=\"mailto:avaldese@gmail.com\">avaldese@gmail.com<\/a><\/p>\n<p style=\"text-align: justify;\">Cristian Cwik <a href=\"mailto:ccwik@uni-koeln.de\">ccwik@uni-koeln.de<\/a><\/p>\n<p style=\"text-align: justify;\">&nbsp;<\/p>\n<p style=\"text-align: justify;\">\u00fc Historia Social:<\/p>\n<p style=\"text-align: justify;\">Rosario M\u00e1rquez <a href=\"mailto:macias@uhu.es\">macias@uhu.es<\/a><\/p>\n<p style=\"text-align: justify;\">Yolanda Estrada <a href=\"mailto:ayer273@gmail.com\">ayer273@gmail.com<\/a><\/p>\n<p style=\"text-align: justify;\">&nbsp;<\/p>\n<p style=\"text-align: justify;\">\u00fc Historia Econ\u00f3mica:<\/p>\n<p style=\"text-align: justify;\">Carolina Crisorio <a href=\"mailto:info@adhilac.com.ar\">info@adhilac.com.ar<\/a><\/p>\n<p style=\"text-align: justify;\">Malco Arana <a href=\"mailto:malco_arana@hotmail.com\">malco_arana@hotmail.com<\/a><\/p>\n<p style=\"text-align: justify;\">&nbsp;<\/p>\n<p style=\"text-align: justify;\">\u00fc Historia del Arte y Cultural:<\/p>\n<p style=\"text-align: justify;\">Altagracia Fern\u00e1ndez <a href=\"mailto:angela_a_f2000@yahoo.es\">angela_a_f2000@yahoo.es<\/a><\/p>\n<p style=\"text-align: justify;\">Rodrigo Carrillo <a href=\"mailto:ruydias_2005@yahoo.com.mx\">ruydias_2005@yahoo.com.mx<\/a><\/p>\n<p style=\"text-align: justify;\">&nbsp;<\/p>\n<p style=\"text-align: justify;\">\u00fc Historiograf\u00eda e Ideas:<\/p>\n<p style=\"text-align: justify;\">Jorge El\u00edas Caro <a href=\"mailto:joelcar1@hotmail.com\">joelcar1@hotmail.com<\/a><\/p>\n<p style=\"text-align: justify;\">Mauricio Chaul\u00f3n <a href=\"mailto:m.chaulonvelez@yahoo.com\">m.chaulonvelez@yahoo.com<\/a><\/p>\n<p style=\"text-align: justify;\">&nbsp;<\/p>\n<p style=\"text-align: justify;\">\u00fc Historia y Memoria:<\/p>\n<p style=\"text-align: justify;\">Mario Celada <a href=\"mailto:mariocelada6@gmail.com%20\/\">mariocelada6@gmail.com <\/a><\/p>\n<p style=\"text-align: justify;\">V\u00edctor Jacinto Flecha <a href=\"mailto:esvjflecha@rieder.net.py\">esvjflecha@rieder.net.py<\/a><\/p>\n<p style=\"text-align: justify;\">&nbsp;<\/p>\n<p style=\"text-align: justify;\"><strong>Plazos y Requerimientos<\/strong><\/p>\n<p style=\"text-align: justify;\">La recepci\u00f3n de las ponencias estar\u00e1 abierta partir del 28 de junio, hasta, e inclusive, el 10 de septiembre.<\/p>\n<p style=\"text-align: justify;\">Las mismas deben contener: Resumen de 500 palabras m\u00e1ximo. Extensi\u00f3n total de la ponencia no mayor de 20 p\u00e1ginas, formato Word, tipo de letra Arial, n\u00famero 12, regl\u00f3n 1.5, justificado, citas APA. Incluir sus ilustraciones en el mismo formato digital, con los cr\u00e9ditos correspondientes.<\/p>\n<p style=\"text-align: justify;\">Cada ponente dispondr\u00e1 de 20 minutos para hacer su presentaci\u00f3n en la fecha y hora asignada por el comit\u00e9 central del Congreso.<\/p>\n<p style=\"text-align: justify;\"><strong>Inscripciones:<\/strong><\/p>\n<p style=\"text-align: justify;\">$ 10 Estudiantes Extranjeros<\/p>\n<p>$ 20.00 Socios ADHILAC y comit\u00e9 organizador<\/p>\n<p>$ 25.00 No socios<\/p>\n<p>Q.25.00 estudiantes guatemaltecos<\/p>\n<p style=\"text-align: justify;\">Las cuotas ser\u00e1n canceladas el d\u00eda de la apertura de las conferencias, mi\u00e9rcoles 16 de noviembre, en la sede del congreso: Ciudad Universitaria, Escuela de Historia, Edificio S1, 3er nivel.<\/p>\n<p style=\"text-align: justify;\"><strong>Correo institucional<\/strong><\/p>\n<p style=\"text-align: justify;\"><a href=\"mailto:adhilacguatemala@gmail.com\">adhilacguatemala@gmail.com<\/a><\/p>\n<p style=\"text-align: justify;\"><strong> <\/strong><\/p>\n<p style=\"text-align: justify;\"><strong>Facebook<\/strong><\/p>\n<p style=\"text-align: justify;\">Adhilac Guatemala2016<\/p>\n<p style=\"text-align: justify;\">&nbsp;<\/p>\n<p style=\"text-align: justify;\"><strong> <\/strong><\/p>\n<p style=\"text-align: justify;\"><strong>Coordinadores institucionales<\/strong><\/p>\n<p style=\"text-align: justify;\">Dr. Sergio Guerra<\/p>\n<p style=\"text-align: justify;\">Dra. Artemis Torres<\/p>\n<p style=\"text-align: justify;\">Dr. Oscar Pel\u00e1ez<\/p>\n<p style=\"text-align: justify;\"><strong>Coordinaci\u00f3n General<\/strong><\/p>\n<p style=\"text-align: justify;\">Dra. Artemis Torres<\/p>\n<p style=\"text-align: justify;\">Lic. Walter Guti\u00e9rrez Molina<\/p>\n<p style=\"text-align: justify;\">Lic. Salvador Mont\u00fafar<\/p>\n<p style=\"text-align: justify;\">Licda. Yolanda Estrada<\/p>\n<p style=\"text-align: justify;\">Licda. Luz Midilia Marroqu\u00edn<\/p>\n<p style=\"text-align: justify;\">&nbsp;<\/p>\n<p style=\"text-align: justify;\"><strong>Coordinaci\u00f3n Acad\u00e9mica<\/strong><\/p>\n<p style=\"text-align: justify;\">Lic. Walter Guti\u00e9rrez Molina<\/p>\n<p style=\"text-align: justify;\"><a href=\"https:\/\/adhilac.com.ar\/wp-content\/uploads\/2016\/08\/Prorroga-Adhilac-.jpg\"><img loading=\"lazy\" decoding=\"async\" class=\"size-full wp-image-12043 alignnone\" title=\"Prorroga Adhilac-\" src=\"https:\/\/adhilac.com.ar\/wp-content\/uploads\/2016\/08\/Prorroga-Adhilac-.jpg\" alt=\"\" width=\"460\" height=\"355\" srcset=\"https:\/\/adhilac.com.ar\/wp-content\/uploads\/2016\/08\/Prorroga-Adhilac-.jpg 2126w, https:\/\/adhilac.com.ar\/wp-content\/uploads\/2016\/08\/Prorroga-Adhilac--300x231.jpg 300w, https:\/\/adhilac.com.ar\/wp-content\/uploads\/2016\/08\/Prorroga-Adhilac--1024x791.jpg 1024w\" sizes=\"auto, (max-width: 460px) 100vw, 460px\" \/><\/a><\/p>\n<p><strong>Publicado por ADHILAC Internacional \u00a9 www.adhilac.com.ar<\/strong><\/p>\n<p>Si Ud. desea asociarse de acuerdo a los Estatutos de ADHILAC\u00a0<a title=\"(ver)\" href=\"https:\/\/adhilac.com.ar\/?page_id=263\">(ver)<\/a> complete el siguiente formulario\u00a0<a title=\"(ver)\" href=\"https:\/\/adhilac.com.ar\/?page_id=3194\">(ver)<\/a><\/p>\n<p>E-mail:\u00a0<a title=\"info@adhilac.com.ar\" href=\"https:\/\/adhilac.com.ar\/info@adhilac.com.ar\" target=\"_blank\">info@adhilac.com.ar<\/a><strong> <\/strong><\/p>\n<p>Twitter: @AdhilacInfo<\/p>\n","protected":false},"excerpt":{"rendered":"<p>Conformaci\u00f3n de los Estados de Am\u00e9rica Latina y el Caribe. Revisi\u00f3n Cr\u00edtica a 200 a\u00f1os de los procesos de Independencia PREINSCRIPCION AQUI<\/p>\n","protected":false},"author":2,"featured_media":0,"comment_status":"closed","ping_status":"closed","sticky":false,"template":"","format":"standard","meta":{"_crdt_document":"","footnotes":""},"categories":[3],"tags":[14,472,611],"class_list":["post-11828","post","type-post","status-publish","format-standard","hentry","category-adhilac-inter","tag-bicentenario","tag-guatemala","tag-independencia-americana"],"_links":{"self":[{"href":"https:\/\/adhilac.com.ar\/index.php?rest_route=\/wp\/v2\/posts\/11828","targetHints":{"allow":["GET"]}}],"collection":[{"href":"https:\/\/adhilac.com.ar\/index.php?rest_route=\/wp\/v2\/posts"}],"about":[{"href":"https:\/\/adhilac.com.ar\/index.php?rest_route=\/wp\/v2\/types\/post"}],"author":[{"embeddable":true,"href":"https:\/\/adhilac.com.ar\/index.php?rest_route=\/wp\/v2\/users\/2"}],"replies":[{"embeddable":true,"href":"https:\/\/adhilac.com.ar\/index.php?rest_route=%2Fwp%2Fv2%2Fcomments&post=11828"}],"version-history":[{"count":17,"href":"https:\/\/adhilac.com.ar\/index.php?rest_route=\/wp\/v2\/posts\/11828\/revisions"}],"predecessor-version":[{"id":12234,"href":"https:\/\/adhilac.com.ar\/index.php?rest_route=\/wp\/v2\/posts\/11828\/revisions\/12234"}],"wp:attachment":[{"href":"https:\/\/adhilac.com.ar\/index.php?rest_route=%2Fwp%2Fv2%2Fmedia&parent=11828"}],"wp:term":[{"taxonomy":"category","embeddable":true,"href":"https:\/\/adhilac.com.ar\/index.php?rest_route=%2Fwp%2Fv2%2Fcategories&post=11828"},{"taxonomy":"post_tag","embeddable":true,"href":"https:\/\/adhilac.com.ar\/index.php?rest_route=%2Fwp%2Fv2%2Ftags&post=11828"}],"curies":[{"name":"wp","href":"https:\/\/api.w.org\/{rel}","templated":true}]}}