{"id":11836,"date":"2016-07-04T09:00:40","date_gmt":"2016-07-04T12:00:40","guid":{"rendered":"https:\/\/adhilac.com.ar\/?p=11836"},"modified":"2016-07-04T13:56:34","modified_gmt":"2016-07-04T16:56:34","slug":"bicentenario-de-la-independencia-argentina-la-habana-julio-de-2016","status":"publish","type":"post","link":"https:\/\/adhilac.com.ar\/?p=11836","title":{"rendered":"Bicentenario de la Independencia argentina. La Habana. Julio de 2016"},"content":{"rendered":"<h3><span style=\"color: #339966;\"><a href=\"https:\/\/adhilac.com.ar\/wp-content\/uploads\/2015\/09\/AdhilacInt-Celestep.jpg\"><img loading=\"lazy\" decoding=\"async\" class=\"size-full wp-image-11152 alignleft\" title=\"AdhilacInt-Celestep\" src=\"https:\/\/adhilac.com.ar\/wp-content\/uploads\/2015\/09\/AdhilacInt-Celestep.jpg\" alt=\"\" width=\"109\" height=\"170\" \/><\/a>INVITACION<\/span><\/h3>\n<p style=\"text-align: justify;\">La Asociaci\u00f3n de Historiadores Latinoamericanos y del Caribe (ADHILAC) y  el Centro de Estudios Martianos (CEM), lo invitan al panel dedicado al  bicentenario de la declaraci\u00f3n de independencia por el Congreso de  Tucum\u00e1n (Argentina), el 9 de julio de 1816. En el mismo intervendr\u00e1n los  doctores Pedro Pablo Rodr\u00edguez, Premio Nacional de Ciencias Sociales y  Human\u00edsticas, y Sergio Guerra Vilaboy, Presidente de la ADHILAC. La  sesi\u00f3n ser\u00e1 presentada por la Dra. Ana S\u00e1nchez Collazo, Directora del  CEM.<\/p>\n<p>Viernes 8 de julio de 2016 &#8211;\u00a0\u00a010 am<br \/>\nCentro de Estudios Martianos &#8211;\u00a0Calzada 807, esquina a 4, El Vedado, Plaza de la Revoluci\u00f3n,<br \/>\nLa Habana, Cuba.<!--more--><\/p>\n<p style=\"text-align: justify;\">&nbsp;<\/p>\n<p><strong>Publicado por ADHILAC Internacional \u00a9 www.adhilac.com.ar<\/strong><\/p>\n<p>Si Ud. desea asociarse de acuerdo a los Estatutos de ADHILAC\u00a0<a title=\"(ver)\" href=\"https:\/\/adhilac.com.ar\/?page_id=263\">(ver)<\/a> complete el siguiente formulario\u00a0<a title=\"(ver)\" href=\"https:\/\/adhilac.com.ar\/?page_id=3194\">(ver)<\/a><\/p>\n<p>E-mail:\u00a0<a title=\"info@adhilac.com.ar\" href=\"https:\/\/adhilac.com.ar\/info@adhilac.com.ar\" target=\"_blank\">info@adhilac.com.ar<\/a><strong> <\/strong><\/p>\n<p>Twitter: @AdhilacInfo<\/p>\n<p style=\"text-align: justify;\">&nbsp;<\/p>\n","protected":false},"excerpt":{"rendered":"<p>INVITACION La Asociaci\u00f3n de Historiadores Latinoamericanos y del Caribe (ADHILAC) y el Centro de Estudios Martianos (CEM), lo invitan al panel dedicado al bicentenario de la declaraci\u00f3n de independencia por el Congreso de Tucum\u00e1n (Argentina), el 9 de julio de 1816. En el mismo intervendr\u00e1n los doctores Pedro Pablo Rodr\u00edguez, Premio Nacional de Ciencias Sociales [&hellip;]<\/p>\n","protected":false},"author":37,"featured_media":0,"comment_status":"closed","ping_status":"closed","sticky":false,"template":"","format":"standard","meta":{"_crdt_document":"","footnotes":""},"categories":[18],"tags":[14,705],"class_list":["post-11836","post","type-post","status-publish","format-standard","hentry","category-adhilac-cuba","tag-bicentenario","tag-independencia-argentina"],"_links":{"self":[{"href":"https:\/\/adhilac.com.ar\/index.php?rest_route=\/wp\/v2\/posts\/11836","targetHints":{"allow":["GET"]}}],"collection":[{"href":"https:\/\/adhilac.com.ar\/index.php?rest_route=\/wp\/v2\/posts"}],"about":[{"href":"https:\/\/adhilac.com.ar\/index.php?rest_route=\/wp\/v2\/types\/post"}],"author":[{"embeddable":true,"href":"https:\/\/adhilac.com.ar\/index.php?rest_route=\/wp\/v2\/users\/37"}],"replies":[{"embeddable":true,"href":"https:\/\/adhilac.com.ar\/index.php?rest_route=%2Fwp%2Fv2%2Fcomments&post=11836"}],"version-history":[{"count":3,"href":"https:\/\/adhilac.com.ar\/index.php?rest_route=\/wp\/v2\/posts\/11836\/revisions"}],"predecessor-version":[{"id":11851,"href":"https:\/\/adhilac.com.ar\/index.php?rest_route=\/wp\/v2\/posts\/11836\/revisions\/11851"}],"wp:attachment":[{"href":"https:\/\/adhilac.com.ar\/index.php?rest_route=%2Fwp%2Fv2%2Fmedia&parent=11836"}],"wp:term":[{"taxonomy":"category","embeddable":true,"href":"https:\/\/adhilac.com.ar\/index.php?rest_route=%2Fwp%2Fv2%2Fcategories&post=11836"},{"taxonomy":"post_tag","embeddable":true,"href":"https:\/\/adhilac.com.ar\/index.php?rest_route=%2Fwp%2Fv2%2Ftags&post=11836"}],"curies":[{"name":"wp","href":"https:\/\/api.w.org\/{rel}","templated":true}]}}