{"id":11839,"date":"2016-07-02T05:02:44","date_gmt":"2016-07-02T08:02:44","guid":{"rendered":"https:\/\/adhilac.com.ar\/?p=11839"},"modified":"2016-07-02T09:24:57","modified_gmt":"2016-07-02T12:24:57","slug":"nuevo-numero-de-con-nuestra-america-auna-costa-rica","status":"publish","type":"post","link":"https:\/\/adhilac.com.ar\/?p=11839","title":{"rendered":"Nuevo n\u00famero de \u00abCon Nuestra Am\u00e9rica\u00bb. AUNA Costa Rica"},"content":{"rendered":"<p style=\"text-align: justify;\">Con Nuestra Am\u00e9rica \u00abtrincheras de ideas valen m\u00e1s que trincheras de piedras\u00bb publicaci\u00f3n de AUNA- Costa Rica. S\u00e1bado 2 de julio de 2016.El Foro de Sao Paulo y la lucha contra la corrupci\u00f3n en GuatemalaEn el XXII Encuentro del Foro de Sao Paulo realizado del 23 al 26 de julio en San Salvador, la izquierda latinoamericana ah\u00ed representada ha realizado una lamentable declaraci\u00f3n: ha calificado el trabajo que realiza la Comisi\u00f3n Contra la Impunidad en Guatemala (CICIG) como instrumento emblem\u00e1tico de intervenci\u00f3n imperialista en Am\u00e9rica Latina.Rafael Cuevas Molina\/Presidente AUNA-Costa Rica (<a title=\"VER\" href=\"http:\/\/connuestraamerica.blogspot.com.ar\/2016\/07\/el-foro-de-sao-paulo-y-la-lucha-contra.html\" target=\"_blank\">VER<\/a>)<!--more--><\/p>\n<p style=\"text-align: justify;\">&nbsp;<\/p>\n<p style=\"text-align: justify;\">&nbsp;<\/p>\n<p><strong>Publicado por ADHILAC Internacional \u00a9 www.adhilac.com.ar<\/strong><\/p>\n<p>Si Ud. desea asociarse de acuerdo a los Estatutos de ADHILAC\u00a0<a title=\"(ver)\" href=\"https:\/\/adhilac.com.ar\/?page_id=263\">(ver)<\/a> complete el siguiente formulario\u00a0<a title=\"(ver)\" href=\"https:\/\/adhilac.com.ar\/?page_id=3194\">(ver)<\/a><\/p>\n<p>E-mail:\u00a0<a title=\"info@adhilac.com.ar\" href=\"https:\/\/adhilac.com.ar\/info@adhilac.com.ar\" target=\"_blank\">info@adhilac.com.ar<\/a><strong> <\/strong><\/p>\n<p>Twitter: @AdhilacInfo<\/p>\n<p style=\"text-align: justify;\">&nbsp;<\/p>\n","protected":false},"excerpt":{"rendered":"<p>Con Nuestra Am\u00e9rica \u00abtrincheras de ideas valen m\u00e1s que trincheras de piedras\u00bb publicaci\u00f3n de AUNA- Costa Rica. S\u00e1bado 2 de julio de 2016.El Foro de Sao Paulo y la lucha contra la corrupci\u00f3n en GuatemalaEn el XXII Encuentro del Foro de Sao Paulo realizado del 23 al 26 de julio en San Salvador, la izquierda [&hellip;]<\/p>\n","protected":false},"author":2,"featured_media":0,"comment_status":"closed","ping_status":"closed","sticky":false,"template":"","format":"standard","meta":{"_crdt_document":"","footnotes":""},"categories":[40,7],"tags":[13],"class_list":["post-11839","post","type-post","status-publish","format-standard","hentry","category-informaciones","category-publicac-info","tag-america-latina"],"_links":{"self":[{"href":"https:\/\/adhilac.com.ar\/index.php?rest_route=\/wp\/v2\/posts\/11839","targetHints":{"allow":["GET"]}}],"collection":[{"href":"https:\/\/adhilac.com.ar\/index.php?rest_route=\/wp\/v2\/posts"}],"about":[{"href":"https:\/\/adhilac.com.ar\/index.php?rest_route=\/wp\/v2\/types\/post"}],"author":[{"embeddable":true,"href":"https:\/\/adhilac.com.ar\/index.php?rest_route=\/wp\/v2\/users\/2"}],"replies":[{"embeddable":true,"href":"https:\/\/adhilac.com.ar\/index.php?rest_route=%2Fwp%2Fv2%2Fcomments&post=11839"}],"version-history":[{"count":1,"href":"https:\/\/adhilac.com.ar\/index.php?rest_route=\/wp\/v2\/posts\/11839\/revisions"}],"predecessor-version":[{"id":11840,"href":"https:\/\/adhilac.com.ar\/index.php?rest_route=\/wp\/v2\/posts\/11839\/revisions\/11840"}],"wp:attachment":[{"href":"https:\/\/adhilac.com.ar\/index.php?rest_route=%2Fwp%2Fv2%2Fmedia&parent=11839"}],"wp:term":[{"taxonomy":"category","embeddable":true,"href":"https:\/\/adhilac.com.ar\/index.php?rest_route=%2Fwp%2Fv2%2Fcategories&post=11839"},{"taxonomy":"post_tag","embeddable":true,"href":"https:\/\/adhilac.com.ar\/index.php?rest_route=%2Fwp%2Fv2%2Ftags&post=11839"}],"curies":[{"name":"wp","href":"https:\/\/api.w.org\/{rel}","templated":true}]}}