{"id":11841,"date":"2016-07-02T02:31:12","date_gmt":"2016-07-02T05:31:12","guid":{"rendered":"https:\/\/adhilac.com.ar\/?p=11841"},"modified":"2016-07-02T09:36:54","modified_gmt":"2016-07-02T12:36:54","slug":"neoliberalismo-petroleo-y-estallido-social-en-neuquen-argentina-documental-en-web","status":"publish","type":"post","link":"https:\/\/adhilac.com.ar\/?p=11841","title":{"rendered":"Neoliberalismo, petr\u00f3leo y estallido social en Neuqu\u00e9n, Argentina. Documental en web"},"content":{"rendered":"<p style=\"text-align: justify;\">La Chispa documental<\/p>\n<p style=\"text-align: justify;\">Neuqu\u00e9n. Argentina-2012-agradecemos su difusi\u00f3n.\u00a0Asamblea visual de una resistencia organizada. La Chispa no cuenta, se enciende en cada voz, en cada rostro, en cada idea.<\/p>\n<p style=\"text-align: justify;\">\nEste documental es un prisma a trav\u00e9s del cual mirar la historia reciente de la Argentina, sin que el espectador pueda evitar hacerse una pregunta fundamental: \u00bfD\u00f3nde estuve mientras todo esto suced\u00eda?<\/p>\n<p style=\"text-align: justify;\"><!--more--><br \/>\nEs la historia de un sindicato: ATEN, Asociaci\u00f3n de los Trabajadores de la Educaci\u00f3n de Neuqu\u00e9n. Pero tambi\u00e9n la memoria de muchas trayectorias que un d\u00eda se juntaron y se animaron a inventar una forma de reconocimiento colectivo para preservar la pol\u00edtica del miedo y la dignidad del trabajo de los abusos de poder.<\/p>\n<p style=\"text-align: justify;\">\nEn La Chispa, lo individual est\u00e1 siempre en segundo plano: primero el conflicto, la palabra, la lucha, las convicciones. Los nombres propios apenas se escriben, y el eco que dejan al sonar asume la forma de miles de pasos en las rutas, en los puentes, en los piquetes. De Jaime de Nevares a Carlos Fuentealba, la pel\u00edcula es un mapa, una br\u00fajula, un manifiesto. Permite comprender los caminos inevitables del pueblo cada vez que se enfrent\u00f3 a las encrucijadas del tiempo neoliberal y la violencia atroz con la que los poderosos han pretendido escribir una historia siempre imperfecta. La Chispa se enciende para asumir el pasado, reconocer el presente y disputar el futuro. Desde el fondo de todas las luchas, es una victoria postergada gritando libertad.<\/p>\n<p style=\"text-align: justify;\">\nUna pel\u00edcula de Juan Manuel Rada -Producida por Laura Lagar &#8211; Hugo Alvarez-<br \/>\nDuraci\u00f3n: 126 minutos Lenguaje: Espa\u00f1ol Pantalla 16:9 Sonido Stereo 2.0<\/p>\n<p style=\"text-align: justify;\">REVISTA VIENTO DEL SUR<\/p>\n<p style=\"text-align: justify;\">A\u00f1o 2012 Marcha 4 de abril en Neuqu\u00e9n<\/p>\n<p style=\"text-align: justify;\">Microdocumentales realizados por la Secretar\u00eda de Prensa de Aten Capital, al cumplirse nueve a\u00f1os del fusilamiento p\u00fablico de nuestro compa\u00f1ero Carlos Fuentealba. Neuqu\u00e9n-Argentina a\u00f1o 2016<\/p>\n<p style=\"text-align: justify;\">https:\/\/www.youtube.com\/watch?v=F6VgqS0E_vMhttps:\/\/www.youtube.com\/watch?v=TGDy1BZoW24https:\/\/www.youtube.com\/watch?v=Z8RfQQ_5xyUlachispadocumental@gmail.comYouTube\/lachispadocumentalFacebook\/La\u00a0Chispa Entrar y dale un Me gusta https:\/\/www.facebook.com\/pages\/La-Chispa\/353359788088633<br \/>\nDejo aqu\u00ed el link del documental https:\/\/www.facebook.com\/vientodelsurNQN\/<\/p>\n<p style=\"text-align: justify;\"><strong>Publicado por ADHILAC Internacional \u00a9 www.adhilac.com.ar<\/strong><\/p>\n<p style=\"text-align: justify;\">Si Ud. desea asociarse de acuerdo a los Estatutos de ADHILAC\u00a0<a title=\"(ver)\" href=\"https:\/\/adhilac.com.ar\/?page_id=263\">(ver)<\/a> complete el siguiente formulario\u00a0<a title=\"(ver)\" href=\"https:\/\/adhilac.com.ar\/?page_id=3194\">(ver)<\/a><\/p>\n<p style=\"text-align: justify;\">E-mail:\u00a0<a title=\"info@adhilac.com.ar\" href=\"https:\/\/adhilac.com.ar\/info@adhilac.com.ar\" target=\"_blank\">info@adhilac.com.ar<\/a><strong><\/strong><\/p>\n<p style=\"text-align: justify;\">Twitter: @AdhilacInfo<\/p>\n","protected":false},"excerpt":{"rendered":"<p>La Chispa documental Neuqu\u00e9n. Argentina-2012-agradecemos su difusi\u00f3n.\u00a0Asamblea visual de una resistencia organizada. La Chispa no cuenta, se enciende en cada voz, en cada rostro, en cada idea. Este documental es un prisma a trav\u00e9s del cual mirar la historia reciente de la Argentina, sin que el espectador pueda evitar hacerse una pregunta fundamental: \u00bfD\u00f3nde estuve [&hellip;]<\/p>\n","protected":false},"author":2,"featured_media":0,"comment_status":"closed","ping_status":"closed","sticky":false,"template":"","format":"standard","meta":{"_crdt_document":"","footnotes":""},"categories":[202,40],"tags":[67,707,706],"class_list":["post-11841","post","type-post","status-publish","format-standard","hentry","category-imagenes-audio-video","category-informaciones","tag-argentina","tag-historia-reciente","tag-petroleros"],"_links":{"self":[{"href":"https:\/\/adhilac.com.ar\/index.php?rest_route=\/wp\/v2\/posts\/11841","targetHints":{"allow":["GET"]}}],"collection":[{"href":"https:\/\/adhilac.com.ar\/index.php?rest_route=\/wp\/v2\/posts"}],"about":[{"href":"https:\/\/adhilac.com.ar\/index.php?rest_route=\/wp\/v2\/types\/post"}],"author":[{"embeddable":true,"href":"https:\/\/adhilac.com.ar\/index.php?rest_route=\/wp\/v2\/users\/2"}],"replies":[{"embeddable":true,"href":"https:\/\/adhilac.com.ar\/index.php?rest_route=%2Fwp%2Fv2%2Fcomments&post=11841"}],"version-history":[{"count":3,"href":"https:\/\/adhilac.com.ar\/index.php?rest_route=\/wp\/v2\/posts\/11841\/revisions"}],"predecessor-version":[{"id":11843,"href":"https:\/\/adhilac.com.ar\/index.php?rest_route=\/wp\/v2\/posts\/11841\/revisions\/11843"}],"wp:attachment":[{"href":"https:\/\/adhilac.com.ar\/index.php?rest_route=%2Fwp%2Fv2%2Fmedia&parent=11841"}],"wp:term":[{"taxonomy":"category","embeddable":true,"href":"https:\/\/adhilac.com.ar\/index.php?rest_route=%2Fwp%2Fv2%2Fcategories&post=11841"},{"taxonomy":"post_tag","embeddable":true,"href":"https:\/\/adhilac.com.ar\/index.php?rest_route=%2Fwp%2Fv2%2Ftags&post=11841"}],"curies":[{"name":"wp","href":"https:\/\/api.w.org\/{rel}","templated":true}]}}