{"id":11854,"date":"2016-07-01T18:02:16","date_gmt":"2016-07-01T21:02:16","guid":{"rendered":"https:\/\/adhilac.com.ar\/?p=11854"},"modified":"2016-07-05T18:08:33","modified_gmt":"2016-07-05T21:08:33","slug":"seminario-historia-da-ciencia-e-da-tecnologia-na-america-latina-grupo-de-trabalho-de-historia-da-infancia-e-juventude-da-associacao-nacional-de-historia-%e2%80%93-secao-sao-paulo-22-de-julho-de-2016","status":"publish","type":"post","link":"https:\/\/adhilac.com.ar\/?p=11854","title":{"rendered":"Semin\u00e1rio Hist\u00f3ria da Ci\u00eancia e da Tecnologia na Am\u00e9rica Latina. Grupo de Trabalho de Hist\u00f3ria da Inf\u00e2ncia e Juventude da Associa\u00e7\u00e3o Nacional de Hist\u00f3ria \u2013"},"content":{"rendered":"<h3 style=\"text-align: justify;\"><span style=\"color: #339966;\">Se\u00e7\u00e3o S\u00e3o Paulo. 22 de julho de 2016<\/span><\/h3>\n<div style=\"text-align: justify;\"><span style=\"font-family: Cambria, serif;\">Semin\u00e1rio Hist\u00f3ria da Ci\u00eancia e da Tecnologia na Am\u00e9rica Latina<\/span><\/div>\n<div style=\"text-align: justify;\">\n<p>&nbsp;<\/p>\n<p style=\"text-align: justify;\"><span style=\"font-family: Cambria, serif;\">Audit\u00f3rio do Programa de Mestrado Profissional do Centro Paula Souza &#8211; Gest\u00e3o e Desenvolvimento da Educa\u00e7\u00e3o Profissional.<\/span><\/p>\n<p style=\"text-align: justify;\"><!--more--><\/p>\n<p style=\"text-align: justify;\">22 de julho de 2016 &#8211; Das 10h \u00e0s 13h<\/p>\n<p style=\"text-align: justify;\"><span style=\"font-family: Cambria, serif;\">Trabalhos:<\/span><\/p>\n<p style=\"text-align: justify;\"><span style=\"font-family: Cambria, serif;\">1.  An\u00e1lisis prosopogr\u00e1fico e historia de la ciencia: una propuesta  mexicana desde el siglo XIX, por Dr. Jos\u00e9 Alfredo Uribe Salas  (Universidad Michoacana de San Nicol\u00e1s  de Hidalgo- M\u00e9xico)<\/span><\/p>\n<p>&nbsp;<\/p>\n<p><span style=\"font-family: Cambria, serif;\">2.  La historia natural y el coleccionismo en Puerto Rico durante los  siglos XVIII y XIX, pela Dra. Mar\u00eda Teresa Cort\u00e9s Zavala (Universidad  Michoacana de San Nicol\u00e1s  de Hidalgo- M\u00e9xico)<\/span><\/p>\n<p>&nbsp;<\/p>\n<p><span style=\"font-family: Cambria, serif;\">Local: Audit\u00f3rio do Programa de Mestrado Profissional do Centro Paula Souza &#8211; Gest\u00e3o e Desenvolvimento da Educa\u00e7\u00e3o Profissional<\/span><\/p>\n<p><span style=\"font-family: Cambria, serif;\">Endere\u00e7o: Rua dos Bandeirantes, 169 &#8211; Bom Retiro &#8211; S\u00e3o Paulo\/ SP. CEP: 01124-010 &#8211; pr\u00f3ximo \u00e0 esta\u00e7\u00e3o Tiradentes do Metr\u00f4.<\/span><\/p>\n<p>&nbsp;<\/p>\n<p><span style=\"font-family: Cambria, serif;\">Inscri\u00e7\u00f5es gratuitas, no local. Ser\u00e1 emitida certifica\u00e7\u00e3o para os participantes. <\/span><\/p>\n<p><span style=\"font-family: Cambria, serif;\">Informa\u00e7\u00f5es complementares: edunettonunes@hotmail.com<\/span><\/p>\n<p>&nbsp;<\/p>\n<p><span style=\"font-family: Cambria, serif;\">Organiza\u00e7\u00e3o:<\/span><\/p>\n<p><span style=\"font-family: Cambria, serif;\">Grupo  de Trabalho de Hist\u00f3ria da Inf\u00e2ncia e Juventude da Associa\u00e7\u00e3o Nacional  de Hist\u00f3ria \u2013 Se\u00e7\u00e3o S\u00e3o Paulo; Centro de Demografia Hist\u00f3ria da Am\u00e9rica  Latina, da Universidade  de S\u00e3o Paulo \u2013 CEDHAL\/USP; N\u00facleo de Estudos de Tecnologia e Sociedade  (NETS) e Laborat\u00f3rio Latino Americano de Educa\u00e7\u00e3o Tecnol\u00f3gica (LAETEC)  da Faculdade de Tecnologia do Estado de S\u00e3o Paulo Jundia\u00ed e Itu;  Programa de Mestrado em Gest\u00e3o e Desenvolvimento  da Educa\u00e7\u00e3o Profissional do Centro Paula Souza.<\/span><\/p>\n<p>&nbsp;<\/p>\n<p><strong>Publicado por ADHILAC Internacional \u00a9 www.adhilac.com.ar<\/strong><\/p>\n<p>Si Ud. desea asociarse de acuerdo a los Estatutos de ADHILAC\u00a0<a title=\"(ver)\" href=\"https:\/\/adhilac.com.ar\/?page_id=263\">(ver)<\/a> complete el siguiente formulario\u00a0<a title=\"(ver)\" href=\"https:\/\/adhilac.com.ar\/?page_id=3194\">(ver)<\/a><\/p>\n<p>E-mail:\u00a0<a title=\"info@adhilac.com.ar\" href=\"https:\/\/adhilac.com.ar\/info@adhilac.com.ar\" target=\"_blank\">info@adhilac.com.ar<\/a><strong> <\/strong><\/p>\n<p>Twitter: @AdhilacInfo<\/p>\n<p><span style=\"font-family: Cambria, serif;\"><br \/>\n<\/span><\/p>\n<\/div>\n<p style=\"text-align: justify;\">&nbsp;<\/p>\n","protected":false},"excerpt":{"rendered":"<p>Se\u00e7\u00e3o S\u00e3o Paulo. 22 de julho de 2016 Semin\u00e1rio Hist\u00f3ria da Ci\u00eancia e da Tecnologia na Am\u00e9rica Latina &nbsp; Audit\u00f3rio do Programa de Mestrado Profissional do Centro Paula Souza &#8211; Gest\u00e3o e Desenvolvimento da Educa\u00e7\u00e3o Profissional.<\/p>\n","protected":false},"author":2,"featured_media":0,"comment_status":"closed","ping_status":"closed","sticky":false,"template":"","format":"standard","meta":{"_crdt_document":"","footnotes":""},"categories":[40],"tags":[13,466,467],"class_list":["post-11854","post","type-post","status-publish","format-standard","hentry","category-informaciones","tag-america-latina","tag-ciencia","tag-tecnologia"],"_links":{"self":[{"href":"https:\/\/adhilac.com.ar\/index.php?rest_route=\/wp\/v2\/posts\/11854","targetHints":{"allow":["GET"]}}],"collection":[{"href":"https:\/\/adhilac.com.ar\/index.php?rest_route=\/wp\/v2\/posts"}],"about":[{"href":"https:\/\/adhilac.com.ar\/index.php?rest_route=\/wp\/v2\/types\/post"}],"author":[{"embeddable":true,"href":"https:\/\/adhilac.com.ar\/index.php?rest_route=\/wp\/v2\/users\/2"}],"replies":[{"embeddable":true,"href":"https:\/\/adhilac.com.ar\/index.php?rest_route=%2Fwp%2Fv2%2Fcomments&post=11854"}],"version-history":[{"count":3,"href":"https:\/\/adhilac.com.ar\/index.php?rest_route=\/wp\/v2\/posts\/11854\/revisions"}],"predecessor-version":[{"id":11856,"href":"https:\/\/adhilac.com.ar\/index.php?rest_route=\/wp\/v2\/posts\/11854\/revisions\/11856"}],"wp:attachment":[{"href":"https:\/\/adhilac.com.ar\/index.php?rest_route=%2Fwp%2Fv2%2Fmedia&parent=11854"}],"wp:term":[{"taxonomy":"category","embeddable":true,"href":"https:\/\/adhilac.com.ar\/index.php?rest_route=%2Fwp%2Fv2%2Fcategories&post=11854"},{"taxonomy":"post_tag","embeddable":true,"href":"https:\/\/adhilac.com.ar\/index.php?rest_route=%2Fwp%2Fv2%2Ftags&post=11854"}],"curies":[{"name":"wp","href":"https:\/\/api.w.org\/{rel}","templated":true}]}}