{"id":11858,"date":"2016-07-08T20:58:27","date_gmt":"2016-07-08T23:58:27","guid":{"rendered":"https:\/\/adhilac.com.ar\/?p=11858"},"modified":"2016-07-08T20:58:27","modified_gmt":"2016-07-08T23:58:27","slug":"argentina-9-de-julio-de-1816-9-de-julio-de-2016-mensaje-del-papa-francisco","status":"publish","type":"post","link":"https:\/\/adhilac.com.ar\/?p=11858","title":{"rendered":"Argentina 9 de julio de 1816 &#8211; 9 de julio de 2016: Mensaje del Papa Francisco"},"content":{"rendered":"<p style=\"text-align: justify; padding-left: 30px;\"><em><span style=\"color: #339966;\"><span style=\"color: #339966;\">&#8230;.la Madre no se la vende, no se la puede vender&#8230; y tampoco a la Madre Patria&#8230;<\/span><\/span><\/em><\/p>\n<p style=\"text-align: justify; padding-left: 30px;\"><em><span style=\"color: #339966;\"><span style=\"color: #339966;\">Celebramos doscientos a\u00f1os de camino de una Patria que, en sus deseos y ansias de hermandad, se proyecta m\u00e1s all\u00e1 de los l\u00edmites del pa\u00eds: hacia la Patria Grande, la que so\u00f1aron San\u00a0Mart\u00edn\u00a0y Bol\u00edvar.<\/span><\/span><\/em><\/p>\n<p style=\"text-align: justify; padding-left: 60px;\"><em><span style=\"color: #339966;\">Papa Francisco. 7 de julio de 2016.<\/span><\/em><\/p>\n<p style=\"text-align: justify;\">Ciudad del Vaticano, 8 de julio de 2016.<\/p>\n<p style=\"text-align: justify;\">S.E.R. Mons. Jos\u00e9 Mar\u00eda Arancedo<\/p>\n<p style=\"text-align: justify;\">Presidente de la Conferencia Episcopal Argentina, Buenos Aires<\/p>\n<p style=\"text-align: justify;\">Querido hermano: En v\u00edsperas de la celebraci\u00f3n del bicentenario de la lndependencia quiero hacer llegar un cordial saludo<!--more-->, a vos, a los hermanos Obispos, a las Autoridades nacionales y a todo el Pueblo argentino. \u00a0Deseo que esta celebraci\u00f3n nos haga m\u00e1s fuertes en el camino emprendido por nuestros mayores hace ya doscientos a\u00f1os. Con tales augurios expreso a todos los argentinos mi cercan\u00eda y la seguridad de mi oraci\u00f3n.<\/p>\n<p style=\"text-align: justify;\">De manera especial quiero estar cerca de los que m\u00e1s sufren: los enfermos, los que viven en la indigencia, los presos, los que se sienten solos, los que no tienen trabajo y pasan todo tipo de necesidad, los que son o fueron v\u00edctimas de la trata, del comercio humano y explotaci\u00f3n de personas, los menores v\u00edctimas de abuso y tantos j\u00f3venes que sufren el flagelo de la droga. Todos ellos llevan el duro peso de situaciones, muchas veces l\u00edmite. Son los hijos m\u00e1s llagados de la Patria.<\/p>\n<p style=\"text-align: justify;\">S\u00ed, hijos de la Patria. En la escuela nos ense\u00f1aban a hablar de la Madre Patria, a amar a la Madre Patria. Aqu\u00ed precisamente se enraiza el sentido patri\u00f3tico de pertenencia: en el amor a la Madre Patria. Los argentinos usamos una expresi\u00f3n, atrevida y pintoresca a la vez, cuando nos referimos a personas inescrupulosas: \u00ab\u00e9ste es capaz hasta de vender a la madre\u00bb; pero sabemos y sentimos hondamente en el coraz\u00f3n que a la Madre no se la vende, no se la puede vender&#8230; y tampoco a la Madre Patria.<\/p>\n<p style=\"text-align: justify;\">Celebramos doscientos a\u00f1os de camino de una Patria que, en sus deseos y ansias de hermandad, se proyecta m\u00e1s all\u00e1 de los l\u00edmites del pa\u00eds: hacia la Patria Grande, la que so\u00f1aron San Martin y Bol\u00edvar. Esta realidad nos une en una familia de horizontes amplios y lealtad de hermanos. Por esa Patria Grande tambi\u00e9n rezamos hoy en nuestra celebraci\u00f3n: que el Se\u00f1or la cuide, la haga fuerte, m\u00e1s hermana y la defienda de todo tipo de colonizaciones.<\/p>\n<p style=\"text-align: justify;\">Con estos doscientos a\u00f1os de respaldo se nos pide seguir caminando, mirar hacia adelante. Para lograrlo pienso -de manera especial- en los ancianos y en los j\u00f3venes, y siento la necesidad de pedirles ayuda para continuar andando nuestro destino. A los ancianos, los \u00abmemoriosos\u00bb de la historia, les pido que, sobreponi\u00e9ndose a esta \u00abcultura del descarte\u00bb que mundialmente se nos impone, se animen a so\u00f1ar. Necesitamos de sus sue\u00f1os , fuente de inspiraci\u00f3n. A los j\u00f3venes les pido que no jubilen su existencia en el quietismo burocr\u00e1tico en el que los arrinconan tantas propuestas carentes de ilusi\u00f3n y hero\u00edsmo. Estoy convencido de que nuestra Patria necesita hacer viva la profec\u00eda de Joel (cf. Jl 4, 1). S\u00f3lo si nuestros abuelos se animan a so\u00f1ar y nuestros j\u00f3venes a profetizar cosas grandes, la Patria podr\u00e1 ser libre. Necesitamos de abuelos so\u00f1adores que empujen y de j\u00f3venes que -inspirados en esos mismos sue\u00f1os- corran hacia adelante con la creatividad de la profec\u00eda.<\/p>\n<p style=\"text-align: justify;\">Querido hermano pido a Dios, nuestro Padre y Se\u00f1or, que bendiga nuestra Patria, nos bendiga a todos nosotros; y a la Virgen de Lujan que, como madre, nos cuide en nuestro camino. Y, por favor, no te olvides de rezar por m\u00ed.<\/p>\n<p style=\"text-align: justify;\">Fraternalmente Francisco<\/p>\n<p style=\"text-align: justify;\">(jesuita Guillermo Ortiz &#8211; Radio Vaticana)<\/p>\n<p style=\"text-align: justify;\">&nbsp;<\/p>\n<p style=\"text-align: justify;\">Fuente: Radio Vaticana<\/p>\n<p style=\"text-align: justify;\">http:\/\/es.radiovaticana.va\/news\/2016\/07\/08\/mensaje_del_papa_por_bicentenario_argentino\/1242993<\/p>\n<p style=\"text-align: justify;\">&nbsp;<\/p>\n<p style=\"text-align: justify;\">&nbsp;<\/p>\n","protected":false},"excerpt":{"rendered":"<p>&#8230;.la Madre no se la vende, no se la puede vender&#8230; y tampoco a la Madre Patria&#8230; Celebramos doscientos a\u00f1os de camino de una Patria que, en sus deseos y ansias de hermandad, se proyecta m\u00e1s all\u00e1 de los l\u00edmites del pa\u00eds: hacia la Patria Grande, la que so\u00f1aron San\u00a0Mart\u00edn\u00a0y Bol\u00edvar. Papa Francisco. 7 de [&hellip;]<\/p>\n","protected":false},"author":2,"featured_media":0,"comment_status":"closed","ping_status":"closed","sticky":false,"template":"","format":"standard","meta":{"_crdt_document":"","footnotes":""},"categories":[40],"tags":[14,708],"class_list":["post-11858","post","type-post","status-publish","format-standard","hentry","category-informaciones","tag-bicentenario","tag-patria-grande"],"_links":{"self":[{"href":"https:\/\/adhilac.com.ar\/index.php?rest_route=\/wp\/v2\/posts\/11858","targetHints":{"allow":["GET"]}}],"collection":[{"href":"https:\/\/adhilac.com.ar\/index.php?rest_route=\/wp\/v2\/posts"}],"about":[{"href":"https:\/\/adhilac.com.ar\/index.php?rest_route=\/wp\/v2\/types\/post"}],"author":[{"embeddable":true,"href":"https:\/\/adhilac.com.ar\/index.php?rest_route=\/wp\/v2\/users\/2"}],"replies":[{"embeddable":true,"href":"https:\/\/adhilac.com.ar\/index.php?rest_route=%2Fwp%2Fv2%2Fcomments&post=11858"}],"version-history":[{"count":2,"href":"https:\/\/adhilac.com.ar\/index.php?rest_route=\/wp\/v2\/posts\/11858\/revisions"}],"predecessor-version":[{"id":11860,"href":"https:\/\/adhilac.com.ar\/index.php?rest_route=\/wp\/v2\/posts\/11858\/revisions\/11860"}],"wp:attachment":[{"href":"https:\/\/adhilac.com.ar\/index.php?rest_route=%2Fwp%2Fv2%2Fmedia&parent=11858"}],"wp:term":[{"taxonomy":"category","embeddable":true,"href":"https:\/\/adhilac.com.ar\/index.php?rest_route=%2Fwp%2Fv2%2Fcategories&post=11858"},{"taxonomy":"post_tag","embeddable":true,"href":"https:\/\/adhilac.com.ar\/index.php?rest_route=%2Fwp%2Fv2%2Ftags&post=11858"}],"curies":[{"name":"wp","href":"https:\/\/api.w.org\/{rel}","templated":true}]}}