{"id":11872,"date":"2016-07-11T16:25:56","date_gmt":"2016-07-11T19:25:56","guid":{"rendered":"https:\/\/adhilac.com.ar\/?p=11872"},"modified":"2016-07-12T16:32:53","modified_gmt":"2016-07-12T19:32:53","slug":"%e2%80%9ca-50-anos-de-la-noche-de-los-bastones-largos%e2%80%9d-cnba-universidad-de-buenos-aires-28-y-29-julio-de-2016","status":"publish","type":"post","link":"https:\/\/adhilac.com.ar\/?p=11872","title":{"rendered":"\u201cA 50 a\u00f1os de la Noche de los Bastones Largos\u201d. CNBA. Universidad de Buenos Aires. 28 y 29 julio de 2016"},"content":{"rendered":"<h3 style=\"text-align: justify;\"><span style=\"color: #339966;\"><a href=\"https:\/\/adhilac.com.ar\/wp-content\/uploads\/2016\/07\/Bastones.jpg\"><img loading=\"lazy\" decoding=\"async\" class=\"size-full wp-image-11873 alignleft\" title=\"Bastones\" src=\"https:\/\/adhilac.com.ar\/wp-content\/uploads\/2016\/07\/Bastones.jpg\" alt=\"\" width=\"317\" height=\"181\" srcset=\"https:\/\/adhilac.com.ar\/wp-content\/uploads\/2016\/07\/Bastones.jpg 317w, https:\/\/adhilac.com.ar\/wp-content\/uploads\/2016\/07\/Bastones-300x171.jpg 300w\" sizes=\"auto, (max-width: 317px) 100vw, 317px\" \/><\/a>26 de junio de 1966<\/span><\/h3>\n<p style=\"text-align: justify;\"><strong>Universidad de Buenos Aires &#8211; <\/strong><strong>\u201cA 50 a\u00f1os de la Noche de los Bastones Largos\u201d<\/strong><\/p>\n<p style=\"text-align: justify;\"><strong> <\/strong><\/p>\n<p style=\"text-align: justify;\"><strong><strong>Colegio Nacional de Buenos Aires. Bol\u00edvar 263, Ciudad\u00a0Aut\u00f3noma\u00a0de Buenos Aires<\/strong><\/strong><\/p>\n<p style=\"text-align: justify;\"><!--more--><\/p>\n<p style=\"text-align: justify;\">&nbsp;<\/p>\n<p style=\"text-align: justify;\"><a href=\"https:\/\/adhilac.com.ar\/wp-content\/uploads\/2016\/07\/1a51a318-2ea1-4200-954d-a56fc079b973.png\"><img loading=\"lazy\" decoding=\"async\" class=\"alignnone size-full wp-image-11874\" title=\"1a51a318-2ea1-4200-954d-a56fc079b973\" src=\"https:\/\/adhilac.com.ar\/wp-content\/uploads\/2016\/07\/1a51a318-2ea1-4200-954d-a56fc079b973.png\" alt=\"\" width=\"460\" height=\"135\" srcset=\"https:\/\/adhilac.com.ar\/wp-content\/uploads\/2016\/07\/1a51a318-2ea1-4200-954d-a56fc079b973.png 460w, https:\/\/adhilac.com.ar\/wp-content\/uploads\/2016\/07\/1a51a318-2ea1-4200-954d-a56fc079b973-300x88.png 300w\" sizes=\"auto, (max-width: 460px) 100vw, 460px\" \/><\/a><strong><br \/>\nANTECEDENTES:<\/strong><\/p>\n<p style=\"text-align: justify;\">El 29 de junio de 1966 un golpe militar derroc\u00f3 al gobierno constitucional de Arturo Illia. Un mes despu\u00e9s, el gobierno de facto presidido por el general Juan Carlos Ongan\u00eda decidi\u00f3 intervenir las universidades nacionales que se reg\u00edan por los principios de la autonom\u00eda y el cogobierno desde finales de la d\u00e9cada de 1950. El Rector de la Universidad de Buenos Aires, Hilario Fern\u00e1ndez Long, y los integrantes del Consejo Superior rechazaron la medida y grupos numerosos de estudiantes y docentes ocuparon los edificios de varias facultades en se\u00f1al de protesta. Esa misma noche, fueron desalojados de forma violenta por fuerzas policiales. Estos episodios luego se conocieron como \u201cLa Noche de los Bastones Largos\u201d y constituyen uno de los momentos m\u00e1s tr\u00e1gicos y dolorosos de la historia universitaria argentina.<\/p>\n<p style=\"text-align: justify;\">A 50 a\u00f1os de estos hechos, la Universidad de Buenos Aires recuerda estos episodios y brinda su reconocimiento a aquellos docentes, estudiantes y nodocentes que -ante la brutalidad y el atropello de las fuerzas del Estado y el avasallamiento de las instituciones- decidieron renunciar a sus cargos. Tambi\u00e9n a todos aquellos que resistieron desde los claustros y fueron expulsados y cesanteados posteriormente por las autoridades designadas por el r\u00e9gimen militar.<\/p>\n<p style=\"text-align: justify;\"><strong> <\/strong><\/p>\n<p style=\"text-align: justify;\"><strong>Cronograma de Actividades<\/strong><\/p>\n<p style=\"text-align: justify;\"><strong> <\/strong><\/p>\n<p style=\"text-align: justify;\"><strong><span style=\"text-decoration: underline;\">Jueves 28 de julio<\/span><\/strong><strong>: Jornada acad\u00e9mica<\/strong><\/p>\n<p style=\"text-align: justify;\"><strong>9 hs.<\/strong> Acreditaci\u00f3n.<\/p>\n<p style=\"text-align: justify;\"><strong>9.30 hs<\/strong>. Apertura Jornadas Acad\u00e9micas a cargo del Rector, Alberto Barbieri; de los Decanos de la Facultad de Agronom\u00eda, Rodolfo Golluscio; de la Facultad de Arquitectura, Dise\u00f1o y Urbanismo, Luis Bruno; de la Facultad de Ciencias Econ\u00f3micas, C\u00e9sar Albornoz; de la Facultad de Ciencias Exactas y Naturales, Juan Carlos Reboreda; de la Facultad de Ciencias Sociales, Glenn Postolski; de la Facultad de Ciencias Veterinarias, Marcelo Miguez; de la Facultad de Derecho, M\u00f3nica Pinto; de la Facultad de Farmacia y Bioqu\u00edmica, Cristina Arranz; de la Facultad de Filosof\u00eda y Letras, Graciela Morgade; de la Facultad de Ingenier\u00eda, Horacio Salgado; de la Facultad de Medicina, Sergio Provenzano; de la Facultad de Odontolog\u00eda, H\u00e9ctor \u00c1lvarez Cantoni y de la Facultad de Psicolog\u00eda y Vicerrectora de la UBA, N\u00e9lida Cervone, y de la Secretaria de Asuntos Acad\u00e9micos, Mar\u00eda Catalina Nosiglia.<\/p>\n<p style=\"text-align: justify;\"><strong>10 a 13 hs.<\/strong><\/p>\n<p style=\"text-align: justify;\"><strong>BLOQUE 1: LA UNIVERSIDAD DE BUENOS AIRES 1955-1966<\/strong><\/p>\n<p style=\"text-align: justify;\">COORDINACION: Ra\u00fal Carnota (FCEN)<\/p>\n<p style=\"text-align: justify;\">1. El Instituto de Investigaciones M\u00e9dicas de la UBA en un contexto de modernizaci\u00f3n cient\u00edfica (1957-1966). Autor: Luc\u00eda Romero<\/p>\n<p style=\"text-align: justify;\">2. La Facultad de Filosof\u00eda y Letras en un contexto de conflicto: una aproximaci\u00f3n a trav\u00e9s de las actas del Consejo Directivo 1965-1966. Autor: Pablo Buchbinder<\/p>\n<p style=\"text-align: justify;\">3. Psicolog\u00eda en Filosof\u00eda y Letras. Antes, durante y despu\u00e9s de La Noche de Los Bastones Largos. Autor: Lucia Rossi<\/p>\n<p style=\"text-align: justify;\">4. Extensi\u00f3n, Isla Maciel y proyecci\u00f3n social de la Universidad. Autor: Ana Diamant<\/p>\n<p style=\"text-align: justify;\">5. El Departamento de Extensi\u00f3n Universitaria de la Universidad de Buenos Aires (1956-1966). Autor: Cinthia Wanschelbaum<\/p>\n<p style=\"text-align: justify;\">6. La Noche de los Bastones Largos en EUDEBA. Autor: Mar\u00eda Julia Arcioni<\/p>\n<p style=\"text-align: justify;\">7. Fascismo y movimiento estudiantil a fines de 1965. A prop\u00f3sito de Oswald Menghin en FFyL-UBA. Autores: Juan Ignacio Peralta, Federico Amoretti y Emiliano Lapuente<\/p>\n<p style=\"text-align: justify;\">8. El movimiento estudiantil y la resistencia contra la subordinaci\u00f3n a Estados Unidos impulsada por Ongan\u00eda: del rechazo al env\u00edo de tropas a Santo Domingo (1965) al repudio a la visita de Nelson Rockefeller (1969) Autor: Leandro Morgenfeld<\/p>\n<p style=\"text-align: justify;\"><strong>13 hs. CORTE ALMUERZO<\/strong><\/p>\n<p style=\"text-align: justify;\"><strong>14 a 16.15 hs<\/strong>.<\/p>\n<p style=\"text-align: justify;\"><strong>BLOQUE 2: LA NOCHE DE LOS BASTONES LARGOS<\/strong><\/p>\n<p style=\"text-align: justify;\">Coordinaci\u00f3n: Samanta Casareto (FFyL)<\/p>\n<p style=\"text-align: justify;\">1. La otra cara: los apoyos al golpe de estado de 1966 en la comunidad acad\u00e9mica de la Universidad de Buenos Aires. Autor: Mart\u00edn Unzu\u00e9<\/p>\n<p style=\"text-align: justify;\">2. \u201cAlineamientos y luchas del movimiento estudiantil frente a la Revoluci\u00f3n Argentina durante 1966.\u201d Autor: Pablo Augusto Bonavena<\/p>\n<p style=\"text-align: justify;\">3. \u201cLa pol\u00edtica educativa para nuestros tiempos\u201d. Los diarios La Prensa, La Naci\u00f3n y Clar\u00edn (1966) frente a \u201cLa Noche de los Bastones Largos\u201d. Autor: Mar\u00eda Paula Gago<\/p>\n<p style=\"text-align: justify;\">4. \u201cSocios necesarios. La intervenci\u00f3n a la UBA durante 1966 vista desde el golpismo interno.\u201d Autor: Juan Sebasti\u00e1n Califa<\/p>\n<p style=\"text-align: justify;\">5. Bastones, planos y maquetas: un di\u00e1logo imposible. Autor: Ana Cravino<\/p>\n<p style=\"text-align: justify;\">6. Una revisi\u00f3n de las renuncias de Exactas: mirando detr\u00e1s de bastidores. Autor: Ra\u00fal Carnota y Silvia E. Braslavsky<\/p>\n<p style=\"text-align: justify;\">7. La Noche de los Bastones Largos: perspectivas desde la carrera de Ciencias de la Educaci\u00f3n. Autores: Mar\u00eda Paula Cardella, Laura Lumi y Mar\u00eda Clara Radunsky<\/p>\n<p style=\"text-align: justify;\">8. Ecos y contrapuntos sobre La Noche de los Bastones Largos en el 37\u00b0 Congreso Internacional de Americanistas (Mar del Plata, 1966). Autores: Alejandra Ramos y Carlos Chiappe<\/p>\n<p style=\"text-align: justify;\">9. \u201cLa Noche de los Bastones Largos como antecedente del proceso genocida en Argentina.\u201d Autores: Eugenia Serres\u00a0 y Sof\u00eda A. Lammel<\/p>\n<p style=\"text-align: justify;\"><strong>16:15 hs.<\/strong> <strong>CORTE<\/strong><\/p>\n<p style=\"text-align: justify;\"><strong>16:45 a 19 hs.<\/strong><\/p>\n<p style=\"text-align: justify;\"><strong>BLOQUE 3: LA UNIVERSIDAD EN TIEMPOS DEL ONGANIATO<\/strong><\/p>\n<p style=\"text-align: justify;\">Coordinaci\u00f3n: Sandra Carli (FSoc-Conicet)<\/p>\n<p style=\"text-align: justify;\">1. Operativo \u201cRescate\u201d de la Fundaci\u00f3n Ford. La Fundaci\u00f3n Ford y su rol en la migraci\u00f3n hacia el exterior y la reubicaci\u00f3n en Argentina de renunciantes en 1966. Autores: Silvia E. Braslavsky y Ra\u00fal Carnota<\/p>\n<p style=\"text-align: justify;\">2. La represi\u00f3n cultural del Onganiato y la respuesta de los j\u00f3venes. Autor: Mario C\u00e9sar Ponte<\/p>\n<p style=\"text-align: justify;\">3. La Noche de los Bastones Largos: entre renovadores y eruditos, la historia y la literatura del R\u00edo de la Plata y de Estados Unidos. Autor: Sandra Sauro<\/p>\n<p style=\"text-align: justify;\">4. El Plan de Estudios de 1967 de la Carrera de Psicolog\u00eda. Un plan hecho para no perdurar. Autor: Dar\u00edo Bruno<\/p>\n<p style=\"text-align: justify;\">5. \u201cLa ense\u00f1anza vigilada. La transformaci\u00f3n represiva de la UBA tras la intervenci\u00f3n de 1966.\u201d Autor: Juan Sebasti\u00e1n Califa<\/p>\n<p style=\"text-align: justify;\">6. Del invierno del \u00b466 a la primavera del \u00b473. Experiencias configuradoras de una nueva universidad. Autor: Sergio Friedemann<\/p>\n<p style=\"text-align: justify;\">7. La Noche de los Bastones Largos y el mito de Clementina: \u00bfoscurantismo o modernizaci\u00f3n autoritaria? Autor: Ra\u00fal Carnota<\/p>\n<p style=\"text-align: justify;\">8. Cient\u00edficos y \u00bfesp\u00edas? La historia de los renunciantes de 1966 expulsados de Chile por espionaje. Autor: Carlos Borches<\/p>\n<p style=\"text-align: justify;\">9. El contexto hist\u00f3rico y el significado de \u201cLa Noche de los Bastones Largos\u201d para la dictadura militar de 1976. Autores: Alfredo Siedl y Margarita Robertazzi<\/p>\n<p style=\"text-align: justify;\"><strong>19 hs. CORTE<\/strong><\/p>\n<p style=\"text-align: justify;\"><strong>19.30.<\/strong> Mesa tem\u00e1tica \u201cEl movimiento estudiantil en tiempos de la Noche de los Bastones Largos\u201d. Oscar Reali y Sergio Rodr\u00edguez, representantes estudiantiles de los movimientos humanistas y reformistas de izquierda de aquella \u00e9poca.<\/p>\n<p style=\"text-align: justify;\">Coordinaci\u00f3n: Juan Sebasti\u00e1n Califa (Facultad de Ciencias Sociales).<\/p>\n<p style=\"text-align: justify;\">Cierre de la Jornadas Acad\u00e9mica a cargo de Pablo Buchbinder (Programa Historia y Memoria: 200 a\u00f1os de la UBA\/ Facultad de Ciencias Sociales), Juan Sebasti\u00e1n Califa (Facultad de Ciencias Sociales), Sandra Carli (Facultad de Ciencias Sociales), Ra\u00fal Carnota (Facultad de Ciencias Exactas y Naturales), Samanta Casareto (Facultad de Filosof\u00eda y Letras), Luc\u00eda Rossi (Facultad de Psicolog\u00eda), Mario Sabugo (Facultad de Arquitectura, Dise\u00f1o y Urbanismo) y V\u00edctor Ramos (Facultad de Ciencias Exactas y Naturales).<\/p>\n<p style=\"text-align: justify;\">&nbsp;<\/p>\n<p style=\"text-align: justify;\">&nbsp;<\/p>\n<p style=\"text-align: justify;\"><strong>Durante la Jornada del 28 de julio se proyectar\u00e1 material audiovisual en el Microcine del Colegio Nacional de Buenos Aires<\/strong><\/p>\n<p style=\"text-align: justify;\"><strong><span style=\"text-decoration: underline;\"> <\/span><\/strong><\/p>\n<p style=\"text-align: justify;\"><strong><span style=\"text-decoration: underline;\"> <\/span><\/strong><\/p>\n<p style=\"text-align: justify;\"><strong><span style=\"text-decoration: underline;\">Viernes 29 de julio<\/span><\/strong><strong>: Acto conmemorativo<\/strong><\/p>\n<p style=\"text-align: justify;\"><strong>Lugar: Colegio Nacional de Buenos Aires. Bol\u00edvar 263, CABA.<\/strong><\/p>\n<p style=\"text-align: justify;\"><strong>9.30 a 11 hs<\/strong>.\u00a0 Mesa de la Editorial Universitaria de Buenos Aires (EUDEBA).<\/p>\n<p style=\"text-align: justify;\">Presentaci\u00f3n del libro \u201cExactas exiliada\u201d, de Pablo Penchaszadeh, y de la reedici\u00f3n de \u201cLa Noche de los Bastones Largos\u201d, de Sergio Morero.<\/p>\n<p style=\"text-align: justify;\">Comentaristas: Pablo Buchbinder (Director del Programa Historia y Memoria: 200 a\u00f1os de la UBA) y Gonzalo \u00c1lvarez (Presidente de EUDEBA).<\/p>\n<p style=\"text-align: justify;\"><strong>11 a 12.30 hs<\/strong>. Mesa \u201cLos docentes de la UBA frente a la Intervenci\u00f3n de la Universidad\u201d.<\/p>\n<p style=\"text-align: justify;\">Expositores: Silvia Braslavsky, Jorge Corti\u00f1as, Juan Carlos Gottifredi, Miguel Murmis, Horacio Sanguinetti y Diana Rabinovich.<\/p>\n<p style=\"text-align: justify;\">Coordinaci\u00f3n: N\u00e9lida Cervone, Vicerrectora de la UBA y Decana de la Facultad de Psicolog\u00eda.<\/p>\n<p style=\"text-align: justify;\"><strong>12.30 a 13.30 hs.<\/strong> Proyecci\u00f3n del Video Institucional producido por la Facultad de Arquitectura, Dise\u00f1o y Urbanismo. Palabras del Decano de la Facultad de Arquitectura, Dise\u00f1o y Urbanismo, Luis Bruno.<\/p>\n<p style=\"text-align: justify;\"><strong>13.30 a 14.30 hs. CORTE ALMUERZO<\/strong><\/p>\n<p><strong>Publicado por ADHILAC Internacional \u00a9 www.adhilac.com.ar<\/strong><\/p>\n<p>Si Ud. desea asociarse de acuerdo a los Estatutos de ADHILAC\u00a0<a title=\"(ver)\" href=\"https:\/\/adhilac.com.ar\/?page_id=263\">(ver)<\/a> complete el siguiente formulario\u00a0<a title=\"(ver)\" href=\"https:\/\/adhilac.com.ar\/?page_id=3194\">(ver)<\/a><\/p>\n<p>E-mail:\u00a0<a title=\"info@adhilac.com.ar\" href=\"https:\/\/adhilac.com.ar\/info@adhilac.com.ar\" target=\"_blank\">info@adhilac.com.ar<\/a><strong> <\/strong><\/p>\n<p>Twitter: @AdhilacInfo<\/p>\n","protected":false},"excerpt":{"rendered":"<p>26 de junio de 1966 Universidad de Buenos Aires &#8211; \u201cA 50 a\u00f1os de la Noche de los Bastones Largos\u201d Colegio Nacional de Buenos Aires. Bol\u00edvar 263, Ciudad\u00a0Aut\u00f3noma\u00a0de Buenos Aires<\/p>\n","protected":false},"author":2,"featured_media":0,"comment_status":"closed","ping_status":"closed","sticky":false,"template":"","format":"standard","meta":{"_crdt_document":"","footnotes":""},"categories":[15,40],"tags":[67,709,710,233],"class_list":["post-11872","post","type-post","status-publish","format-standard","hentry","category-historia","category-informaciones","tag-argentina","tag-golpe-1966","tag-noche-de-los-bastones-largos","tag-universidad-de-buenos-aires"],"_links":{"self":[{"href":"https:\/\/adhilac.com.ar\/index.php?rest_route=\/wp\/v2\/posts\/11872","targetHints":{"allow":["GET"]}}],"collection":[{"href":"https:\/\/adhilac.com.ar\/index.php?rest_route=\/wp\/v2\/posts"}],"about":[{"href":"https:\/\/adhilac.com.ar\/index.php?rest_route=\/wp\/v2\/types\/post"}],"author":[{"embeddable":true,"href":"https:\/\/adhilac.com.ar\/index.php?rest_route=\/wp\/v2\/users\/2"}],"replies":[{"embeddable":true,"href":"https:\/\/adhilac.com.ar\/index.php?rest_route=%2Fwp%2Fv2%2Fcomments&post=11872"}],"version-history":[{"count":1,"href":"https:\/\/adhilac.com.ar\/index.php?rest_route=\/wp\/v2\/posts\/11872\/revisions"}],"predecessor-version":[{"id":11875,"href":"https:\/\/adhilac.com.ar\/index.php?rest_route=\/wp\/v2\/posts\/11872\/revisions\/11875"}],"wp:attachment":[{"href":"https:\/\/adhilac.com.ar\/index.php?rest_route=%2Fwp%2Fv2%2Fmedia&parent=11872"}],"wp:term":[{"taxonomy":"category","embeddable":true,"href":"https:\/\/adhilac.com.ar\/index.php?rest_route=%2Fwp%2Fv2%2Fcategories&post=11872"},{"taxonomy":"post_tag","embeddable":true,"href":"https:\/\/adhilac.com.ar\/index.php?rest_route=%2Fwp%2Fv2%2Ftags&post=11872"}],"curies":[{"name":"wp","href":"https:\/\/api.w.org\/{rel}","templated":true}]}}