{"id":11890,"date":"2016-07-28T10:30:45","date_gmt":"2016-07-28T13:30:45","guid":{"rendered":"https:\/\/adhilac.com.ar\/?p=11890"},"modified":"2016-08-05T06:30:22","modified_gmt":"2016-08-05T09:30:22","slug":"jornadas-trasandinas-de-aprendizaje-sao-paulo-sp-brasil-21-a-23-septiembre-2016","status":"publish","type":"post","link":"https:\/\/adhilac.com.ar\/?p=11890","title":{"rendered":"Jornadas Trasandinas de Aprendizaje ,S\u00e3o Paulo, SP, BRASIL, 21 a 23 septiembre 2016"},"content":{"rendered":"<div>\n<p style=\"text-align: justify;\"><strong>CONVOCAT\u00d3RIA PARA TRABALHO<\/strong><\/p>\n<p style=\"text-align: justify;\">&nbsp;<\/p>\n<p style=\"text-align: justify;\">Estimados colegas, invitamos ustedes para presentaren porpuestas de  trabajo (COMUNICACI\u00d3N ORAL, RELATO DE PR\u00c1CTICA, P\u00d4STER, TALLER) en el  Congreso abajo, en lo cual estamos coordinando un Eje-Tem\u00e1tico sobre  ni\u00f1ez y juventud.<!--more--><\/p>\n<p style=\"text-align: justify;\">Con atenci\u00f3n<\/p>\n<p style=\"text-align: justify;\">Eduardo Silveira Netto Nunes<\/p>\n<p style=\"text-align: justify;\">Coordenador  do Grupo de Trabalho Inf\u00e2ncia e Juventude da Associa\u00e7\u00e3o Nacional de  Hist\u00f3ria- Se\u00e7\u00e3o S\u00e3o Paulo (ANPUH-SP)<\/p>\n<p style=\"text-align: justify;\"><strong>e-mail: juventudinfancia@hotmail.com<\/strong><\/p>\n<p style=\"text-align: justify;\">&nbsp;<\/p>\n<p style=\"text-align: justify;\">Jornadas Trasandinas de Aprendizaje ,S\u00e3o Paulo, SP, BRASIL, 21 a 23 setembro 2016<\/p>\n<p style=\"text-align: justify;\">&nbsp;<\/p>\n<p style=\"text-align: justify;\">Jornadas  Trasandinas de Aprendizaje: Educaci\u00f3n emancipadora en Am\u00e9rica Latina:  la construcci\u00f3n de caminos para la egualdad social<\/p>\n<p style=\"text-align: justify;\">&nbsp;<\/p>\n<p style=\"text-align: justify;\">LINGUAS OFICIAIS: espa\u00f1ol e portugu\u00eas.<\/p>\n<p style=\"text-align: justify;\">&nbsp;<\/p>\n<p style=\"text-align: justify;\">CONVOCAT\u00d3RIA PARA APRESENTAR (COMUNICACAO ORAL, RELATO DE PRATICA, POSTER, WORKSHOP)<\/p>\n<p style=\"text-align: justify;\">&nbsp;<\/p>\n<p style=\"text-align: justify;\"><strong>SITE OFICIAL<\/strong><\/p>\n<p style=\"padding-left: 30px; text-align: justify;\">PORTUGUES: <a href=\"http:\/\/unimes.br\/jornadatrasandinas\/\">http:\/\/unimes.br\/jornadatrasandinas\/<\/a><\/p>\n<p style=\"padding-left: 30px; text-align: justify;\"><a href=\"http:\/\/unimes.br\/jornadatrasandinas\/\"><\/a>(ESPA\u00d1OL) <a href=\"http:\/\/unimes.br\/jornadatrasandinas\/?lang=es_ar\">http:\/\/unimes.br\/jornadatrasandinas\/?lang=es_ar<\/a><\/p>\n<p style=\"text-align: justify;\">&nbsp;<\/p>\n<p style=\"text-align: justify;\"><strong>EJES- TEM\u00c1TICOS<\/strong><\/p>\n<p style=\"padding-left: 30px; text-align: justify;\">1. Pol\u00edticas Educativas y Curricular<\/p>\n<p style=\"padding-left: 30px; text-align: justify;\">2. Atenci\u00f3n Integral a ni\u00f1os y j\u00f3venes<\/p>\n<p style=\"padding-left: 30px; text-align: justify;\">3. Educaci\u00f3n y Salud<\/p>\n<p style=\"padding-left: 30px; text-align: justify;\">4. Educaci\u00f3n y Arte<\/p>\n<p style=\"padding-left: 30px; text-align: justify;\">5. Procesos de ense\u00f1anza y aprendizaje y los desaf\u00edos en las pr\u00e1cticas educativas<\/p>\n<p style=\"padding-left: 30px; text-align: justify;\">6. Derechos Humanos y Ciudadan\u00eda<\/p>\n<p style=\"padding-left: 30px; text-align: justify;\">7. Formaci\u00f3n, pr\u00e1ctica docente y metodolog\u00edas innovadoras<\/p>\n<p style=\"padding-left: 30px; text-align: justify;\">&nbsp;<\/p>\n<p style=\"text-align: justify;\"><strong>DATAS\/FECHAS IMPORTANTES:<\/strong><\/p>\n<p style=\"text-align: justify;\">31\/08\/2016 Limite para apresentar propostas de COMUNICACAO ORAL, RELATO DE PRATICA, POSTER, WORKSHOP)<\/p>\n<p style=\"text-align: justify;\">31\/7\/2016 Limite para pagamento de valores de inscri\u00e7\u00e3o reduzidos<\/p>\n<p style=\"text-align: justify;\">21\/9\/2016 Abertura das Jornadas Trasandinas de Aprendizaje<\/p>\n<p style=\"text-align: justify;\">23\/9\/2016 Encerramento das atividades.<\/p>\n<p style=\"text-align: justify;\">&nbsp;<\/p>\n<p style=\"text-align: justify;\"><strong>VALORES:<\/strong><\/p>\n<p style=\"text-align: justify;\"><strong> <\/strong>Estudantes gradua\u00e7\u00e3o e p\u00f3s-gradua\u00e7\u00e3o At\u00e9 31\/7 R$ 110,00 At\u00e9 20\/9 R$ 180,00 Depois R$ 250,00<\/p>\n<p style=\"text-align: justify;\">Demais profissionais At\u00e9 31\/7 R$ 130,00 At\u00e9 20\/9 R$ 200,00 Depois de 20\/9 R$ 270,00<\/p>\n<p style=\"text-align: justify;\">Extrangeiros (abonar inscripcion en los d\u00edas de la Jornada)<\/p>\n<p style=\"text-align: justify;\">Estudiante de graduaci\u00f3n e posgrado US$ 60,00<\/p>\n<p style=\"text-align: justify;\">Profesor, investigador u outro profesional US$ 65,00<\/p>\n<p style=\"text-align: justify;\">&nbsp;<\/p>\n<p style=\"text-align: justify;\">ORGANIZA\u00c7\u00c3O: UNIMES,PUC-SP, UNIFAI, UNICASTELO, PREFEITURA DE S\u00c3O PAULO, REVISTA PSICOPEDAGOGIA, FECIL<\/p>\n<\/div>\n<p><strong>Publicado por ADHILAC Internacional \u00a9 www.adhilac.com.ar<\/strong><\/p>\n<p>Si Ud. desea asociarse de acuerdo a los Estatutos de ADHILAC\u00a0<a title=\"(ver)\" href=\"https:\/\/adhilac.com.ar\/?page_id=263\">(ver)<\/a> complete el siguiente formulario\u00a0<a title=\"(ver)\" href=\"https:\/\/adhilac.com.ar\/?page_id=3194\">(ver)<\/a><\/p>\n<p>E-mail:\u00a0<a title=\"info@adhilac.com.ar\" href=\"https:\/\/adhilac.com.ar\/info@adhilac.com.ar\" target=\"_blank\">info@adhilac.com.ar<\/a><strong> <\/strong><\/p>\n<p>Twitter: @AdhilacInfo<\/p>\n<p style=\"text-align: justify;\">&nbsp;<\/p>\n","protected":false},"excerpt":{"rendered":"<p>CONVOCAT\u00d3RIA PARA TRABALHO &nbsp; Estimados colegas, invitamos ustedes para presentaren porpuestas de trabajo (COMUNICACI\u00d3N ORAL, RELATO DE PR\u00c1CTICA, P\u00d4STER, TALLER) en el Congreso abajo, en lo cual estamos coordinando un Eje-Tem\u00e1tico sobre ni\u00f1ez y juventud.<\/p>\n","protected":false},"author":2,"featured_media":0,"comment_status":"closed","ping_status":"closed","sticky":false,"template":"","format":"standard","meta":{"_crdt_document":"","footnotes":""},"categories":[5,40],"tags":[711],"class_list":["post-11890","post","type-post","status-publish","format-standard","hentry","category-congresos","category-informaciones","tag-aprendizaje"],"_links":{"self":[{"href":"https:\/\/adhilac.com.ar\/index.php?rest_route=\/wp\/v2\/posts\/11890","targetHints":{"allow":["GET"]}}],"collection":[{"href":"https:\/\/adhilac.com.ar\/index.php?rest_route=\/wp\/v2\/posts"}],"about":[{"href":"https:\/\/adhilac.com.ar\/index.php?rest_route=\/wp\/v2\/types\/post"}],"author":[{"embeddable":true,"href":"https:\/\/adhilac.com.ar\/index.php?rest_route=\/wp\/v2\/users\/2"}],"replies":[{"embeddable":true,"href":"https:\/\/adhilac.com.ar\/index.php?rest_route=%2Fwp%2Fv2%2Fcomments&post=11890"}],"version-history":[{"count":3,"href":"https:\/\/adhilac.com.ar\/index.php?rest_route=\/wp\/v2\/posts\/11890\/revisions"}],"predecessor-version":[{"id":11948,"href":"https:\/\/adhilac.com.ar\/index.php?rest_route=\/wp\/v2\/posts\/11890\/revisions\/11948"}],"wp:attachment":[{"href":"https:\/\/adhilac.com.ar\/index.php?rest_route=%2Fwp%2Fv2%2Fmedia&parent=11890"}],"wp:term":[{"taxonomy":"category","embeddable":true,"href":"https:\/\/adhilac.com.ar\/index.php?rest_route=%2Fwp%2Fv2%2Fcategories&post=11890"},{"taxonomy":"post_tag","embeddable":true,"href":"https:\/\/adhilac.com.ar\/index.php?rest_route=%2Fwp%2Fv2%2Ftags&post=11890"}],"curies":[{"name":"wp","href":"https:\/\/api.w.org\/{rel}","templated":true}]}}