{"id":11975,"date":"2016-08-08T12:54:54","date_gmt":"2016-08-08T15:54:54","guid":{"rendered":"https:\/\/adhilac.com.ar\/?p=11975"},"modified":"2016-08-09T08:53:58","modified_gmt":"2016-08-09T11:53:58","slug":"xvii-dialogos-latino-americanos-salvador-allende-no-cinema-documentario-sao-paulo-xvii-dialogos-latino-americanos-sao-paulo-brasil-11-de-agosto-de-2016","status":"publish","type":"post","link":"https:\/\/adhilac.com.ar\/?p=11975","title":{"rendered":"XVII Di\u00e1logos latino-americanos. Salvador Allende no cinema documentario. Sao Paulo. XVII Di\u00e1logos latino-americanos. Sao Paulo. Brasil. 11 de agosto de 2016"},"content":{"rendered":"<div dir=\"ltr\">\n<h3 style=\"text-align: justify;\"><span style=\"color: #339966;\">XVII Di\u00e1logos latino-americanos.<\/span><\/h3>\n<p style=\"text-align: justify;\"><strong>XVII Leitura Cr\u00edtica\u00a0Tema: Salvador Allende no cinema document\u00e1rio de Patricio Guzm\u00e1n (texto de Fabio Monteiro)<\/strong><br \/>\nLeitura cr\u00edtica do mestrado &#8211; \u201cAs representa\u00e7\u00f5es do Governo Allende no cinema document\u00e1rio de Patricio Guzm\u00e1n\u201d, de Fabio Monteiro<\/p>\n<p style=\"text-align: justify;\">Debatedores:<\/p>\n<p style=\"padding-left: 30px; text-align: justify;\">Mauro Luiz Peron (PUC\/SP) &#8211; Doutor em Multimeios pelo Instituto de Artes da Universidade Estadual de Campinas.<\/p>\n<p style=\"padding-left: 30px; text-align: justify;\">S\u00e9rgio Cl\u00e1udio de Franceschi (UNIFIEO) \u2013 Doutor em Filosofia, Letras e Ci\u00eancias Humanas pela USP, ex-assessor da Embrafilme e ex-diretor da Cinemateca Brasileira.<!--more--><\/p>\n<p style=\"text-align: justify;\">P\u00fablico alvo: estudantes da p\u00f3s-gradua\u00e7\u00e3o lato senso e da gradua\u00e7\u00e3o, integrantes da UNIFIEO e da PUC\/SP e interessados da comunidade.<\/p>\n<div style=\"text-align: justify;\">Data- 11 de agosto de 2016 &#8211;\u00a0Hor\u00e1rio: a partir das 14h3<\/div>\n<div style=\"text-align: justify;\">Local: Pr\u00e9dio Novo. PUC\/SP\u00a0Campus Monte Alegre<\/div>\n<div style=\"text-align: justify;\"><strong>Atividade Programada:<\/strong><\/div>\n<div style=\"text-align: justify;\">Departamento de Historia- gradua\u00e7\u00e3o e p\u00f3s-gradua\u00e7\u00e3o.<\/div>\n<div style=\"text-align: justify;\"><strong>Promo\u00e7\u00e3o:<\/strong><\/div>\n<div style=\"text-align: justify;\">CEHAL-PUCSP\/ UNIFIEO\/ADHILAC-Brasil<\/div>\n<div style=\"text-align: justify;\">Ser\u00e1 conferido certificado<\/div>\n<div style=\"text-align: justify;\">Fone: 36708511<\/div>\n<div style=\"text-align: justify;\">\n<div>\n<div dir=\"ltr\"><span style=\"color: #0000ff; font-family: arial, helvetica, sans-serif;\"><strong>Vera L\u00facia Vieira<\/strong><\/span><\/div>\n<\/div>\n<\/div>\n<\/div>\n<p style=\"text-align: justify;\"><strong>Publicado por ADHILAC Internacional \u00a9 www.adhilac.com.ar<\/strong><\/p>\n<p style=\"text-align: justify;\">Si Ud. desea asociarse de acuerdo a los Estatutos de ADHILAC\u00a0<a title=\"(ver)\" href=\"https:\/\/adhilac.com.ar\/?page_id=263\">(ver)<\/a> complete el siguiente formulario\u00a0<a title=\"(ver)\" href=\"https:\/\/adhilac.com.ar\/?page_id=3194\">(ver)<\/a><\/p>\n<p style=\"text-align: justify;\">E-mail:\u00a0<a title=\"info@adhilac.com.ar\" href=\"https:\/\/adhilac.com.ar\/info@adhilac.com.ar\" target=\"_blank\">info@adhilac.com.ar<\/a><strong> <\/strong><\/p>\n<p>Twitter: @AdhilacInfo<\/p>\n<p>&nbsp;<\/p>\n","protected":false},"excerpt":{"rendered":"<p>XVII Di\u00e1logos latino-americanos. XVII Leitura Cr\u00edtica\u00a0Tema: Salvador Allende no cinema document\u00e1rio de Patricio Guzm\u00e1n (texto de Fabio Monteiro) Leitura cr\u00edtica do mestrado &#8211; \u201cAs representa\u00e7\u00f5es do Governo Allende no cinema document\u00e1rio de Patricio Guzm\u00e1n\u201d, de Fabio Monteiro Debatedores: Mauro Luiz Peron (PUC\/SP) &#8211; Doutor em Multimeios pelo Instituto de Artes da Universidade Estadual de Campinas. [&hellip;]<\/p>\n","protected":false},"author":2,"featured_media":0,"comment_status":"closed","ping_status":"closed","sticky":false,"template":"","format":"standard","meta":{"_crdt_document":"","footnotes":""},"categories":[549,5,40],"tags":[460],"class_list":["post-11975","post","type-post","status-publish","format-standard","hentry","category-adhilac-brasil","category-congresos","category-informaciones","tag-salvador-allende"],"_links":{"self":[{"href":"https:\/\/adhilac.com.ar\/index.php?rest_route=\/wp\/v2\/posts\/11975","targetHints":{"allow":["GET"]}}],"collection":[{"href":"https:\/\/adhilac.com.ar\/index.php?rest_route=\/wp\/v2\/posts"}],"about":[{"href":"https:\/\/adhilac.com.ar\/index.php?rest_route=\/wp\/v2\/types\/post"}],"author":[{"embeddable":true,"href":"https:\/\/adhilac.com.ar\/index.php?rest_route=\/wp\/v2\/users\/2"}],"replies":[{"embeddable":true,"href":"https:\/\/adhilac.com.ar\/index.php?rest_route=%2Fwp%2Fv2%2Fcomments&post=11975"}],"version-history":[{"count":4,"href":"https:\/\/adhilac.com.ar\/index.php?rest_route=\/wp\/v2\/posts\/11975\/revisions"}],"predecessor-version":[{"id":11978,"href":"https:\/\/adhilac.com.ar\/index.php?rest_route=\/wp\/v2\/posts\/11975\/revisions\/11978"}],"wp:attachment":[{"href":"https:\/\/adhilac.com.ar\/index.php?rest_route=%2Fwp%2Fv2%2Fmedia&parent=11975"}],"wp:term":[{"taxonomy":"category","embeddable":true,"href":"https:\/\/adhilac.com.ar\/index.php?rest_route=%2Fwp%2Fv2%2Fcategories&post=11975"},{"taxonomy":"post_tag","embeddable":true,"href":"https:\/\/adhilac.com.ar\/index.php?rest_route=%2Fwp%2Fv2%2Ftags&post=11975"}],"curies":[{"name":"wp","href":"https:\/\/api.w.org\/{rel}","templated":true}]}}