{"id":12009,"date":"2016-08-17T10:02:59","date_gmt":"2016-08-17T13:02:59","guid":{"rendered":"https:\/\/adhilac.com.ar\/?p=12009"},"modified":"2016-08-19T10:19:10","modified_gmt":"2016-08-19T13:19:10","slug":"sexto-congreso-latinoamericanos-de-historia-economica-cladhe-vi-chile-23-a-25-de-julio-de-2019","status":"publish","type":"post","link":"https:\/\/adhilac.com.ar\/?p=12009","title":{"rendered":"Sexto Congreso Latinoamericanos de Historia Econ\u00f3mica (CLADHE VI), Chile, 23 a 25 de julio de 2019"},"content":{"rendered":"<p style=\"text-align: justify;\"><strong>SEXTO CONGRESO LATINOAMERICANO DE HISTORIA ECONOMICA <\/strong><strong>(CLADHE VI)<\/strong><\/p>\n<p style=\"text-align: justify;\"><strong>Universidad de Santiago de Chile, Santiago (Chile)<\/strong><br \/>\n<strong>23-25 julio 2019<\/strong><\/p>\n<p style=\"text-align: justify;\"><strong>Primera Circular<\/strong><\/p>\n<p style=\"text-align: justify;\">El sexto Congreso Latino-Americano de Historia Econ\u00f3mica (CLADHE VI) se realizar\u00e1 en la ciudad de Santiago, Chile, entre los d\u00edas 23 y 25 de julio de 2019. Las instituciones organizadoras son las asociaciones de Historia Econ\u00f3mica de Argentina, Brasil, Chile, Caribe, Colombia, M\u00e9xico, Per\u00fa y Uruguay, as\u00ed como las de Espa\u00f1a y Portugal, en condici\u00f3n de invitadas. <!--more-->La Asociaci\u00f3n Chilena de Historia Econ\u00f3mica (ACHHE) y la Facultad de Administraci\u00f3n y Econom\u00eda (FAE), de la Universidad de Santiago de Chile (Usach), con sede en la ciudad de Santiago, son las instituciones anfitrionas.<\/p>\n<p style=\"text-align: justify;\">&nbsp;<\/p>\n<p style=\"text-align: justify;\">El sitio web del congreso ser\u00e1 el siguiente: <a href=\"http:\/\/www.cladhe6.usach.cl\/\">www.cladhe6.usach.cl\/<\/a><\/p>\n<p style=\"text-align: justify;\">&nbsp;<\/p>\n<p style=\"text-align: justify;\">Continuando con la tradici\u00f3n de los anteriores Cladhe, realizados desde el 2007, el CLADHE VI es un espacio acad\u00e9mico para debatir las investigaciones recientes de historia econ\u00f3mica en Am\u00e9rica Latina, as\u00ed como para abordar las perspectivas globales y comparativas con otras regiones. La organizaci\u00f3n de CLADHE busca incentivar la participaci\u00f3n conjunta de investigadores de los pa\u00edses latinoamericanos y de otras partes del mundo para difundir y discutir sus trabajos, as\u00ed como establecer agendas de investigaci\u00f3n conjuntas. Investigadores de Historia Econ\u00f3mica y \u00e1reas afines son invitados a presentar sus trabajos.<\/p>\n<p style=\"text-align: justify;\">&nbsp;<\/p>\n<p style=\"text-align: justify;\">Los idiomas oficiales de CLADHE VI ser\u00e1n espa\u00f1ol y portugu\u00e9s; sin embargo, tambi\u00e9n ser\u00e1n recibidos trabajos en ingl\u00e9s. El congreso ser\u00e1 organizado en simposios, mesas redondas y conferencias.<\/p>\n<p style=\"text-align: justify;\">&nbsp;<\/p>\n<p style=\"text-align: justify;\">&nbsp;<\/p>\n<p style=\"text-align: justify;\"><strong>LLAMADO A PRESENTACION DE PROPUESTAS DE SIMPOSIOS<\/strong><\/p>\n<p style=\"text-align: justify;\">Las propuestas de simposios tem\u00e1ticos ser\u00e1n recibidas entre el 1 de Julio y el 15 de agosto de 2018 en la siguiente direcci\u00f3n electr\u00f3nica: <a href=\"mailto:cladhe6@usach.cl\">cladhe6@usach.cl<\/a>.<\/p>\n<p style=\"text-align: justify;\">&nbsp;<\/p>\n<p style=\"text-align: justify;\">Con la intenci\u00f3n de promover la participaci\u00f3n conjunta de investigadores de diversos pa\u00edses y regiones del mundo, cada simposio deber\u00e1 contar con al menos (2) coordinadores de nacionalidades diferentes (con un m\u00e1ximo de tres coordinadores).<\/p>\n<p style=\"text-align: justify;\">&nbsp;<\/p>\n<p style=\"text-align: justify;\">La propuesta de simposio tem\u00e1tico deber\u00e1 ser enviada con los siguientes documentos adjuntos:<\/p>\n<ul style=\"text-align: justify;\">\n<li>Un resumen justificativo de la propuesta del simposio;<\/li>\n<li>El curriculum vitae corto de los coordinadores,      el cual deber\u00e1 demostrar una<\/li>\n<\/ul>\n<p style=\"text-align: justify;\">trayectoria acad\u00e9mica reconocida en el tema propuesto;<\/p>\n<ul style=\"text-align: justify;\">\n<li>Una lista de los potenciales participantes y      posibles comentaristas, especificando en cada caso la filiaci\u00f3n institucional.<\/li>\n<\/ul>\n<p style=\"text-align: justify;\">&nbsp;<\/p>\n<p style=\"text-align: justify;\">Las sesiones deben contar con la participaci\u00f3n de investigadores de diversos pa\u00edses, siendo un 50% el m\u00e1ximo permitido de participantes de un mismo pa\u00eds, y los simposios deber\u00e1n estar conformados por entre 10 y 18 ponentes.<\/p>\n<p style=\"text-align: justify;\">La aprobaci\u00f3n de los simposios estar\u00e1 a cargo del Comit\u00e9 Organizador Internacional (COI) y ser\u00e1 comunicado por medio de email a los coordinadores conforme las fechas especificadas. La aprobaci\u00f3n deber\u00e1 ser ratificada con la recepci\u00f3n de los trabajos completos, teniendo en cuenta el n\u00famero m\u00e1ximo y m\u00ednimo de participantes ya definido. Los plazos deber\u00e1n ser cumplidos para que la publicaci\u00f3n de los art\u00edculos pueda ser realizada en la p\u00e1gina del evento.<\/p>\n<p style=\"text-align: justify;\">&nbsp;<\/p>\n<p style=\"text-align: justify;\">Los coordinadores de los simposios tem\u00e1ticos ser\u00e1n los responsables por la aprobaci\u00f3n de los contenidos y de la calidad de los textos, as\u00ed como de la organizaci\u00f3n de los simposios. El Comit\u00e9 Organizador Local deber\u00e1 recibir la lista de los ponentes, sus res\u00famenes y sus art\u00edculos, as\u00ed como el cronograma de las presentaciones del Simposio para su publicaci\u00f3n en la p\u00e1gina del evento y en el material del congreso.<\/p>\n<p style=\"text-align: justify;\">&nbsp;<\/p>\n<p style=\"text-align: justify;\"><strong>LA INSTITUCION PROMOTORA: ACHHE<\/strong><strong> <\/strong><\/p>\n<p style=\"text-align: justify;\">La Asociaci\u00f3n Chilena de Historia Econ\u00f3mica (ACHHE) fue fundada el 2008, por iniciativa de un peque\u00f1o grupo de acad\u00e9micos convencidos de la necesidad de promover la investigaci\u00f3n y los debates sobre historia econ\u00f3mica chilena. A la fecha ya hemos realizado tres congresos nacionales y tres jornadas de historia econ\u00f3mica.<\/p>\n<p style=\"text-align: justify;\">&nbsp;<\/p>\n<p style=\"text-align: justify;\">Actualmente la ACHHE es integrante de la Asociaci\u00f3n Latino-Americana de Historia Econ\u00f3mica (CLADHE) y de la Asociaci\u00f3n Internacional de Historia Econ\u00f3mica (IEHA). La ACHHE se afili\u00f3 a la Asociaci\u00f3n Internacional de Historia Econ\u00f3mica el 2014 y ha desarrollado diversas actividades con las asociaciones latino-americanas.<\/p>\n<p style=\"text-align: justify;\">Para m\u00e1s detalle visitar: <a href=\"http:\/\/achhe.org\/\">http:\/\/achhe.org\/<\/a><\/p>\n<p style=\"text-align: justify;\">&nbsp;<\/p>\n<p style=\"text-align: justify;\"><strong>LA SEDE DEL CONGRESO<\/strong><\/p>\n<p style=\"text-align: justify;\">La sede del congreso ser\u00e1 la Facultad de Administraci\u00f3n y Econom\u00eda (FAE) de la Universidad de Santiago de Chile (Usach), creada en 1972, y que actualmente ofrece cursos de pre-grado en Administraci\u00f3n de Empresas, Ciencias Econ\u00f3micas, Ciencias Contables, y Administraci\u00f3n P\u00fablica. Ofrece adem\u00e1s diversos postgrados en todas estas \u00e1reas, incluyendo doctorados, maestr\u00edas y diplomados. La FAE est\u00e1 ubicada en la Avenida Libertador Bernardo O\u2019Higgins 3363, Estaci\u00f3n Central, Santiago.<\/p>\n<p style=\"text-align: justify;\">Para otras informaciones visitar: http:\/\/fae.usach.cl\/ <strong> <\/strong><\/p>\n<p style=\"text-align: justify;\">&nbsp;<\/p>\n<p style=\"text-align: justify;\">&nbsp;<\/p>\n<p style=\"text-align: justify;\"><strong><span style=\"text-decoration: underline;\">Comit\u00e9 Organizador Internacional (COI)<\/span><\/strong><\/p>\n<p style=\"text-align: justify;\">Integrado por los Presidentes y Vicepresidentes o Secretarios de las Asociaciones al momento de enviarse la primera circular. A saber:<br \/>\nRoberto Schmit (AAHE)<br \/>\nGuillermo Banzato (AAHE)<br \/>\nAlexandre Macchione Saes (ABPHE)<br \/>\nLuiz Fernando Saraiva (ABPHE) <strong> <\/strong><br \/>\nAndr\u00e9s Alvarez (ACHE)<br \/>\nJavier Mej\u00eda (ACHE)<br \/>\nManuel Llorca (ACHHE)<br \/>\nCesar Y\u00e1\u00f1ez (ACHHE)<br \/>\nMart\u00edn Monsalve (APHE)<br \/>\nFrancisco Quiroz (APHE)<br \/>\nJose Antonio Piqueras (AHEC)<br \/>\nJorge El\u00edas Caro (AHEC)<br \/>\nSandra Kuntz (AMHE)<br \/>\nYovana Celaya (AMHE)<br \/>\nMar\u00eda Camou (AUDHE)<br \/>\nCecilia Lara (AUDHE)<\/p>\n<p style=\"text-align: justify;\"><em>Asociaciones invitadas<\/em><br \/>\n<strong>Santiago L\u00f3pez Garc\u00eda<\/strong> (AEHE)<\/p>\n<p style=\"text-align: justify;\">\u00c1lvaro Ferreira da Silva (APHES)<\/p>\n<p style=\"text-align: justify;\">&nbsp;<\/p>\n<p style=\"text-align: justify;\">&nbsp;<\/p>\n<p style=\"text-align: justify;\"><strong><span style=\"text-decoration: underline;\">Comit\u00e9 Organizador Local (COL)<\/span><\/strong><strong> <\/strong><\/p>\n<p>Manuel Llorca (Usach)<br \/>\nDiego Barr\u00eda (Usach)<br \/>\nJuan Jos\u00e9 Mart\u00ednez (Usach)<br \/>\nJuan Navarrete (Usach)<br \/>\nRodrigo Rivero (Usach)<br \/>\nRicardo Nazer (Usach)<br \/>\nLuis Ortega (Usach)<br \/>\nC\u00e9sar Y\u00e1\u00f1ez (Universidad de Valpara\u00edso)<br \/>\nMario Matus (Universidad de Chile)<br \/>\nJos\u00e9 D\u00edaz (PUC)<br \/>\nJaime Rosenblitt (Dibam)<br \/>\nLeopoldo Tobar (UCSH)<br \/>\nGonzalo Islas (UAI)<br \/>\nBernardita Escobar (SEP)<br \/>\nNora Reyes (Universidad de Barcelona)<br \/>\nPatricio Herrera (Universidad de Valpara\u00edso)<br \/>\nDiego del Barrio (Universidad de Valpara\u00edso)<\/p>\n<p><strong><span style=\"text-decoration: underline;\">Comit\u00e9 Acad\u00e9mico Internacional (CAI)<\/span><\/strong><\/p>\n<p style=\"text-align: justify;\">Compuesto por 4 miembros propuestos por cada asociaci\u00f3n.<\/p>\n<p style=\"text-align: justify;\">&nbsp;<\/p>\n<p style=\"text-align: justify;\">Carlos Marichal (Colegio de M\u00e9xico, M\u00e9xico)<br \/>\nLuis J\u00e1uregui (Instituo Mora)<br \/>\nAntonio Ibarra (Universidad Nacional Aut\u00f3noma de M\u00e9xico, M\u00e9xico)<br \/>\nAntonio Tena (Universidad Carlos III, Espa\u00f1a)<br \/>\nMarcello Carmagnani (Colegio de M\u00e9xico, M\u00e9xico)<br \/>\nGabriel Palma (Cambridge University &amp; Universidad de Santiago, Chile)<br \/>\nOsvaldo Sunkel (Cepal, Chile)<br \/>\nRicardo Ffrench-Davis (Universidad de Chile, Chile)<br \/>\nLuis B\u00e9rtola (Universidad de la Rep\u00fablica, Uruguay)<br \/>\nHenry Willebald (Universidad de la Rep\u00fablica, Uruguay)<br \/>\nReto Bertoni (Universidad de la Rep\u00fablica, Uruguay)<br \/>\nJos\u00e9 Antonio Ocampo (New York University, EEUU)<br \/>\nRosemary Thorp (University of Oxford, Inglaterra)<br \/>\nHeraclio Bonilla (Universidad Nacional de Colombia, Colombia)<br \/>\nKendal Brown (Brigham Young University, EEUU)<br \/>\nBruno Seminario (Universidad del Pac\u00edfico, Per\u00fa)<br \/>\nAndr\u00e9s Regalsky (UNL-UBA, Argentina)<br \/>\nSusana Bandieri (UNCOMA, Argentina)<br \/>\nJorge Gelman (UBA, Argentina)<br \/>\nColin Lewis (LSE, Inglaterra)<br \/>\nWilson Suzigan (Unicamp, Brasil)<br \/>\nPedro Cezar Dutra Fonseca (UFRGS, Brasil)<br \/>\nAngelo Carrara (UFJF, Brasil)<br \/>\nJos\u00e9 Lu\u00eds Cardoso (Universidade de Lisboa, Portugal)<br \/>\nEduardo Posada Carb\u00f3 (Universidad de Oxford, Inglaterra)<br \/>\nSalom\u00f3n Kalmanovitz (Universidad Jorge Tadeo Lozano, Colombia)<br \/>\nMar\u00eda Teresa Ram\u00edrez (Banco de la Rep\u00fablica de Colombia, Colombia)<br \/>\nCarlos Brando (Universidad de los Andes de Bogot\u00e1, Colombia)<br \/>\nOscar Zanetti (UNEAC, Cuba)<br \/>\nGuy Pierre (Universidad Aut\u00f3noma de la Ciudad de M\u00e9xico, M\u00e9xico)<br \/>\nFranklin W. Knight (The Johns Hopkins University, EEUU)<br \/>\nHerbert S. Klein (Stanford University, EEUU)<br \/>\nAndrea Lluch (Universidad Nacional de La Pampa, Argentina)<br \/>\nLeandro Prados de la Escosura (Universidad Carlos III de Madrid, Espa\u00f1a)<br \/>\nPaloma Fern\u00e1ndez (Universidat de Barcelona, Espa\u00f1a)<br \/>\nXavier Tafunell (Universitat Pompeu Fabra, Espa\u00f1a)<\/p>\n<p style=\"text-align: justify;\">&nbsp;<\/p>\n<p><strong>Publicado por ADHILAC Internacional \u00a9 www.adhilac.com.ar<\/strong><\/p>\n<p>Si Ud. desea asociarse de acuerdo a los Estatutos de ADHILAC\u00a0<a title=\"(ver)\" href=\"https:\/\/adhilac.com.ar\/?page_id=263\">(ver)<\/a> complete el siguiente formulario\u00a0<a title=\"(ver)\" href=\"https:\/\/adhilac.com.ar\/?page_id=3194\">(ver)<\/a><\/p>\n<p>E-mail:\u00a0<a title=\"info@adhilac.com.ar\" href=\"https:\/\/adhilac.com.ar\/info@adhilac.com.ar\" target=\"_blank\">info@adhilac.com.ar<\/a><strong> <\/strong><\/p>\n<p>Twitter: @AdhilacInfo<\/p>\n","protected":false},"excerpt":{"rendered":"<p>SEXTO CONGRESO LATINOAMERICANO DE HISTORIA ECONOMICA (CLADHE VI) Universidad de Santiago de Chile, Santiago (Chile) 23-25 julio 2019 Primera Circular El sexto Congreso Latino-Americano de Historia Econ\u00f3mica (CLADHE VI) se realizar\u00e1 en la ciudad de Santiago, Chile, entre los d\u00edas 23 y 25 de julio de 2019. Las instituciones organizadoras son las asociaciones de Historia [&hellip;]<\/p>\n","protected":false},"author":2,"featured_media":0,"comment_status":"closed","ping_status":"closed","sticky":false,"template":"","format":"standard","meta":{"_crdt_document":"","footnotes":""},"categories":[15],"tags":[13,130],"class_list":["post-12009","post","type-post","status-publish","format-standard","hentry","category-historia","tag-america-latina","tag-historia-economica"],"_links":{"self":[{"href":"https:\/\/adhilac.com.ar\/index.php?rest_route=\/wp\/v2\/posts\/12009","targetHints":{"allow":["GET"]}}],"collection":[{"href":"https:\/\/adhilac.com.ar\/index.php?rest_route=\/wp\/v2\/posts"}],"about":[{"href":"https:\/\/adhilac.com.ar\/index.php?rest_route=\/wp\/v2\/types\/post"}],"author":[{"embeddable":true,"href":"https:\/\/adhilac.com.ar\/index.php?rest_route=\/wp\/v2\/users\/2"}],"replies":[{"embeddable":true,"href":"https:\/\/adhilac.com.ar\/index.php?rest_route=%2Fwp%2Fv2%2Fcomments&post=12009"}],"version-history":[{"count":4,"href":"https:\/\/adhilac.com.ar\/index.php?rest_route=\/wp\/v2\/posts\/12009\/revisions"}],"predecessor-version":[{"id":12021,"href":"https:\/\/adhilac.com.ar\/index.php?rest_route=\/wp\/v2\/posts\/12009\/revisions\/12021"}],"wp:attachment":[{"href":"https:\/\/adhilac.com.ar\/index.php?rest_route=%2Fwp%2Fv2%2Fmedia&parent=12009"}],"wp:term":[{"taxonomy":"category","embeddable":true,"href":"https:\/\/adhilac.com.ar\/index.php?rest_route=%2Fwp%2Fv2%2Fcategories&post=12009"},{"taxonomy":"post_tag","embeddable":true,"href":"https:\/\/adhilac.com.ar\/index.php?rest_route=%2Fwp%2Fv2%2Ftags&post=12009"}],"curies":[{"name":"wp","href":"https:\/\/api.w.org\/{rel}","templated":true}]}}