{"id":12091,"date":"2016-09-25T11:14:51","date_gmt":"2016-09-25T14:14:51","guid":{"rendered":"https:\/\/adhilac.com.ar\/?p=12091"},"modified":"2016-09-25T11:15:59","modified_gmt":"2016-09-25T14:15:59","slug":"nuevo-numero-de-procesos-historicos-revista-digital","status":"publish","type":"post","link":"https:\/\/adhilac.com.ar\/?p=12091","title":{"rendered":"Nuevo n\u00famero de Procesos Hist\u00f3ricos Revista Digital"},"content":{"rendered":"<div>\n<p style=\"text-align: justify;\">El Comit\u00e9 Editorial de Procesos Hist\u00f3ricos, revista digital de historia y ciencias sociales, \u00f3rgano divulgativo del Grupo de Investigaci\u00f3n de Historia de las Regiones Americanas (GIHRA) de la Escuela de Historia, Facultad de Humanidades y Educaci\u00f3n de la Universidad de Los Andes (M\u00e9rida-Venezuela), tiene la satisfacci\u00f3n de hacer conocer a sus lectores y colaboradores que est\u00e1 en l\u00ednea su edici\u00f3n n\u00famero 30, a\u00f1o XV, correspondiente al segundo semestre del a\u00f1o 2016<!--more-->:<\/p>\n<p style=\"text-align: justify;\"><a href=\"http:\/\/www.saber.ula.ve\/procesoshistoricos\/\" target=\"_blank\">http:\/\/www.saber.ula.ve\/procesoshistoricos\/<\/a> <a href=\"https:\/\/gihraula.wordpress.com\/\" target=\"_blank\">https:\/\/gihraula.wordpress.com\/<\/a><\/p>\n<\/div>\n<div style=\"text-align: justify;\">\n<p>&nbsp;<\/p>\n<\/div>\n<div style=\"text-align: justify;\">\n<p>Igualmente, convoca a los historiadores e investigadores de las ciencias sociales, a participar en el n\u00famero 31,<\/p>\n<\/div>\n<div style=\"text-align: justify;\">\n<p>a\u00f1o XVI (enero-junio, 2017), con art\u00edculos y rese\u00f1as de libros, editados en los tres \u00faltimos a\u00f1os. La fecha l\u00edmite<\/p>\n<\/div>\n<div style=\"text-align: justify;\">\n<p>de recepci\u00f3n de los art\u00edculos y rese\u00f1as para ese n\u00famero ser\u00e1 el 15 de mayo de 2017, momento en que se iniciar\u00e1<\/p>\n<\/div>\n<div style=\"text-align: justify;\">\n<p>el proceso de edici\u00f3n en forma tal que se garantice su publicaci\u00f3n oportuna. El proceso de evaluaci\u00f3n se realizar\u00e1<\/p>\n<\/div>\n<div style=\"text-align: justify;\">\n<p>de acuerdo a la fecha de recepci\u00f3n de los mismos, criterio que se utilizar\u00e1 para su publicaci\u00f3n.<\/p>\n<\/div>\n<div style=\"text-align: justify;\">\n<p>&nbsp;<\/p>\n<\/div>\n<div style=\"text-align: justify;\">\n<p>&nbsp;<\/p>\n<\/div>\n<div style=\"text-align: justify;\">\n<p>Cordialmente<\/p>\n<\/div>\n<div style=\"text-align: justify;\">\n<p>&nbsp;<\/p>\n<\/div>\n<div style=\"text-align: justify;\">\n<p>Consejo Editorial<\/p>\n<\/div>\n<div style=\"text-align: justify;\">\n<p>&nbsp;<\/p>\n<\/div>\n<div style=\"text-align: justify;\">\n<p>&nbsp;<\/p>\n<\/div>\n<div style=\"text-align: justify;\">\n<p>Nota Las instrucciones para los autores est\u00e1n en: <a href=\"http:\/\/www.saber.ula.ve\/procesoshistoricos\/\" target=\"_blank\">http:\/\/www.saber.ula.ve\/procesoshistoricos\/<\/a><\/p>\n<\/div>\n<p style=\"text-align: justify;\">&nbsp;<\/p>\n<p style=\"text-align: justify;\">&nbsp;<\/p>\n<p style=\"text-align: justify;\"><strong>Publicado por ADHILAC Internacional \u00a9 www.adhilac.com.ar<\/strong><\/p>\n<p style=\"text-align: justify;\">Si Ud. desea asociarse de acuerdo a los Estatutos de ADHILAC\u00a0<a title=\"(ver)\" href=\"https:\/\/adhilac.com.ar\/?page_id=263\">(ver)<\/a> complete el formulario correspondiente\u00a0<a title=\"(Ver)\" href=\"https:\/\/adhilac.com.ar\/?page_id=4779\" target=\"_blank\">(ver)<\/a><\/p>\n<p style=\"text-align: justify;\">E-mail:\u00a0<a title=\"info@adhilac.com.ar\" href=\"https:\/\/adhilac.com.ar\/info@adhilac.com.ar\" target=\"_blank\">info@adhilac.com.ar<\/a><strong> <\/strong><\/p>\n<p style=\"text-align: justify;\">Twitter: @AdhilacInfo<\/p>\n<p style=\"text-align: justify;\">&nbsp;<\/p>\n","protected":false},"excerpt":{"rendered":"<p>El Comit\u00e9 Editorial de Procesos Hist\u00f3ricos, revista digital de historia y ciencias sociales, \u00f3rgano divulgativo del Grupo de Investigaci\u00f3n de Historia de las Regiones Americanas (GIHRA) de la Escuela de Historia, Facultad de Humanidades y Educaci\u00f3n de la Universidad de Los Andes (M\u00e9rida-Venezuela), tiene la satisfacci\u00f3n de hacer conocer a sus lectores y colaboradores que [&hellip;]<\/p>\n","protected":false},"author":2,"featured_media":0,"comment_status":"closed","ping_status":"closed","sticky":false,"template":"","format":"standard","meta":{"_crdt_document":"","footnotes":""},"categories":[15,7],"tags":[720,721],"class_list":["post-12091","post","type-post","status-publish","format-standard","hentry","category-historia","category-publicac-info","tag-procesos-historicos","tag-revista-digital"],"_links":{"self":[{"href":"https:\/\/adhilac.com.ar\/index.php?rest_route=\/wp\/v2\/posts\/12091","targetHints":{"allow":["GET"]}}],"collection":[{"href":"https:\/\/adhilac.com.ar\/index.php?rest_route=\/wp\/v2\/posts"}],"about":[{"href":"https:\/\/adhilac.com.ar\/index.php?rest_route=\/wp\/v2\/types\/post"}],"author":[{"embeddable":true,"href":"https:\/\/adhilac.com.ar\/index.php?rest_route=\/wp\/v2\/users\/2"}],"replies":[{"embeddable":true,"href":"https:\/\/adhilac.com.ar\/index.php?rest_route=%2Fwp%2Fv2%2Fcomments&post=12091"}],"version-history":[{"count":3,"href":"https:\/\/adhilac.com.ar\/index.php?rest_route=\/wp\/v2\/posts\/12091\/revisions"}],"predecessor-version":[{"id":12093,"href":"https:\/\/adhilac.com.ar\/index.php?rest_route=\/wp\/v2\/posts\/12091\/revisions\/12093"}],"wp:attachment":[{"href":"https:\/\/adhilac.com.ar\/index.php?rest_route=%2Fwp%2Fv2%2Fmedia&parent=12091"}],"wp:term":[{"taxonomy":"category","embeddable":true,"href":"https:\/\/adhilac.com.ar\/index.php?rest_route=%2Fwp%2Fv2%2Fcategories&post=12091"},{"taxonomy":"post_tag","embeddable":true,"href":"https:\/\/adhilac.com.ar\/index.php?rest_route=%2Fwp%2Fv2%2Ftags&post=12091"}],"curies":[{"name":"wp","href":"https:\/\/api.w.org\/{rel}","templated":true}]}}