{"id":12095,"date":"2016-09-25T11:53:09","date_gmt":"2016-09-25T14:53:09","guid":{"rendered":"https:\/\/adhilac.com.ar\/?p=12095"},"modified":"2016-09-25T11:58:17","modified_gmt":"2016-09-25T14:58:17","slug":"se-realizo-el-simposio-internacional-de-historia-centroamericana-en-costa-rica-7-a-9-de-septiembre-de-2016","status":"publish","type":"post","link":"https:\/\/adhilac.com.ar\/?p=12095","title":{"rendered":"Se realiz\u00f3 el Simposio Internacional de Historia Centroamericana en Costa Rica auspiciado por ADHILAC. 7 a 9 de septiembre de 2016"},"content":{"rendered":"<h3><span style=\"color: #339966;\"><a href=\"https:\/\/adhilac.com.ar\/wp-content\/uploads\/2016\/09\/Simposio-Centroamericano-Costa-Rica-2016.jpg\"><img loading=\"lazy\" decoding=\"async\" class=\"alignleft size-full wp-image-12106\" title=\"Simposio Centroamericano-Costa Rica 2016\" src=\"https:\/\/adhilac.com.ar\/wp-content\/uploads\/2016\/09\/Simposio-Centroamericano-Costa-Rica-2016.jpg\" alt=\"\" width=\"254\" height=\"319\" srcset=\"https:\/\/adhilac.com.ar\/wp-content\/uploads\/2016\/09\/Simposio-Centroamericano-Costa-Rica-2016.jpg 424w, https:\/\/adhilac.com.ar\/wp-content\/uploads\/2016\/09\/Simposio-Centroamericano-Costa-Rica-2016-239x300.jpg 239w\" sizes=\"auto, (max-width: 254px) 100vw, 254px\" \/><\/a>INFORME<\/span><\/h3>\n<p style=\"text-align: justify;\"><strong>I SIMPOSIO INTERNACIONAL DE HISTORIA CENTROAMERICANA: INDEPENDENCIAS Y FORMACI\u00d3N DE ESTADOS NACIONALES<\/strong><\/p>\n<p style=\"text-align: justify;\">&nbsp;<\/p>\n<p style=\"text-align: justify;\">El <em>Simposio<\/em> se llev\u00f3 a cabo en la sede del Museo Hist\u00f3rico Cultural Juan Santamar\u00eda, en la ciudad de Alajuela, Costa Rica, del 7 al 9 de septiembre de 2016, de 9 a 3 de la tarde. Con posterioridad (6-8 p.m.), los invitados internacionales realizaron conferencias en el vest\u00edbulo del CIHAC de la Facultad de Ciencias Sociales de la Universidad de Costa Rica, en la ciudad de San Jos\u00e9.<!--more--><\/p>\n<p style=\"text-align: justify;\"><a href=\"https:\/\/adhilac.com.ar\/wp-content\/uploads\/2016\/09\/CongresoADHILAC-Costa-Rica.jpg\"><img loading=\"lazy\" decoding=\"async\" class=\"alignnone size-full wp-image-12096\" title=\"CongresoADHILAC Costa Rica\" src=\"https:\/\/adhilac.com.ar\/wp-content\/uploads\/2016\/09\/CongresoADHILAC-Costa-Rica.jpg\" alt=\"\" width=\"425\" height=\"70\" srcset=\"https:\/\/adhilac.com.ar\/wp-content\/uploads\/2016\/09\/CongresoADHILAC-Costa-Rica.jpg 607w, https:\/\/adhilac.com.ar\/wp-content\/uploads\/2016\/09\/CongresoADHILAC-Costa-Rica-300x49.jpg 300w\" sizes=\"auto, (max-width: 425px) 100vw, 425px\" \/><br \/>\n<\/a><\/p>\n<p style=\"text-align: justify;\">La organizaci\u00f3n del evento tuvo como fin, servir de antesala para las conmemoraciones que se efectuar\u00e1n en el 2021, en relaci\u00f3n al Bicentenario de las independencias centroamericanas. Las entidades organizadoras fueron el Museo Hist\u00f3rico Cultural Juan Santamar\u00eda, la Escuela de Historia y el CIHAC de la Universidad de Costa Rica, con la colaboraci\u00f3n de la ADHILAC-Centroam\u00e9rica. Los coordinadores generales fueron el MSc. Adri\u00e1n Ch\u00e1ves y la Dra. Elizet Payne Iglesias.<\/p>\n<p style=\"text-align: justify;\"><a href=\"https:\/\/adhilac.com.ar\/wp-content\/uploads\/2016\/09\/Foto-3-Simposio-Centroamericano.jpg\"><img loading=\"lazy\" decoding=\"async\" class=\"size-full wp-image-12098 alignnone\" title=\"Foto 3 Simposio Centroamericano\" src=\"https:\/\/adhilac.com.ar\/wp-content\/uploads\/2016\/09\/Foto-3-Simposio-Centroamericano.jpg\" alt=\"\" width=\"386\" height=\"238\" srcset=\"https:\/\/adhilac.com.ar\/wp-content\/uploads\/2016\/09\/Foto-3-Simposio-Centroamericano.jpg 482w, https:\/\/adhilac.com.ar\/wp-content\/uploads\/2016\/09\/Foto-3-Simposio-Centroamericano-300x185.jpg 300w\" sizes=\"auto, (max-width: 386px) 100vw, 386px\" \/><\/a><\/p>\n<p style=\"text-align: justify;\">&nbsp;<\/p>\n<p style=\"text-align: justify;\">&nbsp;<\/p>\n<p style=\"text-align: justify;\">Esta actividad acad\u00e9mica tuvo como prop\u00f3sito el intercambio de resultados de investigaciones relacionadas con la emancipaci\u00f3n de la dominaci\u00f3n espa\u00f1ola y la consecuente conformaci\u00f3n de los Estados nacionales centroamericanos, a partir de la primera mitad del siglo XIX.<\/p>\n<p style=\"text-align: justify;\"><a href=\"https:\/\/adhilac.com.ar\/wp-content\/uploads\/2016\/09\/Foto-2-Simposio-Centroamericano-2016.jpg\"><img loading=\"lazy\" decoding=\"async\" class=\"alignnone size-full wp-image-12099\" title=\"Foto 2 Simposio Centroamericano 2016\" src=\"https:\/\/adhilac.com.ar\/wp-content\/uploads\/2016\/09\/Foto-2-Simposio-Centroamericano-2016.jpg\" alt=\"\" width=\"416\" height=\"555\" srcset=\"https:\/\/adhilac.com.ar\/wp-content\/uploads\/2016\/09\/Foto-2-Simposio-Centroamericano-2016.jpg 904w, https:\/\/adhilac.com.ar\/wp-content\/uploads\/2016\/09\/Foto-2-Simposio-Centroamericano-2016-225x300.jpg 225w, https:\/\/adhilac.com.ar\/wp-content\/uploads\/2016\/09\/Foto-2-Simposio-Centroamericano-2016-768x1024.jpg 768w\" sizes=\"auto, (max-width: 416px) 100vw, 416px\" \/><\/a><\/p>\n<p style=\"text-align: justify;\">Su objetivo general consisti\u00f3 en analizar desde distintos abordajes hist\u00f3ricos, los procesos de independencia y posterior conformaci\u00f3n de los Estados nacionales centroamericanos, a partir de la primera mitad del siglo XIX.<\/p>\n<p style=\"text-align: justify;\"><a href=\"https:\/\/adhilac.com.ar\/wp-content\/uploads\/2016\/09\/Foto-Simposio-Centroamericano-Costa-Rica-2016.jpg\"><img loading=\"lazy\" decoding=\"async\" class=\"alignnone size-full wp-image-12102\" title=\"Foto Simposio Centroamericano-Costa Rica 2016\" src=\"https:\/\/adhilac.com.ar\/wp-content\/uploads\/2016\/09\/Foto-Simposio-Centroamericano-Costa-Rica-2016.jpg\" alt=\"\" width=\"486\" height=\"334\" srcset=\"https:\/\/adhilac.com.ar\/wp-content\/uploads\/2016\/09\/Foto-Simposio-Centroamericano-Costa-Rica-2016.jpg 1205w, https:\/\/adhilac.com.ar\/wp-content\/uploads\/2016\/09\/Foto-Simposio-Centroamericano-Costa-Rica-2016-300x206.jpg 300w, https:\/\/adhilac.com.ar\/wp-content\/uploads\/2016\/09\/Foto-Simposio-Centroamericano-Costa-Rica-2016-1024x704.jpg 1024w\" sizes=\"auto, (max-width: 486px) 100vw, 486px\" \/><\/a><\/p>\n<p style=\"text-align: justify;\">Entre los objetivos espec\u00edficos que se pretend\u00edan estaban:<\/p>\n<p style=\"text-align: justify;\">1.\u00a0\u00a0\u00a0\u00a0\u00a0\u00a0\u00a0\u00a0 Reconocer las caracter\u00edsticas de las econom\u00edas centroamericanas entre 1821 y 1860, a trav\u00e9s de los m\u00faltiples procesos hist\u00f3ricos y geogr\u00e1ficos que acompa\u00f1aron su vinculaci\u00f3n en los mercados internacionales.<\/p>\n<p style=\"text-align: justify;\">2.\u00a0\u00a0\u00a0\u00a0\u00a0\u00a0\u00a0\u00a0 Comprender las din\u00e1micas pol\u00edticas posteriores a la Independencia pol\u00edtica para comprender la consolidaci\u00f3n de determinadas \u00e9lites criollas, la creaci\u00f3n de las instituciones civiles y los ej\u00e9rcitos nacionales en perspectiva centroamericana.<\/p>\n<p style=\"text-align: justify;\">3.\u00a0\u00a0\u00a0\u00a0\u00a0\u00a0\u00a0\u00a0 Estudiar, desde la historia social, los conflictos, las desigualdades sociales, las guerras e invasiones y su incidencia en la constituci\u00f3n de identidades nacionales y regionales.<\/p>\n<p style=\"text-align: justify;\"><a href=\"https:\/\/adhilac.com.ar\/wp-content\/uploads\/2016\/09\/Foto-5-Simposio-Centroamericano.jpg\"><img loading=\"lazy\" decoding=\"async\" class=\"alignnone size-full wp-image-12101\" title=\"Foto 5 Simposio Centroamericano\" src=\"https:\/\/adhilac.com.ar\/wp-content\/uploads\/2016\/09\/Foto-5-Simposio-Centroamericano.jpg\" alt=\"\" width=\"440\" height=\"247\" srcset=\"https:\/\/adhilac.com.ar\/wp-content\/uploads\/2016\/09\/Foto-5-Simposio-Centroamericano.jpg 510w, https:\/\/adhilac.com.ar\/wp-content\/uploads\/2016\/09\/Foto-5-Simposio-Centroamericano-300x168.jpg 300w\" sizes=\"auto, (max-width: 440px) 100vw, 440px\" \/><\/a><\/p>\n<p style=\"text-align: justify;\">El Simposio cont\u00f3 con la participaci\u00f3n de 18 especialistas en diversos temas relacionados con los objetivos y la cronolog\u00eda de este. La conferencia inaugural estuvo en manos del Dr. David D\u00edaz Arias, director del CIHAC de la Universidad de Costa Rica. Tuvimos 8 mesas tem\u00e1ticas en las que participaron historiadores de las \u00e9pocas colonial e independiente de Costa Rica y Centroam\u00e9rica. Los historiadores invitados fueron la Dra. Virginia Guedea de la UNAM, Dr. Sajid Herrera Mena de la Universidad Jos\u00e9 Sime\u00f3n Ca\u00f1as de El Salvador y el Dr. Juan Carlos Saraz\u00faa de la UNAM. Los acad\u00e9micos locales fueron: el MSc. Iv\u00e1n Molina Jim\u00e9nez; Dra. Ana Mar\u00eda Botey Sobrado; Dra. Alejandra Boza Villarreal; MSc. Esteban Corella; Dra. Ethel Garc\u00eda Burchard; Dra. Elizet Payne Iglesias; Dra. Margarita Silva Hern\u00e1ndez; Dr. Aar\u00f3n Arguedas; Dr. Hugo Vargas; Dra. Eugenia Rodr\u00edguez S\u00e1enz; Dra. Carmen Fallas Santana; Dra. Mar\u00eda de los \u00c1ngeles Acu\u00f1a Le\u00f3n; MSc. Mar\u00eda Elena C\u00e9spedes y el Lic. Manuel Benavides Barquero.<\/p>\n<p style=\"text-align: justify;\"><a href=\"https:\/\/adhilac.com.ar\/wp-content\/uploads\/2016\/09\/Foto-6-Simposio-Centroamericano-02.jpg\"><img loading=\"lazy\" decoding=\"async\" class=\"size-full wp-image-12097 alignnone\" title=\"Foto 6 Simposio Centroamericano-02\" src=\"https:\/\/adhilac.com.ar\/wp-content\/uploads\/2016\/09\/Foto-6-Simposio-Centroamericano-02.jpg\" alt=\"\" width=\"425\" height=\"193\" srcset=\"https:\/\/adhilac.com.ar\/wp-content\/uploads\/2016\/09\/Foto-6-Simposio-Centroamericano-02.jpg 425w, https:\/\/adhilac.com.ar\/wp-content\/uploads\/2016\/09\/Foto-6-Simposio-Centroamericano-02-300x136.jpg 300w\" sizes=\"auto, (max-width: 425px) 100vw, 425px\" \/><\/a><\/p>\n<p style=\"text-align: justify;\">Fue notable la asistencia de un numeroso p\u00fablico, en particular profesores y asesores del Ministerio de Educaci\u00f3n P\u00fablica de Costa Rica, estudiantes de grado y posgrado de las universidades p\u00fablicas del pa\u00eds como la Universidad de Costa Rica, Universidad Nacional y la Universidad T\u00e9cnica Nacional. Adem\u00e1s de la asistencia del p\u00fablico interesado y los medios de comunicaci\u00f3n.<\/p>\n<p style=\"text-align: justify;\">&nbsp;<\/p>\n<p style=\"text-align: justify;\"><strong>Publicado por ADHILAC Internacional \u00a9 www.adhilac.com.ar<\/strong><\/p>\n<p style=\"text-align: justify;\">Si Ud. desea asociarse de acuerdo a los Estatutos de ADHILAC\u00a0<a title=\"(ver)\" href=\"https:\/\/adhilac.com.ar\/?page_id=263\">(ver)<\/a> complete el formulario correspondiente\u00a0<a title=\"(Ver)\" href=\"https:\/\/adhilac.com.ar\/?page_id=4779\" target=\"_blank\">(ver)<\/a><\/p>\n<p style=\"text-align: justify;\">E-mail:\u00a0<a title=\"info@adhilac.com.ar\" href=\"https:\/\/adhilac.com.ar\/info@adhilac.com.ar\" target=\"_blank\">info@adhilac.com.ar<\/a><\/p>\n<p style=\"text-align: justify;\">&nbsp;<\/p>\n","protected":false},"excerpt":{"rendered":"<p>INFORME I SIMPOSIO INTERNACIONAL DE HISTORIA CENTROAMERICANA: INDEPENDENCIAS Y FORMACI\u00d3N DE ESTADOS NACIONALES &nbsp; El Simposio se llev\u00f3 a cabo en la sede del Museo Hist\u00f3rico Cultural Juan Santamar\u00eda, en la ciudad de Alajuela, Costa Rica, del 7 al 9 de septiembre de 2016, de 9 a 3 de la tarde. Con posterioridad (6-8 p.m.), [&hellip;]<\/p>\n","protected":false},"author":2,"featured_media":0,"comment_status":"closed","ping_status":"closed","sticky":false,"template":"","format":"standard","meta":{"_crdt_document":"","footnotes":""},"categories":[5],"tags":[224,662],"class_list":["post-12095","post","type-post","status-publish","format-standard","hentry","category-congresos","tag-costa-rica","tag-historia-centroamericana"],"_links":{"self":[{"href":"https:\/\/adhilac.com.ar\/index.php?rest_route=\/wp\/v2\/posts\/12095","targetHints":{"allow":["GET"]}}],"collection":[{"href":"https:\/\/adhilac.com.ar\/index.php?rest_route=\/wp\/v2\/posts"}],"about":[{"href":"https:\/\/adhilac.com.ar\/index.php?rest_route=\/wp\/v2\/types\/post"}],"author":[{"embeddable":true,"href":"https:\/\/adhilac.com.ar\/index.php?rest_route=\/wp\/v2\/users\/2"}],"replies":[{"embeddable":true,"href":"https:\/\/adhilac.com.ar\/index.php?rest_route=%2Fwp%2Fv2%2Fcomments&post=12095"}],"version-history":[{"count":6,"href":"https:\/\/adhilac.com.ar\/index.php?rest_route=\/wp\/v2\/posts\/12095\/revisions"}],"predecessor-version":[{"id":12109,"href":"https:\/\/adhilac.com.ar\/index.php?rest_route=\/wp\/v2\/posts\/12095\/revisions\/12109"}],"wp:attachment":[{"href":"https:\/\/adhilac.com.ar\/index.php?rest_route=%2Fwp%2Fv2%2Fmedia&parent=12095"}],"wp:term":[{"taxonomy":"category","embeddable":true,"href":"https:\/\/adhilac.com.ar\/index.php?rest_route=%2Fwp%2Fv2%2Fcategories&post=12095"},{"taxonomy":"post_tag","embeddable":true,"href":"https:\/\/adhilac.com.ar\/index.php?rest_route=%2Fwp%2Fv2%2Ftags&post=12095"}],"curies":[{"name":"wp","href":"https:\/\/api.w.org\/{rel}","templated":true}]}}