{"id":12166,"date":"2016-11-04T18:09:42","date_gmt":"2016-11-04T21:09:42","guid":{"rendered":"https:\/\/adhilac.com.ar\/?p=12166"},"modified":"2016-11-04T18:11:31","modified_gmt":"2016-11-04T21:11:31","slug":"el-no-al-alca-diez-anos-despues-la-cumbre-de-mar-del-plata-y-la-integracion-latinoamericana-reciente-julian-kan-compilador","status":"publish","type":"post","link":"https:\/\/adhilac.com.ar\/?p=12166","title":{"rendered":"El No al ALCA diez a\u00f1os despu\u00e9s. La Cumbre de Mar del Plata y la integraci\u00f3n latinoamericana reciente Juli\u00e1n Kan (compilador)"},"content":{"rendered":"<p><a href=\"https:\/\/adhilac.com.ar\/wp-content\/uploads\/2016\/11\/No-al-ALCA.jpg\"><img loading=\"lazy\" decoding=\"async\" class=\"alignleft size-full wp-image-12167\" title=\"No al ALCA\" src=\"https:\/\/adhilac.com.ar\/wp-content\/uploads\/2016\/11\/No-al-ALCA.jpg\" alt=\"\" width=\"234\" height=\"255\" srcset=\"https:\/\/adhilac.com.ar\/wp-content\/uploads\/2016\/11\/No-al-ALCA.jpg 390w, https:\/\/adhilac.com.ar\/wp-content\/uploads\/2016\/11\/No-al-ALCA-275x300.jpg 275w\" sizes=\"auto, (max-width: 234px) 100vw, 234px\" \/><\/a><\/p>\n<p><em id=\"yui_3_16_0_ym19_1_1478261208671_30505\" style=\"text-align: justify;\">El No al ALCA diez a\u00f1os despu\u00e9s.<\/em><span style=\"text-align: justify;\"> <\/span><strong id=\"yui_3_16_0_ym19_1_1478261208671_30506\" style=\"text-align: justify;\"><em id=\"yui_3_16_0_ym19_1_1478261208671_30507\">La Cumbre de Mar del Plata y la integraci\u00f3n <\/em><\/strong><strong id=\"yui_3_16_0_ym19_1_1478261208671_30509\" style=\"text-align: justify;\"><em id=\"yui_3_16_0_ym19_1_1478261208671_30510\">latinoamericana reciente<\/em><\/strong><\/p>\n<div lang=\"x-unicode\">\n<div id=\"yui_3_16_0_ym19_1_1478261208671_30512\" style=\"text-align: justify;\">Juli\u00e1n Kan (compilador)<\/div>\n<div id=\"yui_3_16_0_ym19_1_1478261208671_30514\" style=\"text-align: justify;\">Editorial de la Facultad de Filosof\u00eda y Letras de la Universidad de Buenos Aires.<\/div>\n<div id=\"yui_3_16_0_ym19_1_1478261208671_30516\" style=\"text-align: justify;\">ISBN 978-987-4019-18-9<\/div>\n<div id=\"yui_3_16_0_ym19_1_1478261208671_30518\" style=\"text-align: justify;\">\u00a9 Facultad de Filosof\u00eda y Letras (UBA) 2016.<\/div>\n<div id=\"yui_3_16_0_ym19_1_1478261208671_30520\" style=\"text-align: justify;\">Pr\u00f3logo de Jorge Taiana.<!--more--><\/div>\n<div id=\"yui_3_16_0_ym19_1_1478261208671_30522\" style=\"text-align: justify;\">Autores  de cap\u00edtulo: Luis Alberto Moniz Bandeira, Juli\u00e1n Kan, Mar\u00eda Florencia  Socoloff, Alberto Justo Sosa, Leandro Morgenfeld, Lucila Agustina Rosso,  Franco Agust\u00edn Lucietto, Alfredo M. L\u00f3pez Rita.<\/div>\n<div id=\"yui_3_16_0_ym19_1_1478261208671_30524\" style=\"text-align: justify;\">Dibujo de tapa: Lucas Quinto.<\/div>\n<div id=\"yui_3_16_0_ym19_1_1478261208671_30526\" style=\"text-align: justify;\"><br id=\"yui_3_16_0_ym19_1_1478261208671_30527\" \/><\/div>\n<div id=\"yui_3_16_0_ym19_1_1478261208671_30528\" style=\"text-align: justify;\" dir=\"ltr\">Del Pr\u00f3logo de Jorge Taiana:<\/div>\n<div id=\"yui_3_16_0_ym19_1_1478261208671_30536\" style=\"text-align: justify;\">\u201cLa Cumbre de Mar del Plata marc\u00f3 un punto de inflexi\u00f3n important\u00edsimo\u00a0porque el \u201cNo al ALCA\u201d trasciende el \u201cno\u201d a un acuerdo\u00a0de apertura indiscriminada de las econom\u00edas latinoamericanas y\u00a0caribe\u00f1as que no contemplaba ni el grado de desarrollo ni las asimetr\u00edas\u00a0existentes entre los treinta y cuatro pa\u00edses. El \u201cNo al ALCA\u201d\u00a0fue el \u201cno\u201d a un proyecto de inserci\u00f3n internacional subordinado a\u00a0la gran potencia econ\u00f3mica y militar hegem\u00f3nica. Y el \u201cNo al ALCA\u201d\u00a0fue el s\u00ed a un proyecto de integraci\u00f3n regional entre pa\u00edses en desarrollo\u00a0que buscaba fortalecer la propia autonom\u00eda y la defensa de\u00a0la soberan\u00eda nacional\u201d<\/div>\n<div style=\"text-align: justify;\"><strong id=\"yui_3_16_0_ym19_1_1478261208671_30548\">\u00cdndice:<\/strong><\/div>\n<div id=\"yui_3_16_0_ym19_1_1478261208671_30550\" style=\"text-align: justify; padding-left: 30px;\">-Introducci\u00f3n (11)<\/div>\n<div id=\"yui_3_16_0_ym19_1_1478261208671_30553\" style=\"text-align: justify; padding-left: 30px;\">Juli\u00e1n Kan<\/div>\n<div id=\"yui_3_16_0_ym19_1_1478261208671_30556\" style=\"text-align: justify; padding-left: 30px;\">-Pr\u00f3logo A diez a\u00f1os de la Cumbre de Mar del Plata \u00a0(21)<\/div>\n<div id=\"yui_3_16_0_ym19_1_1478261208671_30559\" style=\"text-align: justify; padding-left: 30px;\">Jorge Taiana<\/div>\n<div id=\"yui_3_16_0_ym19_1_1478261208671_30562\" style=\"text-align: justify; padding-left: 30px;\">-Cap\u00edtulo 1<\/div>\n<div id=\"yui_3_16_0_ym19_1_1478261208671_30565\" style=\"text-align: justify; padding-left: 30px;\">Brasil, Estados Unidos y los procesos de integraci\u00f3n regional (33)<\/div>\n<div id=\"yui_3_16_0_ym19_1_1478261208671_30568\" style=\"text-align: justify; padding-left: 30px;\">Luiz Alberto Moniz Bandeira<\/div>\n<div id=\"yui_3_16_0_ym19_1_1478261208671_30571\" style=\"text-align: justify; padding-left: 30px;\">-Cap\u00edtulo 2<\/div>\n<div id=\"yui_3_16_0_ym19_1_1478261208671_30574\" style=\"text-align: justify; padding-left: 30px;\">Rechazo gubernamental, resistencia social<\/div>\n<div id=\"yui_3_16_0_ym19_1_1478261208671_30577\" style=\"text-align: justify; padding-left: 30px;\">y objeciones empresarias. La construcci\u00f3n del No al ALCA entre 2001 y 2005 (55)<\/div>\n<div id=\"yui_3_16_0_ym19_1_1478261208671_30580\" style=\"text-align: justify; padding-left: 30px;\">Juli\u00e1n Kan<\/div>\n<div id=\"yui_3_16_0_ym19_1_1478261208671_30583\" style=\"text-align: justify; padding-left: 30px;\">-Cap\u00edtulo 3<\/div>\n<div id=\"yui_3_16_0_ym19_1_1478261208671_30586\" style=\"text-align: justify; padding-left: 30px;\">El \u201cNo al ALCA\u201d desde \u201cabajo\u201d.Los trabajadores frente al ALCA\u00a0(91)<\/div>\n<div id=\"yui_3_16_0_ym19_1_1478261208671_30590\" style=\"text-align: justify; padding-left: 30px;\">Mar\u00eda Florencia Socoloff.<\/div>\n<div id=\"yui_3_16_0_ym19_1_1478261208671_30592\" style=\"text-align: justify; padding-left: 30px;\">-Cap\u00edtulo 4<\/div>\n<div id=\"yui_3_16_0_ym19_1_1478261208671_30595\" style=\"text-align: justify; padding-left: 30px;\">La derrota del ALCA fue una victoria hist\u00f3rica para los pueblos\u00a0de Nuestra Am\u00e9rica (107)<\/div>\n<div id=\"yui_3_16_0_ym19_1_1478261208671_30598\" style=\"text-align: justify; padding-left: 30px;\">Leandro Morgenfeld<\/div>\n<div id=\"yui_3_16_0_ym19_1_1478261208671_30601\" style=\"text-align: justify; padding-left: 30px;\">-Cap\u00edtulo 5<\/div>\n<div id=\"yui_3_16_0_ym19_1_1478261208671_30604\" style=\"text-align: justify; padding-left: 30px;\">La integraci\u00f3n Argentina-Brasil en el marco de los avances<\/div>\n<div id=\"yui_3_16_0_ym19_1_1478261208671_30607\" style=\"text-align: justify; padding-left: 30px;\">pol\u00edticos suramericanos desde la Cumbre de Mar del Plata (131)<\/div>\n<div id=\"yui_3_16_0_ym19_1_1478261208671_30610\" style=\"text-align: justify; padding-left: 30px;\">Alberto J. Sosa<\/div>\n<div id=\"yui_3_16_0_ym19_1_1478261208671_30613\" style=\"text-align: justify; padding-left: 30px;\">-Cap\u00edtulo 6<\/div>\n<div id=\"yui_3_16_0_ym19_1_1478261208671_30616\" style=\"text-align: justify; padding-left: 30px;\">Deuda, FMI y la Nueva Izquierda Latinoamericana (157)<\/div>\n<div id=\"yui_3_16_0_ym19_1_1478261208671_30619\" style=\"text-align: justify; padding-left: 30px;\">Lucila Rosso<\/div>\n<div id=\"yui_3_16_0_ym19_1_1478261208671_30622\" style=\"text-align: justify; padding-left: 30px;\">-Cap\u00edtulo 7<\/div>\n<div id=\"yui_3_16_0_ym19_1_1478261208671_30625\" style=\"text-align: justify; padding-left: 30px;\">La integraci\u00f3n regional suramericana en el contexto<\/div>\n<div id=\"yui_3_16_0_ym19_1_1478261208671_30628\" style=\"text-align: justify; padding-left: 30px;\">de crisis global (195)<\/div>\n<div id=\"yui_3_16_0_ym19_1_1478261208671_30631\" style=\"text-align: justify; padding-left: 30px;\">Alfredo M. L\u00f3pez Rita<\/div>\n<div id=\"yui_3_16_0_ym19_1_1478261208671_30634\" style=\"text-align: justify; padding-left: 30px;\">-Cap\u00edtulo 8<\/div>\n<div id=\"yui_3_16_0_ym19_1_1478261208671_30637\" style=\"text-align: justify; padding-left: 30px;\">La alternativa americana del siglo XXI (213)<\/div>\n<div id=\"yui_3_16_0_ym19_1_1478261208671_30640\" style=\"text-align: justify; padding-left: 30px;\">Franco Agust\u00edn Lucietto<\/div>\n<\/div>\n<div style=\"text-align: justify;\" dir=\"ltr\">\n<p><strong>Publicado por ADHILAC Internacional \u00a9 www.adhilac.com.ar<\/strong><\/p>\n<p>Si Ud. desea asociarse de acuerdo a los Estatutos de ADHILAC\u00a0<a title=\"(ver)\" href=\"https:\/\/adhilac.com.ar\/?page_id=263\">(ver)<\/a> complete el siguiente formulario\u00a0<a title=\"(ver)\" href=\"https:\/\/adhilac.com.ar\/?page_id=3194\">(ver)<\/a><\/p>\n<p>E-mail:\u00a0<a title=\"info@adhilac.com.ar\" href=\"https:\/\/adhilac.com.ar\/info@adhilac.com.ar\" target=\"_blank\">info@adhilac.com.ar<\/a><strong> <\/strong><\/p>\n<p>Twitter: @AdhilacInfo<\/p>\n<\/div>\n","protected":false},"excerpt":{"rendered":"<p>El No al ALCA diez a\u00f1os despu\u00e9s. La Cumbre de Mar del Plata y la integraci\u00f3n latinoamericana reciente Juli\u00e1n Kan (compilador) Editorial de la Facultad de Filosof\u00eda y Letras de la Universidad de Buenos Aires. ISBN 978-987-4019-18-9 \u00a9 Facultad de Filosof\u00eda y Letras (UBA) 2016. Pr\u00f3logo de Jorge Taiana.<\/p>\n","protected":false},"author":2,"featured_media":0,"comment_status":"closed","ping_status":"open","sticky":false,"template":"","format":"standard","meta":{"_crdt_document":"","footnotes":""},"categories":[15,40,7],"tags":[737,538],"class_list":["post-12166","post","type-post","status-publish","format-standard","hentry","category-historia","category-informaciones","category-publicac-info","tag-alca","tag-integracion-latinoamericana"],"_links":{"self":[{"href":"https:\/\/adhilac.com.ar\/index.php?rest_route=\/wp\/v2\/posts\/12166","targetHints":{"allow":["GET"]}}],"collection":[{"href":"https:\/\/adhilac.com.ar\/index.php?rest_route=\/wp\/v2\/posts"}],"about":[{"href":"https:\/\/adhilac.com.ar\/index.php?rest_route=\/wp\/v2\/types\/post"}],"author":[{"embeddable":true,"href":"https:\/\/adhilac.com.ar\/index.php?rest_route=\/wp\/v2\/users\/2"}],"replies":[{"embeddable":true,"href":"https:\/\/adhilac.com.ar\/index.php?rest_route=%2Fwp%2Fv2%2Fcomments&post=12166"}],"version-history":[{"count":3,"href":"https:\/\/adhilac.com.ar\/index.php?rest_route=\/wp\/v2\/posts\/12166\/revisions"}],"predecessor-version":[{"id":12169,"href":"https:\/\/adhilac.com.ar\/index.php?rest_route=\/wp\/v2\/posts\/12166\/revisions\/12169"}],"wp:attachment":[{"href":"https:\/\/adhilac.com.ar\/index.php?rest_route=%2Fwp%2Fv2%2Fmedia&parent=12166"}],"wp:term":[{"taxonomy":"category","embeddable":true,"href":"https:\/\/adhilac.com.ar\/index.php?rest_route=%2Fwp%2Fv2%2Fcategories&post=12166"},{"taxonomy":"post_tag","embeddable":true,"href":"https:\/\/adhilac.com.ar\/index.php?rest_route=%2Fwp%2Fv2%2Ftags&post=12166"}],"curies":[{"name":"wp","href":"https:\/\/api.w.org\/{rel}","templated":true}]}}