{"id":12174,"date":"2016-01-22T19:31:42","date_gmt":"2016-01-22T22:31:42","guid":{"rendered":"https:\/\/adhilac.com.ar\/?p=12174"},"modified":"2017-01-27T08:30:22","modified_gmt":"2017-01-27T11:30:22","slug":"iii-conferencia-internacional-de-la-asociacion-colombiana-de-estudios-del-caribe-acolec-valledupar-colombia-57-de-abril-de-2017","status":"publish","type":"post","link":"https:\/\/adhilac.com.ar\/?p=12174","title":{"rendered":"III Conferencia Internacional de la Asociaci\u00f3n Colombiana de Estudios del Caribe ACOLEC. Valledupar. Colombia 5 a 7 de abril de 2017"},"content":{"rendered":"<p>&nbsp;<\/p>\n<p style=\"text-align: justify;\"><strong><em><a href=\"https:\/\/adhilac.com.ar\/wp-content\/uploads\/2016\/11\/III-CONFERENCIA-INTERNACIONAL-ASOCIACIO\u00ecN-COLOMBIANA-DE-ESTUDIOS-DEL-CAR..._P\u00e1gina_1.jpg\"><img loading=\"lazy\" decoding=\"async\" class=\"alignleft size-medium wp-image-12175\" title=\"III CONFERENCIA INTERNACIONAL ASOCIACIO\u00ecN COLOMBIANA DE ESTUDIOS DEL CAR..._P\u00e1gina_1\" src=\"https:\/\/adhilac.com.ar\/wp-content\/uploads\/2016\/11\/III-CONFERENCIA-INTERNACIONAL-ASOCIACIO\u00ecN-COLOMBIANA-DE-ESTUDIOS-DEL-CAR..._P\u00e1gina_1-231x300.jpg\" alt=\"\" width=\"231\" height=\"300\" srcset=\"https:\/\/adhilac.com.ar\/wp-content\/uploads\/2016\/11\/III-CONFERENCIA-INTERNACIONAL-ASOCIACIO\u00ecN-COLOMBIANA-DE-ESTUDIOS-DEL-CAR..._P\u00e1gina_1-231x300.jpg 231w, https:\/\/adhilac.com.ar\/wp-content\/uploads\/2016\/11\/III-CONFERENCIA-INTERNACIONAL-ASOCIACIO\u00ecN-COLOMBIANA-DE-ESTUDIOS-DEL-CAR..._P\u00e1gina_1-791x1024.jpg 791w, https:\/\/adhilac.com.ar\/wp-content\/uploads\/2016\/11\/III-CONFERENCIA-INTERNACIONAL-ASOCIACIO\u00ecN-COLOMBIANA-DE-ESTUDIOS-DEL-CAR..._P\u00e1gina_1.jpg 1896w\" sizes=\"auto, (max-width: 231px) 100vw, 231px\" \/><\/a>C<\/em><\/strong><strong><em>ultura, identidad y folclor en el Gran Caribe: <\/em><\/strong><strong><em>una aproximaci\u00f3n en tres dimensiones<\/em><\/strong><\/p>\n<p style=\"text-align: justify;\"><strong>Valledupar (Colombia)<\/strong><\/p>\n<p style=\"text-align: justify;\"><strong>Abril 5 al 7 <\/strong><strong>d<\/strong><strong>e 2017<\/strong><\/p>\n<p style=\"text-align: justify;\"><strong>PRESENTACI\u00d3N<\/strong><\/p>\n<div style=\"text-align: justify;\">\n<p>La Asociaci\u00f3n Colombiana de Estudios del Caribe \u2013ACOLEC\u2013, la Universidad Nacional de Colombia Sede Caribe, la Universidad Popular del Cesar y el\u00a0\u00a0 \u00a0Banco de la Rep\u00fablica\u2013sede Valledupar, invitan a investigadores, docentes y estudiantes de diferentes disciplinas interesados(as) en participar en la\u00a0<em>Tercera Conferencia Internacional de la Asociaci\u00f3n Colombiana de Estudios del Caribe <\/em>que se realizar\u00e1 en la ciudad de Valledupar (Colombia) durante los d\u00edas comprendidos entre el 5 y el 7 de abril de 2017, a que presenten sus ponencias, en torno al tema\u00a0 \u00a0central\u00a0<strong>\u201cCultura, identidad y folclor en el Gran Caribe: una aproximaci\u00f3n en tres dimensiones\u201d.<!--more--><\/strong><\/p>\n<p>En los \u00faltimos a\u00f1os la expansi\u00f3n capitalista y sus efectos en la mercantilizaci\u00f3n de la cultura ha generado nuevas din\u00e1micas y flujos simb\u00f3licos en el mundo. Fruto de este proceso, entre otros, en Colombia hemos experimentado una expansi\u00f3n de las manifestaciones culturales del Caribe colombiano. Lo importante de este proceso es que desde lo cultural la representaci\u00f3n andina de Colombia comenz\u00f3 a perder fuerza frente a una representaci\u00f3n caribe\u00f1a del pa\u00eds. Esta situaci\u00f3n resulta interesante e importante para comprender el peso de las regiones en la construcci\u00f3n de las identidades nacionales, en este caso la complejidad colombiana y su proceso de construcci\u00f3n nacional y el rol del Caribe en \u00e9l.<\/p>\n<p>Quiz\u00e1 la m\u00fasica, en especial el vallenato, ha ocupado un lugar importante en este proceso, as\u00ed como tambi\u00e9n algunos s\u00edmbolos propios de la regi\u00f3n que han transitado del mundo rural a las ciudades colombianas y las capitales mundiales, y que hoy son objeto de consumo global.<\/p>\n<p>Esta redefinici\u00f3n de la identidad caribe\u00f1a colombiana, est\u00e1 relacionada con lo que ocurre en el Gran Caribe que, como se sabe, es uno de los centros de producci\u00f3n y comercializaci\u00f3n musical y cultural del mundo, ya que la m\u00fasica caribe\u00f1a no solo se repite de isla en isla, sino que se convierte en un fen\u00f3meno global que contagia al mundo. Entender estos procesos, compararlos \u00a0y \u00a0sintetizar \u00a0un \u00a0conocimiento \u00a0sobre \u00a0ellos \u00a0es \u00a0una \u00a0tarea importante en esta cambiante regi\u00f3n. Por ello la Asociaci\u00f3n Colombiana de Estudios del Caribe se propone reflexionar sobre el folclor, la identidad y las culturas caribe\u00f1as en sus procesos de transici\u00f3n de los mundos rurales caribe\u00f1os a los centros urbanos de la regi\u00f3n y el mundo en general.<\/p>\n<\/div>\n<p style=\"text-align: justify;\"><strong>Objetivo General<\/strong><\/p>\n<div style=\"text-align: justify;\">\n<p>Analizar las din\u00e1micas de producci\u00f3n de identidad a trav\u00e9s de fen\u00f3menos culturales.<\/p>\n<p><strong>Espec\u00edficos<\/strong><\/p>\n<p>Reflexionar sobre el papel del folclor en las pol\u00edticas identitarias en el Gran Caribe, y el Caribe colombiano.<br \/>\nExplorar los efectos de la patrimonializaci\u00f3n y din\u00e1micas culturalistas en la producci\u00f3n de lo caribe\u00f1o.<br \/>\nAnalizar los cambios en la visi\u00f3n del litoral y de lo rural en el Gran Caribe y en el Caribe colombiano a ra\u00edz de las apropiaciones del folclor y la cultura.<strong>M<\/strong><strong>ESAS TEM\u00c1TICAS<\/strong><\/p>\n<p><strong> <\/strong>-Cultura \u00a0e \u00a0identidad \u00a0en \u00a0el \u00a0Gran \u00a0Caribe: \u00a0Procesos \u00a0en \u00a0el \u00a0contexto econ\u00f3mico global contempor\u00e1neo<\/p>\n<\/div>\n<div style=\"text-align: justify;\">-La noci\u00f3n de folclor y sus distintas manifestaciones para el (des) entendimiento de la identidad caribe\u00f1a y sus procesos culturales. Debates y reflexiones<\/div>\n<div style=\"text-align: justify;\">-Visiones hist\u00f3ricas del folclor y la cultura (gran) caribe\u00f1a<\/div>\n<div style=\"text-align: justify;\">-Usos \u00a0de \u00a0lo \u00a0rural \u00a0y \u00a0del \u00a0litoral \u00a0en \u00a0procesos \u00a0de \u00a0folclorizaci\u00f3n \u00a0y patrimonializaci\u00f3n en el Gran Caribe<\/div>\n<div style=\"text-align: justify;\">-Literatura, \u00a0identidad \u00a0y \u00a0folclor \u00a0en \u00a0el \u00a0Caribe \u00a0(m\u00fasica, \u00a0oralidades \u00a0y tradiciones)<\/div>\n<div style=\"text-align: justify;\">-Gastronom\u00eda y cocina popular-regional<\/div>\n<div style=\"text-align: justify;\">-M\u00fasica y bailes en el Gran Caribe<\/div>\n<div style=\"text-align: justify;\">-Educaci\u00f3n, cultura e identidad en el Gran Caribe.<\/div>\n<div style=\"text-align: justify;\">-La cultura como forjadora de paz<\/div>\n<div style=\"text-align: justify;\">-Distinciones de raza y g\u00e9nero en la producci\u00f3n folcl\u00f3rica y cultural en el Gran Caribe.<\/div>\n<div style=\"text-align: justify;\">-Producci\u00f3n, circulaci\u00f3n y consumo cultural en el Gran Caribe.<\/div>\n<div style=\"text-align: justify;\">-Sistemas\u00a0\u00a0\u00a0\u00a0\u00a0 productivos,\u00a0\u00a0\u00a0\u00a0\u00a0 desarrollo\u00a0\u00a0\u00a0\u00a0\u00a0 empresarial,\u00a0\u00a0\u00a0\u00a0\u00a0 turismo\u00a0\u00a0\u00a0\u00a0\u00a0 y patrimonializaci\u00f3n en el Gran Caribe.<\/div>\n<div style=\"text-align: justify;\">-Producciones culturales que desbordan fronteras (di\u00e1spora, carnaval, m\u00fasica).<\/div>\n<div style=\"text-align: justify;\">-Saberes tradicionales y desarrollo sostenible en el \u00e1mbito rural y en el litoral.<\/div>\n<div style=\"text-align: justify;\">-Ciudadan\u00edas a trav\u00e9s de las artes en el Caribe.<\/div>\n<div style=\"text-align: justify;\">-Arquitectura, historia y patrimonializaci\u00f3n en el Caribe.<\/div>\n<div style=\"text-align: justify;\">-Religiones populares, folclor e identidad en el Gran Caribe<\/div>\n<div style=\"text-align: justify;\">-Disputas entre alta cultura y cultura popular en el Gran Caribe<\/div>\n<div style=\"text-align: justify;\">-Capitalismo, cultura y migraci\u00f3n<\/div>\n<div style=\"text-align: justify;\">-Historiograf\u00eda cultural del Caribe<\/div>\n<div style=\"text-align: justify;\">\n<p><strong>M<\/strong><strong>ETODOLOG\u00cdA<\/strong><\/p>\n<p>El evento acad\u00e9mico se realizar\u00e1 con la modalidad de mesas tem\u00e1ticas con ponencias individuales, seguidas de una sesi\u00f3n de preguntas y comentarios de cada una. Tambi\u00e9n se realizar\u00e1n conferencias centrales a cargo de especialistas reconocidos en el tema.<\/p>\n<p>Los interesados podr\u00e1n proponer mesas tem\u00e1ticas o enviar ponencias individuales. Las mesas tem\u00e1ticas deber\u00e1n contar con un m\u00ednimo de tres ponencias y un m\u00e1ximo de cinco, y los res\u00famenes ser\u00e1n evaluados individualmente.<\/p>\n<\/div>\n<p style=\"text-align: justify;\">&nbsp;<\/p>\n<div style=\"text-align: justify;\">\n<p><strong>P<\/strong><strong>A<\/strong><strong>R<\/strong><strong>T<\/strong><strong>ICIPACI\u00d3N<\/strong><\/p>\n<p>Para participar como ponente en el evento los interesados deben enviar una propuesta \u00a0de \u00a0ponencia, \u00a0ya \u00a0sea \u00a0en \u00a0idioma \u00a0ingl\u00e9s \u00a0o \u00a0espa\u00f1ol, \u00a0de \u00a0forma simult\u00e1nea a las siguientes direcciones de correo electr\u00f3nico:<\/p>\n<p><a href=\"mailto:presidencia@acolec.org\">presidencia@acolec.org<\/a>;\u00a0<a href=\"mailto:raulromanr@yahoo.com\">raulromanr@yahoo.com <\/a><a href=\"mailto:vicepresidencia@acolec.org\">vicepresidencia@acolec.org<\/a>;\u00a0<a href=\"mailto:joelcar1@hotmail.com\">joelcar1@hotmail.com<\/a><\/p>\n<p>La propuesta debe contener la siguiente informaci\u00f3n:<\/p>\n<p>&nbsp;<\/p>\n<p>Datos personales (nombre y apellido, direcci\u00f3n postal y correo electr\u00f3nico) Datos profesionales (grado acad\u00e9mico y pertenencia institucional)<\/p>\n<p>T\u00edtulo de la ponencia, mesa tem\u00e1tica elegida, y un resumen de hasta 500 palabras, que se recibir\u00e1 hasta el\u00a0<strong>10 de febrero de 2017<\/strong><\/p>\n<p>La ponencia completa debe ser enviada hasta el\u00a0<strong>25 de febrero de 2017<\/strong>, en formato Word, TNR 12, espacio sencillo, y con una extensi\u00f3n m\u00e1xima de 12 cuartillas, incluyendo la bibliograf\u00eda.<\/p>\n<p><strong>S<\/strong><strong>e aceptan ponencias en espa\u00f1ol, ingl\u00e9s, franc\u00e9s y portugu\u00e9s<\/strong><\/p>\n<p>&nbsp;<\/p>\n<p>Posteriormente se enviar\u00e1n a los ponentes que fueron aceptados las normas editoriales completas para la publicaci\u00f3n de las memorias y los libros resultantes de este evento internacional.<\/p>\n<p>&nbsp;<\/p>\n<p>Las cartas de aceptaci\u00f3n de ponencias ser\u00e1n enviadas por los coordinadores del evento desde el momento que se reciban y aprueben las propuestas hasta\u00a0<strong>el 25 de febrero de 2017 <\/strong>y la programaci\u00f3n definitiva saldr\u00e1 el\u00a0<strong>8 de marzo de<\/strong><\/p>\n<p><strong>2017<\/strong>.<\/p>\n<p>&nbsp;<\/p>\n<p><strong>V<\/strong><strong>alor de la inscripci\u00f3n hasta el 25 de febrero de 2017:<\/strong><\/p>\n<p>&nbsp;<\/p>\n<p>Ponentes nacionales\u00a0\u00a0\u00a0\u00a0\u00a0\u00a0\u00a0\u00a0\u00a0\u00a0\u00a0\u00a0\u00a0\u00a0\u00a0 \u00a0$180.000<\/p>\n<p>Ponentes extranjeros\u00a0\u00a0\u00a0\u00a0\u00a0\u00a0\u00a0\u00a0\u00a0\u00a0\u00a0\u00a0\u00a0\u00a0\u00a0 80 USD Participantes nacionales\u00a0\u00a0\u00a0\u00a0\u00a0\u00a0\u00a0\u00a0\u00a0\u00a0\u00a0\u00a0\u00a0\u00a0\u00a0\u00a0\u00a0\u00a0\u00a0\u00a0\u00a0\u00a0\u00a0\u00a0\u00a0\u00a0\u00a0\u00a0\u00a0\u00a0 $150.000<\/p>\n<p>Participantes extranjeros\u00a0\u00a0\u00a0\u00a0\u00a0\u00a0\u00a0\u00a0\u00a0 \u00a070 USD<\/p>\n<p>Estudiantes\u00a0\u00a0\u00a0\u00a0\u00a0\u00a0\u00a0\u00a0\u00a0\u00a0\u00a0\u00a0\u00a0\u00a0\u00a0\u00a0\u00a0\u00a0\u00a0\u00a0\u00a0\u00a0\u00a0\u00a0\u00a0\u00a0\u00a0\u00a0\u00a0 \u00a0$ 80.000 \u00f3 30 d\u00f3lares<\/p>\n<p>&nbsp;<\/p>\n<p><strong>V<\/strong><strong>alor de la inscripci\u00f3n desde el 26 de febrero de 2016<\/strong><\/p>\n<p>&nbsp;<\/p>\n<p>Ponentes nacionales\u00a0\u00a0\u00a0\u00a0\u00a0\u00a0\u00a0\u00a0\u00a0\u00a0\u00a0\u00a0\u00a0\u00a0\u00a0 \u00a0$ 250.000<\/p>\n<p>Ponentes Extranjeros\u00a0\u00a0\u00a0\u00a0\u00a0\u00a0\u00a0\u00a0\u00a0\u00a0\u00a0\u00a0\u00a0\u00a0 100 USD Participantes nacionales\u00a0\u00a0\u00a0\u00a0\u00a0\u00a0\u00a0\u00a0\u00a0\u00a0\u00a0\u00a0\u00a0\u00a0\u00a0\u00a0\u00a0\u00a0\u00a0\u00a0\u00a0\u00a0\u00a0\u00a0\u00a0\u00a0\u00a0\u00a0\u00a0\u00a0 $200.000<\/p>\n<p>Participantes extranjeros\u00a0\u00a0\u00a0\u00a0\u00a0\u00a0\u00a0\u00a0\u00a0 \u00a080 USD<\/p>\n<p>Estudiantes\u00a0\u00a0\u00a0\u00a0\u00a0\u00a0\u00a0\u00a0\u00a0\u00a0\u00a0\u00a0\u00a0\u00a0\u00a0\u00a0\u00a0\u00a0\u00a0\u00a0\u00a0\u00a0\u00a0\u00a0\u00a0\u00a0\u00a0\u00a0\u00a0 \u00a0$120.000 \u00f3 50 d\u00f3lares<\/p>\n<\/div>\n<p style=\"text-align: justify;\">&nbsp;<\/p>\n<div style=\"text-align: justify;\">\n<p><strong>Informaci\u00f3n e inscripciones:<\/strong><\/p>\n<p>Ver informaci\u00f3n completa del evento internacional en\u00a0<a href=\"http:\/\/www.acolec.org\/\">www.acolec.org<\/a><\/p>\n<p>&nbsp;<\/p>\n<p>Dr. Ra\u00fal Rom\u00e1n Romero: Presidente ACOLEC-Univ. Nacional de Colombia\u00a0<a href=\"mailto:presidencia@acolec.org\">presidencia@acolec.org<\/a>;\u00a0<a href=\"mailto:raulromanr@yahoo.com\">raulromanr@yahoo.com<\/a><\/p>\n<p>&nbsp;<\/p>\n<p>Dr.\u00a0\u00a0 Jorge\u00a0\u00a0 Enrique\u00a0\u00a0 El\u00edas-Caro:\u00a0\u00a0 Vicepresidente\u00a0\u00a0 ACOLEC-Universidad\u00a0\u00a0 del<\/p>\n<p>Magdalena\u00a0<a href=\"mailto:vicepresidencia@acolec.org\">vicepresidencia@acolec.org<\/a>;\u00a0<a href=\"mailto:joelcar1@hotmail.com\">joelcar1@hotmail.com<\/a><\/p>\n<p>&nbsp;<\/p>\n<p>Una vez aceptada su ponencia, se debe consignar el valor por su participaci\u00f3n en el evento en la cuenta de ahorros N\u00ba 516-329425-01 de Bancolombia a nombre de la Asociaci\u00f3n Colombiana de Estudios del Caribe-ACOLEC y enviar recibo de\u00a0 consignaci\u00f3n escaneado a \u00a0las direcciones de\u00a0 correo electr\u00f3nico arriba se\u00f1aladas.<\/p>\n<p>&nbsp;<\/p>\n<p>Tambi\u00e9n se reciben los pagos por valor de inscripci\u00f3n el d\u00eda del inicio del evento al momento de registrar su participaci\u00f3n en el encuentro acad\u00e9mico.<\/p>\n<p>&nbsp;<\/p>\n<p><strong>Comit\u00e9 Acad\u00e9mico<\/strong><\/p>\n<p>&nbsp;<\/p>\n<p>Dr. Ra\u00fal Rom\u00e1n Romero, Universidad Nacional de Colombia<\/p>\n<p>Dr. Jorge Enrique El\u00edas-Caro, Universidad del Magdalena (Colombia) Dr. Antonino Vidal Ortega, Universidad del Norte (Colombia)<\/p>\n<p>Msc, Muriel Vanegas Beltr\u00e1n, Universidad de Cartagena (Colombia) Dra. Veronique Benei, CNRS (Francia)<\/p>\n<p>Dra. M\u00f3nica Mar\u00eda del Valle, Universidad de la Salle (Colombia) Dr. Joaqu\u00edn Viloria de La Hoz, Banco de la Rep\u00fablica (Colombia)<\/p>\n<p>Dr. Enrique Camacho Navarro, UNAM (M\u00e9xico)<\/p>\n<p>Dra. Josefina Cuello Daza, Universidad Popular del Cesar (Colombia) Dr. Edgar Rey Sinning, Universidad Popular del Cesar (Colombia)<\/p>\n<p>&nbsp;<\/p>\n<p><strong>Comit\u00e9 Asesor<\/strong><\/p>\n<p>Dra. Mu-Kien Sang Ben, Univ. Cat\u00f3lica Madre Maestra (Rep. Dominicana) Dr. Jorge Rodriguez Beruff, Universidad de Puerto Rico<\/p>\n<p>Dr. Fabio Luis Barbosa Dos Santos, Univ. Federal de Sao Paulo (Brasil) Dr. Yopahe Thiao, Universidad de Par\u00eds (Francia)<\/p>\n<p>Msc, Daniel G\u00f3mez L\u00f3pez, Universidad del Magdalena (Colombia) Dr. Bernardo Garc\u00eda D\u00edaz, Universidad Veracruzana (M\u00e9xico)<\/p>\n<p>Dr. Jos\u00e9 Javier Col\u00f3n Morera, Universidad de Puerto Rico<\/p>\n<p>Msc. Hernando Motato C., Universidad Industrial de Santander (Colombia) Dra. Adriana Santos Mart\u00ednez, Universidad Nacional de Colombia<\/p>\n<p>Dr. David D\u00edaz Arias, Universidad de Costa Rica<\/p>\n<p>Dra. Yusmidia Solano Suarez, Universidad Nacional de Colombia<\/p>\n<\/div>\n<p style=\"text-align: justify;\">&nbsp;<\/p>\n<p style=\"text-align: justify;\"><strong>Entidades que organizan y apoyan<\/strong><\/p>\n<p style=\"text-align: justify;\"><strong>ACOLEC<\/strong><\/p>\n<p style=\"text-align: justify;\"><strong>Universidad Nacional de Colombia, sede Caribe<\/strong><\/p>\n<p style=\"text-align: justify;\"><strong>Universidad Popular del Cesar<\/strong><\/p>\n<p style=\"text-align: justify;\"><strong>Banco de la Rep\u00fablica &#8211; Valledupar<\/strong><\/p>\n<p style=\"text-align: justify;\">&nbsp;<\/p>\n<p style=\"text-align: justify;\"><strong><a href=\"https:\/\/adhilac.com.ar\/wp-content\/uploads\/2016\/11\/acolec.jpg\"><img loading=\"lazy\" decoding=\"async\" class=\"size-full wp-image-12176 alignleft\" title=\"acolec\" src=\"https:\/\/adhilac.com.ar\/wp-content\/uploads\/2016\/11\/acolec.jpg\" alt=\"\" width=\"104\" height=\"110\" srcset=\"https:\/\/adhilac.com.ar\/wp-content\/uploads\/2016\/11\/acolec.jpg 290w, https:\/\/adhilac.com.ar\/wp-content\/uploads\/2016\/11\/acolec-285x300.jpg 285w\" sizes=\"auto, (max-width: 104px) 100vw, 104px\" \/><\/a><br \/>\n<\/strong><\/p>\n<p style=\"text-align: justify;\"><strong><br \/>\n<\/strong><\/p>\n<p style=\"text-align: justify;\">&nbsp;<\/p>\n<p style=\"text-align: justify;\">&nbsp;<\/p>\n<p style=\"text-align: justify;\"><strong>Apoyan<\/strong><\/p>\n<p style=\"text-align: justify;\"><a href=\"https:\/\/adhilac.com.ar\/wp-content\/uploads\/2016\/11\/BancoRepCol.jpg\"><img loading=\"lazy\" decoding=\"async\" class=\"alignleft size-full wp-image-12177\" title=\"BancoRepCol\" src=\"https:\/\/adhilac.com.ar\/wp-content\/uploads\/2016\/11\/BancoRepCol.jpg\" alt=\"\" width=\"81\" height=\"81\" srcset=\"https:\/\/adhilac.com.ar\/wp-content\/uploads\/2016\/11\/BancoRepCol.jpg 225w, https:\/\/adhilac.com.ar\/wp-content\/uploads\/2016\/11\/BancoRepCol-150x150.jpg 150w\" sizes=\"auto, (max-width: 81px) 100vw, 81px\" \/><\/a><\/p>\n<p style=\"text-align: justify;\">&nbsp;<\/p>\n<p style=\"text-align: justify;\"><strong>Sede Valledupar<\/strong><\/p>\n<p style=\"text-align: justify;\">&nbsp;<\/p>\n<p style=\"padding-left: 30px; text-align: justify;\"><a href=\"https:\/\/adhilac.com.ar\/wp-content\/uploads\/2016\/11\/upc.jpg\"><img loading=\"lazy\" decoding=\"async\" class=\"size-full wp-image-12178 alignleft\" title=\"upc\" src=\"https:\/\/adhilac.com.ar\/wp-content\/uploads\/2016\/11\/upc.jpg\" alt=\"\" width=\"95\" height=\"81\" \/><\/a><\/p>\n<p style=\"padding-left: 30px; text-align: justify;\">&nbsp;<\/p>\n<p style=\"padding-left: 30px; text-align: justify;\">&nbsp;<\/p>\n<p style=\"padding-left: 30px; text-align: justify;\">&nbsp;<\/p>\n<p style=\"text-align: justify;\"><a href=\"https:\/\/adhilac.com.ar\/wp-content\/uploads\/2016\/11\/UNCOL.jpg\"><img loading=\"lazy\" decoding=\"async\" class=\"alignleft size-full wp-image-12179\" title=\"UNCOL\" src=\"https:\/\/adhilac.com.ar\/wp-content\/uploads\/2016\/11\/UNCOL.jpg\" alt=\"\" width=\"182\" height=\"75\" srcset=\"https:\/\/adhilac.com.ar\/wp-content\/uploads\/2016\/11\/UNCOL.jpg 380w, https:\/\/adhilac.com.ar\/wp-content\/uploads\/2016\/11\/UNCOL-300x123.jpg 300w\" sizes=\"auto, (max-width: 182px) 100vw, 182px\" \/><\/a><\/p>\n<p style=\"text-align: justify;\">&nbsp;<\/p>\n<p style=\"text-align: justify;\">&nbsp;<\/p>\n<p style=\"text-align: justify;\">&nbsp;<\/p>\n<div>\n<p style=\"text-align: justify;\"><a href=\"https:\/\/adhilac.com.ar\/wp-content\/uploads\/2016\/11\/III-CONFERENCIA-INTERNACIONAL-ASOCIACIO\u00ecN-COLOMBIANA-DE-ESTUDIOS-DEL-CAR..._P\u00e1gina_1.jpg\"><img loading=\"lazy\" decoding=\"async\" class=\"alignleft size-full wp-image-12175\" title=\"III CONFERENCIA INTERNACIONAL ASOCIACIO\u00ecN COLOMBIANA DE ESTUDIOS DEL CAR..._P\u00e1gina_1\" src=\"https:\/\/adhilac.com.ar\/wp-content\/uploads\/2016\/11\/III-CONFERENCIA-INTERNACIONAL-ASOCIACIO\u00ecN-COLOMBIANA-DE-ESTUDIOS-DEL-CAR..._P\u00e1gina_1.jpg\" alt=\"\" width=\"546\" height=\"706\" srcset=\"https:\/\/adhilac.com.ar\/wp-content\/uploads\/2016\/11\/III-CONFERENCIA-INTERNACIONAL-ASOCIACIO\u00ecN-COLOMBIANA-DE-ESTUDIOS-DEL-CAR..._P\u00e1gina_1.jpg 1896w, https:\/\/adhilac.com.ar\/wp-content\/uploads\/2016\/11\/III-CONFERENCIA-INTERNACIONAL-ASOCIACIO\u00ecN-COLOMBIANA-DE-ESTUDIOS-DEL-CAR..._P\u00e1gina_1-231x300.jpg 231w, https:\/\/adhilac.com.ar\/wp-content\/uploads\/2016\/11\/III-CONFERENCIA-INTERNACIONAL-ASOCIACIO\u00ecN-COLOMBIANA-DE-ESTUDIOS-DEL-CAR..._P\u00e1gina_1-791x1024.jpg 791w\" sizes=\"auto, (max-width: 546px) 100vw, 546px\" \/><\/a><\/p>\n<p style=\"text-align: justify;\">&nbsp;<\/p>\n<p style=\"text-align: justify;\">&nbsp;<\/p>\n<p style=\"text-align: justify;\">&nbsp;<\/p>\n<p style=\"text-align: justify;\">&nbsp;<\/p>\n<p style=\"text-align: justify;\">&nbsp;<\/p>\n<p style=\"text-align: justify;\">&nbsp;<\/p>\n<p style=\"text-align: justify;\">&nbsp;<\/p>\n<p style=\"text-align: justify;\">&nbsp;<\/p>\n<p style=\"text-align: justify;\">&nbsp;<\/p>\n<p style=\"text-align: justify;\">&nbsp;<\/p>\n<p style=\"text-align: justify;\">&nbsp;<\/p>\n<p style=\"text-align: justify;\">&nbsp;<\/p>\n<p style=\"text-align: justify;\">&nbsp;<\/p>\n<p style=\"text-align: justify;\">&nbsp;<\/p>\n<p style=\"text-align: justify;\">&nbsp;<\/p>\n<p style=\"text-align: justify;\">&nbsp;<\/p>\n<p style=\"text-align: justify;\">&nbsp;<\/p>\n<p style=\"text-align: justify;\">&nbsp;<\/p>\n<p style=\"text-align: justify;\">&nbsp;<\/p>\n<p style=\"text-align: justify;\">&nbsp;<\/p>\n<p style=\"text-align: justify;\">&nbsp;<\/p>\n<p style=\"text-align: justify;\">&nbsp;<\/p>\n<p style=\"text-align: justify;\">&nbsp;<\/p>\n<p><strong>Publicado por ADHILAC Internacional \u00a9 www.adhilac.com.ar<\/strong><\/p>\n<p>Si Ud. desea asociarse de acuerdo a los Estatutos de ADHILAC\u00a0<a title=\"(ver)\" href=\"https:\/\/adhilac.com.ar\/?page_id=263\">(ver)<\/a> complete el siguiente formulario\u00a0<a title=\"(ver)\" href=\"https:\/\/adhilac.com.ar\/?page_id=3194\">(ver)<\/a><\/p>\n<p>E-mail:\u00a0<a title=\"info@adhilac.com.ar\" href=\"https:\/\/adhilac.com.ar\/info@adhilac.com.ar\" target=\"_blank\">info@adhilac.com.ar<\/a><strong> <\/strong><\/p>\n<p>Twitter: @AdhilacInfo<\/p>\n<p style=\"text-align: justify;\">&nbsp;<\/p>\n<p style=\"text-align: justify;\">&nbsp;<\/p>\n<\/div>\n","protected":false},"excerpt":{"rendered":"<p>&nbsp; Cultura, identidad y folclor en el Gran Caribe: una aproximaci\u00f3n en tres dimensiones Valledupar (Colombia) Abril 5 al 7 de 2017 PRESENTACI\u00d3N La Asociaci\u00f3n Colombiana de Estudios del Caribe \u2013ACOLEC\u2013, la Universidad Nacional de Colombia Sede Caribe, la Universidad Popular del Cesar y el\u00a0\u00a0 \u00a0Banco de la Rep\u00fablica\u2013sede Valledupar, invitan a investigadores, docentes y [&hellip;]<\/p>\n","protected":false},"author":2,"featured_media":0,"comment_status":"closed","ping_status":"closed","sticky":false,"template":"","format":"standard","meta":{"_crdt_document":"","footnotes":""},"categories":[384,5,15],"tags":[222,739,631],"class_list":["post-12174","post","type-post","status-publish","format-standard","hentry","category-cientistas-sociales","category-congresos","category-historia","tag-cultura","tag-gran-caribe","tag-identidad"],"_links":{"self":[{"href":"https:\/\/adhilac.com.ar\/index.php?rest_route=\/wp\/v2\/posts\/12174","targetHints":{"allow":["GET"]}}],"collection":[{"href":"https:\/\/adhilac.com.ar\/index.php?rest_route=\/wp\/v2\/posts"}],"about":[{"href":"https:\/\/adhilac.com.ar\/index.php?rest_route=\/wp\/v2\/types\/post"}],"author":[{"embeddable":true,"href":"https:\/\/adhilac.com.ar\/index.php?rest_route=\/wp\/v2\/users\/2"}],"replies":[{"embeddable":true,"href":"https:\/\/adhilac.com.ar\/index.php?rest_route=%2Fwp%2Fv2%2Fcomments&post=12174"}],"version-history":[{"count":6,"href":"https:\/\/adhilac.com.ar\/index.php?rest_route=\/wp\/v2\/posts\/12174\/revisions"}],"predecessor-version":[{"id":12483,"href":"https:\/\/adhilac.com.ar\/index.php?rest_route=\/wp\/v2\/posts\/12174\/revisions\/12483"}],"wp:attachment":[{"href":"https:\/\/adhilac.com.ar\/index.php?rest_route=%2Fwp%2Fv2%2Fmedia&parent=12174"}],"wp:term":[{"taxonomy":"category","embeddable":true,"href":"https:\/\/adhilac.com.ar\/index.php?rest_route=%2Fwp%2Fv2%2Fcategories&post=12174"},{"taxonomy":"post_tag","embeddable":true,"href":"https:\/\/adhilac.com.ar\/index.php?rest_route=%2Fwp%2Fv2%2Ftags&post=12174"}],"curies":[{"name":"wp","href":"https:\/\/api.w.org\/{rel}","templated":true}]}}