{"id":12217,"date":"2016-11-08T08:36:20","date_gmt":"2016-11-08T11:36:20","guid":{"rendered":"https:\/\/adhilac.com.ar\/?p=12217"},"modified":"2016-11-12T08:38:27","modified_gmt":"2016-11-12T11:38:27","slug":"xxii-coloquio-de-historia-canario-americana-de-la-casa-de-colon-3-al-7-de-octubre-de-2016","status":"publish","type":"post","link":"https:\/\/adhilac.com.ar\/?p=12217","title":{"rendered":"XXII Coloquio de Historia Canario Americana de la Casa de Col\u00f3n. 3 al 7 de octubre de 2016"},"content":{"rendered":"<h3 style=\"text-align: justify;\"><span style=\"color: #339966;\">INFORME<\/span><\/h3>\n<h3 style=\"text-align: justify;\">Adhilac elige la Casa de Col\u00f3n de Las Palmas de Gran Canaria para sus estudios<\/h3>\n<div style=\"text-align: justify;\">\n<p>Las conclusiones del XXII Coloquio de Historia Canario Americana de la Casa de Col\u00f3n incluyen la propuesta de desarrollar en la edici\u00f3n de 2018 un tema central junto a la Asociaci\u00f3n de Historiadores Latinoamericanos y del Caribe sobre las relaciones hist\u00f3ricas y culturales entre el mundo atl\u00e1ntico continental y el insular entre los siglos XVII y XX.<\/p>\n<p>La propuesta parte de la propia ADHILAC, el mayor colectivo de latinoamericanistas y estudiosos de la historia del Caribe. La directora de la Casa de Col\u00f3n, Elena Acosta, destaca que esta proposici\u00f3n de la organizaci\u00f3n supone un reconocimiento a la dimensi\u00f3n internacional del Coloquio que organiza cada dos a\u00f1os el centro dependiente de la Consejer\u00eda de Cultura del Cabildo de Gran Canaria, as\u00ed como el refrendo de su papel referencial y punto de encuentro sobre los estudios atl\u00e1nticos.<\/p>\n<p>As\u00ed lo subraya tambi\u00e9n el presidente de la ADHILAC, Sergio Guerra Vilaboy, quien recuerda que este colectivo se fund\u00f3 en M\u00e9xico en 1974 y agrupa a centenares de investigadores e investigadoras. \u201cYa en su momento se incluy\u00f3 no s\u00f3lo a historiadores, sino tambi\u00e9n a soci\u00f3logos o polit\u00f3logos, entre otros estudiosos\u201d, precisa.<\/p>\n<p>De cara a la vig\u00e9simo tercera edici\u00f3n, tambi\u00e9n se acord\u00f3 proponer que se trate la identidad como tema transversal, as\u00ed como las historias de los \u2018sin historia\u2019, es decir, de aquellas mayor\u00edas o minor\u00edas que no han tenido acceso a la construcci\u00f3n escrita de la Historia. Tambi\u00e9n se apunt\u00f3 la posibilidad de realizar un seminario sobre campesinos, propiedad y explotaci\u00f3n.<!--more--><\/p>\n<p>En el transcurso de este XXII Coloquio de Historia Canario Americano, desarrollado entre el 3 y el 7 de octubre, tambi\u00e9n se ha destacado la importancia de considerar las ciudades del Atl\u00e1ntico como las articuladoras del espacio econ\u00f3mico, social y cultural de buena parte de la poblaci\u00f3n del planeta entre los siglos XVI y XX. De igual modo, se ha subrayado que Canarias se configura como un nudo extraordinario en esta red, donde va cobrando mayor importancia seg\u00fan se profundiza en el an\u00e1lisis.<\/p>\n<p><strong>El papel de la mujer en la emigraci\u00f3n canaria a Am\u00e9rica<\/strong><\/p>\n<p>Uno de los ejes conductores de las ponencias defendidas en la mesa de \u2018Mujeres e Historia\u2019 se ha centrado en la emigraci\u00f3n femenina a Am\u00e9rica desde el siglo XVI al XX, atravesada por el factor de la clase social de procedencia. Por un lado, el de las mujeres de clase alta que gracias a su posici\u00f3n social pudieron participar en labores educativas dirigidas preferentemente a la instrucci\u00f3n de las j\u00f3venes ind\u00edgenas. Y, por otro, la experiencia migratoria de las mujeres pobres que se vieron obligadas a desempe\u00f1ar trabajos considerados subalternos.<\/p>\n<p>La sesi\u00f3n de \u2018Geograf\u00eda y Organizaci\u00f3n Territorial\u2019 ha abordado interesantes cuestiones relativas a los procesos de diferenciaci\u00f3n \u00e9tnico-residencial, a la utilizaci\u00f3n del espacio p\u00fablico y a la vulnerabilidad en lo referente a la geograf\u00eda urbana de M\u00e9xico y Canarias.<\/p>\n<p>Igualmente, en el panel \u2018Multiculturalismo y Religiones en Canarias\u2019 se ha puesto de relieve la necesidad de desarrollar investigaciones etno-ecol\u00f3gicas de las plantas en Canarias, destacando su poder y usos m\u00e1gico-simb\u00f3licos en el marco de los conocimientos populares y otros rituales sociales. Se aconseja adem\u00e1s ampliar la investigaci\u00f3n por todo el archipi\u00e9lago, a fin de establecer las variaciones culturales en estos procesos de hibridaci\u00f3n.<\/p>\n<p>En el apartado de la arqueolog\u00eda, se ha confirmado el elevado nivel que est\u00e1 alcanzando la investigaci\u00f3n en esta materia en Canarias, tanto desde el punto de vista de la variedad de contextos analizados como de los propios objetos de estudio y de los m\u00e9todos y t\u00e9cnicas empleados: an\u00e1lisis tafon\u00f3micos y geoarquel\u00f3gicos, arqueozoolog\u00eda, pr\u00e1cticas funerarias y bioantropolog\u00eda o procesos de determinaci\u00f3n de procesos de trabajo relacionados con la producci\u00f3n de determinados tipos de materiales.<\/p>\n<p>&nbsp;<\/p>\n<p>Fuente:\u00a0http:\/\/www.cancionaquemarropa.es\/2016\/10\/colon-las-palmas-adhilac\/<\/p>\n<p>&nbsp;<\/p>\n<p><strong>Publicado por ADHILAC Internacional \u00a9 www.adhilac.com.ar<\/strong><\/p>\n<p>Si Ud. desea asociarse de acuerdo a los Estatutos de ADHILAC\u00a0<a title=\"(ver)\" href=\"https:\/\/adhilac.com.ar\/?page_id=263\">(ver)<\/a> complete el siguiente formulario\u00a0<a title=\"(ver)\" href=\"https:\/\/adhilac.com.ar\/?page_id=3194\">(ver)<\/a><\/p>\n<p>E-mail:\u00a0<a title=\"info@adhilac.com.ar\" href=\"https:\/\/adhilac.com.ar\/info@adhilac.com.ar\" target=\"_blank\">info@adhilac.com.ar<\/a><strong> <\/strong><\/p>\n<p>Twitter: @AdhilacInfo<\/p>\n<\/div>\n","protected":false},"excerpt":{"rendered":"<p>INFORME Adhilac elige la Casa de Col\u00f3n de Las Palmas de Gran Canaria para sus estudios Las conclusiones del XXII Coloquio de Historia Canario Americana de la Casa de Col\u00f3n incluyen la propuesta de desarrollar en la edici\u00f3n de 2018 un tema central junto a la Asociaci\u00f3n de Historiadores Latinoamericanos y del Caribe sobre las [&hellip;]<\/p>\n","protected":false},"author":2,"featured_media":0,"comment_status":"closed","ping_status":"closed","sticky":false,"template":"","format":"standard","meta":{"_crdt_document":"","footnotes":""},"categories":[3,5,40],"tags":[743,199,209],"class_list":["post-12217","post","type-post","status-publish","format-standard","hentry","category-adhilac-inter","category-congresos","category-informaciones","tag-canarios","tag-historia-latinoamericana-y-del-caribe","tag-migraciones"],"_links":{"self":[{"href":"https:\/\/adhilac.com.ar\/index.php?rest_route=\/wp\/v2\/posts\/12217","targetHints":{"allow":["GET"]}}],"collection":[{"href":"https:\/\/adhilac.com.ar\/index.php?rest_route=\/wp\/v2\/posts"}],"about":[{"href":"https:\/\/adhilac.com.ar\/index.php?rest_route=\/wp\/v2\/types\/post"}],"author":[{"embeddable":true,"href":"https:\/\/adhilac.com.ar\/index.php?rest_route=\/wp\/v2\/users\/2"}],"replies":[{"embeddable":true,"href":"https:\/\/adhilac.com.ar\/index.php?rest_route=%2Fwp%2Fv2%2Fcomments&post=12217"}],"version-history":[{"count":4,"href":"https:\/\/adhilac.com.ar\/index.php?rest_route=\/wp\/v2\/posts\/12217\/revisions"}],"predecessor-version":[{"id":12221,"href":"https:\/\/adhilac.com.ar\/index.php?rest_route=\/wp\/v2\/posts\/12217\/revisions\/12221"}],"wp:attachment":[{"href":"https:\/\/adhilac.com.ar\/index.php?rest_route=%2Fwp%2Fv2%2Fmedia&parent=12217"}],"wp:term":[{"taxonomy":"category","embeddable":true,"href":"https:\/\/adhilac.com.ar\/index.php?rest_route=%2Fwp%2Fv2%2Fcategories&post=12217"},{"taxonomy":"post_tag","embeddable":true,"href":"https:\/\/adhilac.com.ar\/index.php?rest_route=%2Fwp%2Fv2%2Ftags&post=12217"}],"curies":[{"name":"wp","href":"https:\/\/api.w.org\/{rel}","templated":true}]}}