{"id":12445,"date":"2017-03-07T10:50:29","date_gmt":"2017-03-07T13:50:29","guid":{"rendered":"https:\/\/adhilac.com.ar\/?p=12445"},"modified":"2017-03-13T09:26:59","modified_gmt":"2017-03-13T12:26:59","slug":"xii-encuentro-internacional-de-estudios-politicos-y-sociales-universidad-de-la-habana-4-al-7-de-abril-de-2017","status":"publish","type":"post","link":"https:\/\/adhilac.com.ar\/?p=12445","title":{"rendered":"XII Encuentro Internacional de Estudios Pol\u00edticos y Sociales. Universidad de La Habana. 4 al 7 de abril de 2017"},"content":{"rendered":"<p>TERCERA Y ULTIMA CONVOCATORIA<\/p>\n<p><a href=\"https:\/\/adhilac.com.ar\/wp-content\/uploads\/2017\/01\/EPS-2017-01.jpg\"><img loading=\"lazy\" decoding=\"async\" title=\"EPS 2017 -01\" src=\"https:\/\/adhilac.com.ar\/wp-content\/uploads\/2017\/01\/EPS-2017-01-150x150.jpg\" alt=\"\" width=\"150\" height=\"150\" \/><\/a><\/p>\n<p>Baje la convocatoria aqu\u00ed<\/p>\n<p><a href=\"https:\/\/adhilac.com.ar\/wp-content\/uploads\/2017\/01\/EPS-2017.-Estudios-Pol\u00edticos-y-Sociales-2017-XII-3ray\u00daltima-Convocatoria.-V-3.-Sin-logos.pdf\">EPS 2017. Estudios Pol\u00edticos y Sociales 2017 (XII) 3ra y \u00daltima Convocatoria<!--more--><\/a><\/p>\n<p>&nbsp;<\/p>\n<p><a href=\"https:\/\/adhilac.com.ar\/wp-content\/uploads\/2017\/01\/EPS-2017-01.jpg\"><img loading=\"lazy\" decoding=\"async\" class=\"alignnone size-full wp-image-12447\" title=\"EPS 2017 -01\" src=\"https:\/\/adhilac.com.ar\/wp-content\/uploads\/2017\/01\/EPS-2017-01.jpg\" alt=\"\" width=\"471\" height=\"627\" srcset=\"https:\/\/adhilac.com.ar\/wp-content\/uploads\/2017\/01\/EPS-2017-01.jpg 589w, https:\/\/adhilac.com.ar\/wp-content\/uploads\/2017\/01\/EPS-2017-01-225x300.jpg 225w\" sizes=\"auto, (max-width: 471px) 100vw, 471px\" \/><\/a><\/p>\n<p><a href=\"https:\/\/adhilac.com.ar\/wp-content\/uploads\/2017\/01\/EPS-2017-02.jpg\"><img loading=\"lazy\" decoding=\"async\" class=\"alignnone size-full wp-image-12448\" title=\"EPS 2017 -02\" src=\"https:\/\/adhilac.com.ar\/wp-content\/uploads\/2017\/01\/EPS-2017-02.jpg\" alt=\"\" width=\"465\" height=\"602\" srcset=\"https:\/\/adhilac.com.ar\/wp-content\/uploads\/2017\/01\/EPS-2017-02.jpg 581w, https:\/\/adhilac.com.ar\/wp-content\/uploads\/2017\/01\/EPS-2017-02-231x300.jpg 231w\" sizes=\"auto, (max-width: 465px) 100vw, 465px\" \/><\/a><\/p>\n<p><a href=\"https:\/\/adhilac.com.ar\/wp-content\/uploads\/2017\/01\/EPS-2017-03.jpg\"><img loading=\"lazy\" decoding=\"async\" class=\"alignnone size-full wp-image-12449\" title=\"EPS 2017 -03\" src=\"https:\/\/adhilac.com.ar\/wp-content\/uploads\/2017\/01\/EPS-2017-03.jpg\" alt=\"\" width=\"455\" height=\"566\" srcset=\"https:\/\/adhilac.com.ar\/wp-content\/uploads\/2017\/01\/EPS-2017-03.jpg 569w, https:\/\/adhilac.com.ar\/wp-content\/uploads\/2017\/01\/EPS-2017-03-241x300.jpg 241w\" sizes=\"auto, (max-width: 455px) 100vw, 455px\" \/><\/a><\/p>\n<p><strong>Publicado por ADHILAC Internacional \u00a9 www.adhilac.com.ar<\/strong><\/p>\n<p>Si Ud. desea asociarse de acuerdo a los Estatutos de ADHILAC\u00a0<a title=\"(ver)\" href=\"https:\/\/adhilac.com.ar\/?page_id=263\">(ver)<\/a> complete el siguiente formulario\u00a0<a title=\"(ver)\" href=\"https:\/\/adhilac.com.ar\/?page_id=3194\">(ver)<\/a><\/p>\n<p>E-mail:\u00a0<a title=\"info@adhilac.com.ar\" href=\"https:\/\/adhilac.com.ar\/info@adhilac.com.ar\" target=\"_blank\">info@adhilac.com.ar<\/a><strong> <\/strong><\/p>\n<p>Twitter: @AdhilacInfo<\/p>\n<p>&nbsp;<\/p>\n","protected":false},"excerpt":{"rendered":"<p>TERCERA Y ULTIMA CONVOCATORIA Baje la convocatoria aqu\u00ed EPS 2017. Estudios Pol\u00edticos y Sociales 2017 (XII) 3ra y \u00daltima Convocatoria<\/p>\n","protected":false},"author":2,"featured_media":0,"comment_status":"closed","ping_status":"closed","sticky":false,"template":"","format":"standard","meta":{"_crdt_document":"","footnotes":""},"categories":[18,3,5,40],"tags":[604],"class_list":["post-12445","post","type-post","status-publish","format-standard","hentry","category-adhilac-cuba","category-adhilac-inter","category-congresos","category-informaciones","tag-historia-de-america-latina"],"_links":{"self":[{"href":"https:\/\/adhilac.com.ar\/index.php?rest_route=\/wp\/v2\/posts\/12445","targetHints":{"allow":["GET"]}}],"collection":[{"href":"https:\/\/adhilac.com.ar\/index.php?rest_route=\/wp\/v2\/posts"}],"about":[{"href":"https:\/\/adhilac.com.ar\/index.php?rest_route=\/wp\/v2\/types\/post"}],"author":[{"embeddable":true,"href":"https:\/\/adhilac.com.ar\/index.php?rest_route=\/wp\/v2\/users\/2"}],"replies":[{"embeddable":true,"href":"https:\/\/adhilac.com.ar\/index.php?rest_route=%2Fwp%2Fv2%2Fcomments&post=12445"}],"version-history":[{"count":11,"href":"https:\/\/adhilac.com.ar\/index.php?rest_route=\/wp\/v2\/posts\/12445\/revisions"}],"predecessor-version":[{"id":12664,"href":"https:\/\/adhilac.com.ar\/index.php?rest_route=\/wp\/v2\/posts\/12445\/revisions\/12664"}],"wp:attachment":[{"href":"https:\/\/adhilac.com.ar\/index.php?rest_route=%2Fwp%2Fv2%2Fmedia&parent=12445"}],"wp:term":[{"taxonomy":"category","embeddable":true,"href":"https:\/\/adhilac.com.ar\/index.php?rest_route=%2Fwp%2Fv2%2Fcategories&post=12445"},{"taxonomy":"post_tag","embeddable":true,"href":"https:\/\/adhilac.com.ar\/index.php?rest_route=%2Fwp%2Fv2%2Ftags&post=12445"}],"curies":[{"name":"wp","href":"https:\/\/api.w.org\/{rel}","templated":true}]}}