{"id":12533,"date":"2017-03-07T09:34:26","date_gmt":"2017-03-07T12:34:26","guid":{"rendered":"https:\/\/adhilac.com.ar\/?p=12533"},"modified":"2018-11-26T16:11:04","modified_gmt":"2018-11-26T19:11:04","slug":"iii-conferencia-internacional-de-la-asociacion-colombiana-de-estudios-del-caribe-acolec-valledupar-colombia-abril-5-al-7-de-2017","status":"publish","type":"post","link":"https:\/\/adhilac.com.ar\/?p=12533","title":{"rendered":"III Conferencia Internacional de la Asociaci\u00f3n Colombiana de Estudios del Caribe, ACOLEC:  Valledupar, Colombia. 5 al 7 de abril de 2017"},"content":{"rendered":"<h3 style=\"text-align: justify;\"><span style=\"color: #339966;\"><a href=\"https:\/\/adhilac.com.ar\/wp-content\/uploads\/2017\/02\/Acolec2017.jpg\"><img loading=\"lazy\" decoding=\"async\" class=\"alignleft size-full wp-image-12534\" title=\"Acolec2017\" src=\"https:\/\/adhilac.com.ar\/wp-content\/uploads\/2017\/02\/Acolec2017.jpg\" alt=\"\" width=\"284\" height=\"422\" srcset=\"https:\/\/adhilac.com.ar\/wp-content\/uploads\/2017\/02\/Acolec2017.jpg 474w, https:\/\/adhilac.com.ar\/wp-content\/uploads\/2017\/02\/Acolec2017-202x300.jpg 202w\" sizes=\"auto, (max-width: 284px) 100vw, 284px\" \/><\/a>Cultura, identidad y folclor en el Gran Caribe: una aproximaci\u00f3n en tres dimensiones<\/span><\/h3>\n<p style=\"text-align: justify;\">&nbsp;<\/p>\n<p style=\"text-align: justify;\"><strong>PRESENTACI\u00d3N<\/strong><\/p>\n<p style=\"text-align: justify;\">La Asociaci\u00f3n Colombiana de Estudios del Caribe  \u2013ACOLEC\u2013, la Universidad Nacional de Colombia Sede Caribe, la  Universidad Popular del Cesar y el Banco de la Rep\u00fablica\u2013sede  Valledupar, invitan a investigadores, docentes y estudiantes de  diferentes disciplinas interesados(as) en participar en la Tercera  Conferencia Internacional de la Asociaci\u00f3n Colombiana de Estudios del  Caribe que se realizar\u00e1 en la ciudad de Valledupar (Colombia) durante  los d\u00edas comprendidos entre el 5 y el 7 de abril de 2017, a que  presenten sus ponencias, en torno al tema central <strong>\u201cCultura, identidad y folclor en el Gran Caribe: una aproximaci\u00f3n en tres dimensiones\u201d<\/strong>. <!--more--><\/p>\n<p>En  los \u00faltimos a\u00f1os la expansi\u00f3n capitalista y sus efectos en la  mercantilizaci\u00f3n de la cultura ha generado nuevas din\u00e1micas y flujos  simb\u00f3licos en el mundo. Fruto de este proceso, entre otros, en Colombia  hemos experimentado una expansi\u00f3n de las manifestaciones culturales del  Caribe colombiano. Lo importante de este proceso es que desde lo  cultural la representaci\u00f3n andina de Colombia comenz\u00f3 a perder fuerza  frente a una representaci\u00f3n caribe\u00f1a del pa\u00eds. Esta situaci\u00f3n resulta  interesante e importante para comprender el peso de las regiones en la  construcci\u00f3n de las identidades nacionales, en este caso la complejidad  colombiana y su proceso de construcci\u00f3n nacional y el rol del Caribe en  \u00e9l.<\/p>\n<p>Quiz\u00e1 la m\u00fasica, en especial el vallenato, ha ocupado un  lugar importante en este proceso, as\u00ed como tambi\u00e9n algunos s\u00edmbolos  propios de la regi\u00f3n que han transitado del mundo rural a las ciudades  colombianas y las capitales mundiales, y que hoy son objeto de consumo  global.<\/p>\n<p>Esta redefinici\u00f3n de la identidad caribe\u00f1a colombiana,  est\u00e1 relacionada con lo que ocurre en el Gran Caribe que, como se sabe,  es uno de los centros de producci\u00f3n y comercializaci\u00f3n musical y  cultural del mundo, ya que la m\u00fasica caribe\u00f1a no solo se repite de isla  en isla, sino que se convierte en un fen\u00f3meno global que contagia al  mundo. Entender estos procesos, compararlos y sintetizar un conocimiento  sobre ellos es una tarea importante en esta cambiante regi\u00f3n. Por ello  la Asociaci\u00f3n Colombiana de Estudios del Caribe se propone reflexionar  sobre el folclor, la identidad y las culturas caribe\u00f1as en sus procesos  de transici\u00f3n de los mundos rurales caribe\u00f1os a los centros urbanos de  la regi\u00f3n y el mundo en general.<\/p>\n<p style=\"text-align: justify;\"><strong>Objectivo General<\/strong><\/p>\n<p style=\"text-align: justify;\">Analizar las din\u00e1micas de producci\u00f3n de identidad a trav\u00e9s de fen\u00f3menos culturales.<\/p>\n<p style=\"text-align: justify;\"><strong>Espec\u00edficos<\/strong><\/p>\n<ul style=\"text-align: justify;\">\n<li>Reflexionar sobre el papel del folclor en las pol\u00edticas identitarias en el Gran Caribe, y el Caribe colombiano.<\/li>\n<li>Explorar los efectos de la patrimonializaci\u00f3n y din\u00e1micas culturalistas en la producci\u00f3n de lo caribe\u00f1o.<\/li>\n<li>Analizar los cambios en la visi\u00f3n del litoral y de lo rural en el  Gran Caribe y en el Caribe colombiano a ra\u00edz de las apropiaciones del  folclor y la cultura.<\/li>\n<\/ul>\n<p style=\"text-align: justify;\">&nbsp;<\/p>\n<p style=\"text-align: justify;\"><strong>MESAS TEMATICAS<\/strong><\/p>\n<ul style=\"text-align: justify;\">\n<li>Cultura e identidad en el Gran Caribe: Procesos en el contexto econ\u00f3mico global contempor\u00e1neo.<\/li>\n<li>La noci\u00f3n de folclor y sus distintas manifestaciones para el (des)  entendimiento de la identidad caribe\u00f1a y sus procesos culturales.  Debates y reflexiones.<\/li>\n<li>Visiones hist\u00f3ricas del folclor y la cultura (gran) caribe\u00f1a.<\/li>\n<li>Usos de lo rural y del litoral en procesos de folclorizaci\u00f3n y patrimonializaci\u00f3n en el Gran Caribe.<\/li>\n<li>Literatura, identidad y folclor en el Caribe (m\u00fasica, oralidades y tradiciones).<\/li>\n<li>Gastronom\u00eda y cocina popular-regional.<\/li>\n<li>M\u00fasica y bailes en el Gran Caribe.<\/li>\n<li>Educaci\u00f3n, cultura e identidad en el Gran Caribe.<\/li>\n<li>La cultura como forjadora de paz.<\/li>\n<li>Distinciones de raza y g\u00e9nero en la producci\u00f3n folcl\u00f3rica y cultural en el Gran Caribe.<\/li>\n<li>Producci\u00f3n, circulaci\u00f3n y consumo cultural en el Gran Caribe.<\/li>\n<li>Sistemas productivos, desarrollo empresarial, turismo y patrimonializaci\u00f3n en el Gran Caribe.<\/li>\n<li>Producciones culturales que desbordan fronteras (di\u00e1spora, carnaval, m\u00fasica).<\/li>\n<li>Saberes tradicionales y desarrollo sostenible en el \u00e1mbito rural y en el litoral.<\/li>\n<li>Ciudadan\u00edas a trav\u00e9s de las artes en el Caribe.<\/li>\n<li>Arquitectura, historia y patrimonializaci\u00f3n en el Caribe.<\/li>\n<li>Religiones populares, folclor e identidad en el Gran Caribe.<\/li>\n<li>Disputas entre alta cultura y cultura popular en el Gran Caribe.<\/li>\n<li>Capitalismo, cultura y migraci\u00f3n.<\/li>\n<li>Historiograf\u00eda cultural del Caribe.<\/li>\n<\/ul>\n<p style=\"text-align: justify;\">&nbsp;<\/p>\n<p style=\"text-align: justify;\"><strong>METODOLOG\u00cdA<\/strong><\/p>\n<p style=\"text-align: justify;\">El evento acad\u00e9mico se realizar\u00e1 con la modalidad de mesas tem\u00e1ticas  con ponencias individuales, seguidas de una sesi\u00f3n de preguntas y  comentarios de cada una. Tambi\u00e9n se realizar\u00e1n conferencias centrales a  cargo de especialistas reconocidos en el tema.<\/p>\n<p>Los interesados  podr\u00e1n proponer mesas tem\u00e1ticas o enviar ponencias individuales. Las  mesas tem\u00e1ticas deber\u00e1n contar con un m\u00ednimo de tres ponencias y un  m\u00e1ximo de cinco, y los res\u00famenes ser\u00e1n evaluados individualmente.<\/p>\n<p style=\"text-align: justify;\"><strong>PARTICIPACI\u00d3N<\/strong><\/p>\n<p style=\"text-align: justify;\">Para participar como ponente en el evento los interesados deben  enviar una propuesta de ponencia ya sea en ingl\u00e9s o espa\u00f1ol, de forma  simult\u00e1nea a las siguientes direcciones de correo electr\u00f3nico:<\/p>\n<p style=\"text-align: justify;\"><strong>presidencia@acolec.org; raulromanr@yahoo.com<br \/>\nvicepresidencia@acolec.org; joelcar1@hotmail.com<\/strong><\/p>\n<p style=\"text-align: justify;\">La propuesta debe contener la siguiente informaci\u00f3n:<\/p>\n<p style=\"text-align: justify;\">1. Datos personales (nombre y apellido, direcci\u00f3n postal y correo electr\u00f3nico)<br \/>\n2. Datos profesionales (grado acad\u00e9mico y pertenencia institucional)<br \/>\n3. T\u00edtulo de la ponencia, mesa tem\u00e1tica elegida, y un resumen de hasta 500 palabras, que se recibir\u00e1 hasta el <strong>10 de febrero de 2017<\/strong><br \/>\n4. La ponencia completa debe ser enviada hasta el <strong>25 de febrero de 2017<\/strong>, en formato Word, TNR 12, espacio sencillo, y con una extensi\u00f3n m\u00e1xima de 12 cuartillas, incluyendo la bibliograf\u00eda.<\/p>\n<p style=\"text-align: justify;\"><strong>Se aceptan ponencias en espa\u00f1ol, ingl\u00e9s, franc\u00e9s y portugu\u00e9s<\/strong><\/p>\n<p style=\"text-align: justify;\">Posteriormente se enviar\u00e1n a los ponentes que fueron aceptados las  normas editoriales completas para la publicaci\u00f3n de las memorias y los  libros resultantes de este evento internacional.<\/p>\n<p style=\"text-align: justify;\">Las cartas de aceptaci\u00f3n de ponencias ser\u00e1n enviadas por los  coordinadores del evento desde el momento que se reciban y aprueben las  propuestas hasta el <strong>25 de febrero de 2017<\/strong> y la programaci\u00f3n definitiva saldr\u00e1 el <strong>8 de marzo de 2017.<\/strong><\/p>\n<p style=\"text-align: justify;\"><strong>Valor de la inscripci\u00f3n hasta el 25 de febrero de 2017:<\/strong><\/p>\n<p style=\"text-align: justify;\">Ponentes nacionales $180.000<br \/>\nPonentes extranjeros 80 USD<br \/>\nParticipantes nacionales $150.000<br \/>\nParticipantes extranjeros 70 USD<br \/>\nEstudiantes $ 80.000 \u00f3 30 d\u00f3lares<\/p>\n<p style=\"text-align: justify;\"><strong>Valor de la inscripci\u00f3n desde el 26 de febrero de 2017<\/strong><\/p>\n<p style=\"text-align: justify;\">Ponentes nacionales $ 250.000<br \/>\nPonentes Extranjeros 100 USD<br \/>\nParticipantes nacionales $200.000<br \/>\nParticipantes extranjeros 80 USD<br \/>\nEstudiantes $120.000 \u00f3 50 d\u00f3lares<\/p>\n<p style=\"text-align: justify;\"><strong>INFORMACI\u00d3N E INSCRIPCIONES<\/strong><\/p>\n<p style=\"text-align: justify;\">Ver informaci\u00f3n completa del evento internacional en <a href=\"http:\/\/www.acolec.org\/\">www.acolec.org<\/a><\/p>\n<p>Dr. Ra\u00fal Rom\u00e1n Romero: Presidente ACOLEC-Univ. Nacional de Colombia &#8211; <strong>presidencia@acolec.org &#8211; raulromanr@yahoo.com<\/strong><br \/>\nDr. Jorge Enrique El\u00edas-Caro: Vicepresidente ACOLEC-Universidad del Magdalena &#8211; <strong>vicepresidencia@acolec.org &#8211; joelcar1@hotmail.com<\/strong><\/p>\n<p>Una  vez aceptada su ponencia, se debe consignar el valor por su  participaci\u00f3n en el evento en la cuenta de ahorros N\u00ba 516-329425-01 de  Bancolombia a nombre de la Asociaci\u00f3n Colombiana de Estudios del  Caribe-ACOLEC y enviar recibo de consignaci\u00f3n escaneado a las  direcciones de correo electr\u00f3nico arriba se\u00f1aladas.<\/p>\n<p>Tambi\u00e9n se  reciben los pagos por valor de inscripci\u00f3n el d\u00eda del inicio del evento  al momento de registrar su participaci\u00f3n en el encuentro acad\u00e9mico.<\/p>\n<p><strong>Comit\u00e9 Acad\u00e9mico<\/strong><\/p>\n<ul style=\"text-align: justify;\">\n<li>Dr. Ra\u00fal Rom\u00e1n Romero, Universidad Nacional de Colombia<\/li>\n<li>Dr. Jorge Enrique El\u00edas-Caro, Universidad del Magdalena (Colombia)<\/li>\n<li>Dr. Antonino Vidal Ortega, Universidad del Norte (Colombia)<\/li>\n<li>Msc, Muriel Vanegas Beltr\u00e1n, Universidad de Cartagena (Colombia)<\/li>\n<li>Dra. Veronique Benei, CNRS (Francia)<\/li>\n<li>Dra. M\u00f3nica Mar\u00eda del Valle, Universidad de la Salle (Colombia)<\/li>\n<li>Dr. Joaqu\u00edn Viloria de La Hoz, Banco de la Rep\u00fablica (Colombia)<\/li>\n<li>Dr. Enrique Camacho Navarro, UNAM (M\u00e9xico)<\/li>\n<li>Dra. Josefina Cuello Daza, Universidad Popular del Cesar (Colombia)<\/li>\n<li>Dr. Edgar Rey Sinning, Universidad Popular del Cesar (Colombia)<\/li>\n<\/ul>\n<p style=\"text-align: justify;\">&nbsp;<\/p>\n<p><strong>Comit\u00e9 Asesor<\/strong><\/p>\n<ul style=\"text-align: justify;\">\n<li>Dra. Mu-Kien Sang Ben, Univ. Cat\u00f3lica Madre Maestra (Rep. Dominicana)<\/li>\n<li>Dr. Jorge Rodriguez Beruff, Universidad de Puerto Rico<\/li>\n<li>Dr. Fabio Luis Barbosa Dos Santos, Univ. Federal de Sao Paulo (Brasil)<\/li>\n<li>Dr. Yopahe Thiao, Universidad de Par\u00eds (Francia)<\/li>\n<li>Msc, Daniel G\u00f3mez L\u00f3pez, Universidad del Magdalena (Colombia)<\/li>\n<li>Dr. Bernardo Garc\u00eda D\u00edaz, Universidad Veracruzana (M\u00e9xico)<\/li>\n<li>Dr. Jos\u00e9 Javier Col\u00f3n Morera, Universidad de Puerto Rico<\/li>\n<li>Msc. Hernando Motato C., Universidad Industrial de Santander (Colombia)<\/li>\n<li>Dra. Adriana Santos Mart\u00ednez, Universidad Nacional de Colombia<\/li>\n<li>Dr. David D\u00edaz Arias, Universidad de Costa Rica<\/li>\n<li>Dra. Yusmidia Solano Suarez, Universidad Nacional de Colombia<\/li>\n<\/ul>\n<p><a href=\"https:\/\/adhilac.com.ar\/wp-content\/uploads\/2017\/02\/III-CONFERENCIA-INTERNACIONAL-ASOCIACIO\u00ecN-COLOMBIANA-DE-ESTUDIOS-DEL-CAR....pdf\">III CONFERENCIA INTERNACIONAL ACOLEC 2017 &#8211; CONVOCATORIA<\/a><\/p>\n<p>&nbsp;<\/p>\n<p style=\"text-align: justify;\"><strong>Publicado por ADHILAC Internacional \u00a9 www.adhilac.com.ar<\/strong><\/p>\n<p style=\"text-align: justify;\">Si Ud. desea asociarse de acuerdo a los Estatutos de ADHILAC\u00a0<a title=\"(ver)\" href=\"https:\/\/adhilac.com.ar\/?page_id=263\">(ver)<\/a> complete el siguiente formulario\u00a0<a title=\"(ver)\" href=\"https:\/\/adhilac.com.ar\/?page_id=3194\">(ver)<\/a><\/p>\n<p style=\"text-align: justify;\">E-mail:\u00a0<a title=\"info@adhilac.com.ar\" href=\"https:\/\/adhilac.com.ar\/info@adhilac.com.ar\" target=\"_blank\">info@adhilac.com.ar<\/a><strong> <\/strong><\/p>\n<p style=\"text-align: justify;\">Twitter: @AdhilacInfo<\/p>\n","protected":false},"excerpt":{"rendered":"<p>Cultura, identidad y folclor en el Gran Caribe: una aproximaci\u00f3n en tres dimensiones &nbsp; PRESENTACI\u00d3N La Asociaci\u00f3n Colombiana de Estudios del Caribe \u2013ACOLEC\u2013, la Universidad Nacional de Colombia Sede Caribe, la Universidad Popular del Cesar y el Banco de la Rep\u00fablica\u2013sede Valledupar, invitan a investigadores, docentes y estudiantes de diferentes disciplinas interesados(as) en participar en [&hellip;]<\/p>\n","protected":false},"author":2,"featured_media":0,"comment_status":"closed","ping_status":"closed","sticky":false,"template":"","format":"standard","meta":{"_crdt_document":"","footnotes":""},"categories":[69,5,40],"tags":[222,760,631],"class_list":["post-12533","post","type-post","status-publish","format-standard","hentry","category-adhilac-colombia","category-congresos","category-informaciones","tag-cultura","tag-folclor","tag-identidad"],"_links":{"self":[{"href":"https:\/\/adhilac.com.ar\/index.php?rest_route=\/wp\/v2\/posts\/12533","targetHints":{"allow":["GET"]}}],"collection":[{"href":"https:\/\/adhilac.com.ar\/index.php?rest_route=\/wp\/v2\/posts"}],"about":[{"href":"https:\/\/adhilac.com.ar\/index.php?rest_route=\/wp\/v2\/types\/post"}],"author":[{"embeddable":true,"href":"https:\/\/adhilac.com.ar\/index.php?rest_route=\/wp\/v2\/users\/2"}],"replies":[{"embeddable":true,"href":"https:\/\/adhilac.com.ar\/index.php?rest_route=%2Fwp%2Fv2%2Fcomments&post=12533"}],"version-history":[{"count":8,"href":"https:\/\/adhilac.com.ar\/index.php?rest_route=\/wp\/v2\/posts\/12533\/revisions"}],"predecessor-version":[{"id":12537,"href":"https:\/\/adhilac.com.ar\/index.php?rest_route=\/wp\/v2\/posts\/12533\/revisions\/12537"}],"wp:attachment":[{"href":"https:\/\/adhilac.com.ar\/index.php?rest_route=%2Fwp%2Fv2%2Fmedia&parent=12533"}],"wp:term":[{"taxonomy":"category","embeddable":true,"href":"https:\/\/adhilac.com.ar\/index.php?rest_route=%2Fwp%2Fv2%2Fcategories&post=12533"},{"taxonomy":"post_tag","embeddable":true,"href":"https:\/\/adhilac.com.ar\/index.php?rest_route=%2Fwp%2Fv2%2Ftags&post=12533"}],"curies":[{"name":"wp","href":"https:\/\/api.w.org\/{rel}","templated":true}]}}