{"id":12538,"date":"2017-02-17T00:30:11","date_gmt":"2017-02-17T03:30:11","guid":{"rendered":"https:\/\/adhilac.com.ar\/?p=12538"},"modified":"2017-02-17T06:40:45","modified_gmt":"2017-02-17T09:40:45","slug":"taller-internacional-historiografia-y-teoria-de-la-historia-la-habana-17-18-de-febrero-de-2017","status":"publish","type":"post","link":"https:\/\/adhilac.com.ar\/?p=12538","title":{"rendered":"Taller Internacional Historiograf\u00eda y Teor\u00eda de la Historia. La Habana. 17-18 de febrero de 2017"},"content":{"rendered":"<div>\n<h3 style=\"text-align: justify;\"><span style=\"color: #339966;\">PROGRAMA<\/span><\/h3>\n<p><strong>TALLER INTERNACIONAL HISTORIOGRAFIA Y TEORIA DE LA HISTORIA, LA HABANA, 17-18 DE FEBRERO 2017<\/strong><\/p>\n<p style=\"text-align: justify;\"><strong>Lugar<\/strong>: Colegio Universitario San Ger\u00f3nimo de La Habana (Sala Benigno Souza) Obispo no. 154, e\/t Mercaderes y San Ignacio, Habana Vieja<\/p>\n<p style=\"text-align: justify;\">Tel\u00e9fonos: 7864 9021 (Vicedecanato)<\/p>\n<p style=\"text-align: justify;\"><strong>Viernes 17 de febrero<\/strong><\/p>\n<div style=\"text-align: justify;\">9.00-9.15 am. <strong>PALABRAS DE BIENVENIDA<\/strong><br \/>\nMSc. Ren\u00e9 Gonz\u00e1lez Barrios (Instituto de Historia de Cuba)<\/div>\n<div style=\"text-align: justify;\">9. 15- 9.30 am. <strong>PALABRAS INAUGURALES<\/strong><br \/>\nDr. Yoel Cordov\u00ed N\u00fa\u00f1ez (Instituto de Historia de Cuba)<!--more--><\/div>\n<p>9.30- 10. 05 am- <strong>CONFERENCIA INAUGURAL<\/strong><br \/>\nDra. Carmen Barcia Zequeira (Universidad de La Habana)<br \/>\n\u201cRe-visitando la Historia Social: aproximaciones desde Cuba\u201d<\/p>\n<p style=\"text-align: justify;\">&nbsp;<\/p>\n<div style=\"text-align: justify;\"><strong>PANELES<\/strong><\/div>\n<div style=\"text-align: justify;\"><strong><br \/>\n<\/strong><\/div>\n<div style=\"text-align: justify;\"><strong>PANEL 1- POSTMODERNISMO Y REALISMO HIST\u00d3RICO<\/strong><br \/>\n<strong>Moderador: <\/strong>MSc. Ren\u00e9 Gonz\u00e1lez Barrios (Instituto de Historia de Cuba)<\/div>\n<p style=\"text-align: justify;\">&nbsp;<\/p>\n<p>10.05- 10.25am<strong>&#8211; Edward Wang <\/strong>(Rowan University, Glassboro, New Jersey)<br \/>\nPonencia: \u201cA Global History of Modern Historiography\u201d<\/p>\n<p style=\"text-align: justify;\">&nbsp;<\/p>\n<p>10.25- 10.45 am<strong>&#8211; Antonis Liakos <\/strong>(University of Athens)<br \/>\nPonencia: \u201cDoes historical theory matter, and to whom?\u201d<\/p>\n<p style=\"text-align: justify;\">&nbsp;<\/p>\n<p style=\"text-align: justify;\">10.45- 11.05 am<strong>&#8211; Antoon De Baets <\/strong>(Universidad de Groningen, Holanda) Ponencia: \u201cA Critical View of Memory Laws\u201d<\/p>\n<p style=\"text-align: justify;\">&nbsp;<\/p>\n<p style=\"text-align: justify;\">11. 05 am- 11. 25 am<strong>&#8211; Susana Hern\u00e1ndez Pl\u00e1 <\/strong>(Universidad de La Habana) Ponencia: Historia y progreso. Repensar la historiograf\u00eda ilustrada<\/p>\n<\/div>\n<p style=\"text-align: justify;\">&nbsp;<\/p>\n<p style=\"text-align: justify;\"><strong>DEBATES<\/strong>: 11. 25am-11.55 am<\/p>\n<div style=\"text-align: justify;\">\n<p>&nbsp;<\/p>\n<div>11. 55- 12. 25 pm- CAF\u00c9<\/div>\n<div><strong>P<\/strong><strong>A<\/strong><strong>NEL 2- HISTORIOGRAFIA Y MARXISMO. PERSPECTIVAS EN EL SIGLO XXI<\/strong><br \/>\n<strong>Moderador<\/strong>: Dr. Yoel Cordov\u00ed N\u00fa\u00f1ez (Instituto de Historia de Cuba)<\/div>\n<p>&nbsp;<\/p>\n<p>12. 25 pm- 12. 45 pm- <strong>Carlos Antonio Aguirre Rojas <\/strong>(Investigador Instituto de<br \/>\nInvestigaciones Sociales, UNAM, M\u00e9xico)<br \/>\nPonencia:\u00a0\u00a0\u00a0\u00a0\u00a0\u00a0\u00a0\u00a0 La\u00a0\u00a0\u00a0\u00a0\u00a0\u00a0\u00a0\u00a0\u00a0 vigencia\u00a0\u00a0\u00a0\u00a0\u00a0\u00a0\u00a0\u00a0 del\u00a0\u00a0\u00a0\u00a0\u00a0\u00a0\u00a0\u00a0 marxismo\u00a0\u00a0\u00a0\u00a0\u00a0\u00a0\u00a0\u00a0 cr\u00edtico,\u00a0\u00a0\u00a0\u00a0\u00a0\u00a0\u00a0\u00a0\u00a0 para\u00a0\u00a0\u00a0\u00a0\u00a0\u00a0\u00a0\u00a0 la historiograf\u00eda y las ciencias sociales del siglo XXI<\/p>\n<p>12.45pm- 1. 05 pm- <strong>Ren\u00e9 Villaboy <\/strong>(Universidad de La Habana)<br \/>\nPonencia: \u00a0\u201cEl \u00a0estado \u00a0nacional \u00a0en \u00a0Am\u00e9rica \u00a0Latina: \u00a0una \u00a0lectura \u00a0desde \u00a0nuestra historiograf\u00eda marxista\u201d<\/p>\n<p>1.05 pm- 1. 25 pm- <strong>Juan Maiguashca <\/strong>(Professor Emeritus of Latin American<br \/>\nHistory at York University)<br \/>\nPonencia: \u201cEn torno a la periodizaci\u00f3n de la historia marxista latinoamericana en el siglo XX\u201d<br \/>\n<strong>DEBATES<\/strong>: 1. 25pm- 1. 55pm<\/p>\n<p>&nbsp;<\/p>\n<p><strong>S\u00e1bado 18 de febrero<\/strong><\/p>\n<p>&nbsp;<\/p>\n<p><strong>PANEL\u00a0\u00a0\u00a0\u00a0\u00a0\u00a0\u00a0\u00a0\u00a0 3-\u00a0\u00a0\u00a0\u00a0\u00a0\u00a0\u00a0\u00a0 HISTORIOGRAF\u00cdA\u00a0\u00a0\u00a0\u00a0\u00a0\u00a0\u00a0\u00a0\u00a0\u00a0 MARXISTA\u00a0\u00a0\u00a0\u00a0\u00a0\u00a0\u00a0\u00a0\u00a0 Y\u00a0\u00a0\u00a0\u00a0\u00a0\u00a0\u00a0\u00a0 TEOR\u00cdAS EUROCENTRISTAS I<\/strong><br \/>\n<strong>Moderador<\/strong>: Dr. F\u00e9lix Julio Alfonso L\u00f3pez (Colegio Universitario San Ger\u00f3nimo de<br \/>\nLa Habana)<\/p>\n<p>&nbsp;<\/p>\n<p>9.00 am- 9.20 am- <strong>John Abromeit <\/strong>(Buffalo State College)<br \/>\nPonencia: \u201cMarxism and Eurocentrism\u201d<\/p>\n<\/div>\n<p style=\"text-align: justify;\">&nbsp;<\/p>\n<p style=\"text-align: justify;\">9. 20 am- 9. 40am- <strong>Vivek Chibber <\/strong>(New York University)<br \/>\nPonencia: \u201cPostcolonial Theory and the Problem of Eurocentrism\u201d<\/p>\n<p style=\"text-align: justify;\">&nbsp;<\/p>\n<p style=\"text-align: justify;\">9. 40am- 10.00am- <strong>Stefan Gandler <\/strong>(Universidad Nacional Aut\u00f3noma de M\u00e9xico, Facultad de Filosof\u00eda y Letras)<br \/>\nPonencia: \u201cTeor\u00eda cr\u00edtica del concepto euroc\u00e9ntrico de historia\u201d<\/p>\n<p style=\"text-align: justify;\">&nbsp;<\/p>\n<p style=\"text-align: justify;\">10. 00- 10. 20 pm- <strong>Constantino Torres Fumero <\/strong>(Universidad de La Habana)<br \/>\nPonencia: Marx, historiador del siglo XXI<br \/>\nDEBATE: 10. 20am- 10. 50am<\/p>\n<p style=\"text-align: justify;\">&nbsp;<\/p>\n<p style=\"text-align: justify;\">10. 50am- 11. 20 am- CAF\u00c9<br \/>\n<strong>Panel 4- HISTORIOGRAF\u00cdA MARXISTA Y TEOR\u00cdAS EUROCENTRISTAS II<\/strong><br \/>\n<strong>Moderador: <\/strong>Dr. Jorge R. Ibarra Guitart (Instituto de Historia de Cuba)<\/p>\n<p style=\"text-align: justify;\">&nbsp;<\/p>\n<p style=\"text-align: justify;\">11. 20 am- 11. 40 am- <strong>Thomas Lindenberger <\/strong>(Centre for Contemporary History, Potsdam)<br \/>\nPonencia: \u201cWestern Marxism, <em>Alltagsgeschichte<\/em>, and the New Order on the Old<br \/>\nContinent:\u00a0\u00a0\u00a0 Some\u00a0\u00a0\u00a0 thoughts\u00a0\u00a0 about\u00a0\u00a0 a\u00a0\u00a0\u00a0 Critical\u00a0\u00a0\u00a0 Historicization\u00a0\u00a0 of\u00a0\u00a0\u00a0 Post-Soviet<br \/>\nTransformations\u201d<\/p>\n<p style=\"text-align: justify;\">&nbsp;<\/p>\n<p style=\"text-align: justify;\">11. 40- 12. 00 am- <strong>Ernesto Alejandro Gonz\u00e1lez Hern\u00e1ndez <\/strong>(Universidad de La<br \/>\nHabana)<br \/>\nPonencia: \u201cPirenne y Geyl, entre desacuerdos y confluencias: hacia una historia regional de los Pa\u00edses Bajos\u201d<\/p>\n<p style=\"text-align: justify;\">&nbsp;<\/p>\n<p style=\"text-align: justify;\">DEBATE: 12.00- 12.30pm<br \/>\nCLAUSURA<\/p>\n<p><strong>Publicado por ADHILAC Internacional \u00a9 www.adhilac.com.ar<\/strong><\/p>\n<p>Si Ud. desea asociarse de acuerdo a los Estatutos de ADHILAC\u00a0<a title=\"(ver)\" href=\"https:\/\/adhilac.com.ar\/?page_id=263\">(ver)<\/a> complete el siguiente formulario\u00a0<a title=\"(ver)\" href=\"https:\/\/adhilac.com.ar\/?page_id=3194\">(ver)<\/a><\/p>\n<p>E-mail:\u00a0<a title=\"info@adhilac.com.ar\" href=\"https:\/\/adhilac.com.ar\/info@adhilac.com.ar\" target=\"_blank\">info@adhilac.com.ar<\/a><strong> <\/strong><\/p>\n<p>Twitter: @AdhilacInfo<\/p>\n<p style=\"text-align: justify;\">&nbsp;<\/p>\n","protected":false},"excerpt":{"rendered":"<p>PROGRAMA TALLER INTERNACIONAL HISTORIOGRAFIA Y TEORIA DE LA HISTORIA, LA HABANA, 17-18 DE FEBRERO 2017 Lugar: Colegio Universitario San Ger\u00f3nimo de La Habana (Sala Benigno Souza) Obispo no. 154, e\/t Mercaderes y San Ignacio, Habana Vieja Tel\u00e9fonos: 7864 9021 (Vicedecanato) Viernes 17 de febrero 9.00-9.15 am. PALABRAS DE BIENVENIDA MSc. Ren\u00e9 Gonz\u00e1lez Barrios (Instituto de [&hellip;]<\/p>\n","protected":false},"author":2,"featured_media":0,"comment_status":"closed","ping_status":"closed","sticky":false,"template":"","format":"standard","meta":{"_crdt_document":"","footnotes":""},"categories":[18,5,15],"tags":[134,262],"class_list":["post-12538","post","type-post","status-publish","format-standard","hentry","category-adhilac-cuba","category-congresos","category-historia","tag-historiografia","tag-teoria-de-la-historia"],"_links":{"self":[{"href":"https:\/\/adhilac.com.ar\/index.php?rest_route=\/wp\/v2\/posts\/12538","targetHints":{"allow":["GET"]}}],"collection":[{"href":"https:\/\/adhilac.com.ar\/index.php?rest_route=\/wp\/v2\/posts"}],"about":[{"href":"https:\/\/adhilac.com.ar\/index.php?rest_route=\/wp\/v2\/types\/post"}],"author":[{"embeddable":true,"href":"https:\/\/adhilac.com.ar\/index.php?rest_route=\/wp\/v2\/users\/2"}],"replies":[{"embeddable":true,"href":"https:\/\/adhilac.com.ar\/index.php?rest_route=%2Fwp%2Fv2%2Fcomments&post=12538"}],"version-history":[{"count":5,"href":"https:\/\/adhilac.com.ar\/index.php?rest_route=\/wp\/v2\/posts\/12538\/revisions"}],"predecessor-version":[{"id":12587,"href":"https:\/\/adhilac.com.ar\/index.php?rest_route=\/wp\/v2\/posts\/12538\/revisions\/12587"}],"wp:attachment":[{"href":"https:\/\/adhilac.com.ar\/index.php?rest_route=%2Fwp%2Fv2%2Fmedia&parent=12538"}],"wp:term":[{"taxonomy":"category","embeddable":true,"href":"https:\/\/adhilac.com.ar\/index.php?rest_route=%2Fwp%2Fv2%2Fcategories&post=12538"},{"taxonomy":"post_tag","embeddable":true,"href":"https:\/\/adhilac.com.ar\/index.php?rest_route=%2Fwp%2Fv2%2Ftags&post=12538"}],"curies":[{"name":"wp","href":"https:\/\/api.w.org\/{rel}","templated":true}]}}