{"id":12599,"date":"2017-06-02T15:07:03","date_gmt":"2017-06-02T18:07:03","guid":{"rendered":"https:\/\/adhilac.com.ar\/?p=12599"},"modified":"2017-06-04T10:30:54","modified_gmt":"2017-06-04T13:30:54","slug":"congreso-internacional-de-literatura-%e2%80%9croa-entre-la-historia-y-la-literatura%e2%80%9d-asuncion-6-al-8-de-junio-de-2017","status":"publish","type":"post","link":"https:\/\/adhilac.com.ar\/?p=12599","title":{"rendered":"Congreso Internacional de Literatura \u201cRoa entre la Historia y la Literatura\u201d. Asunci\u00f3n. 6 al 8 de junio de 2017"},"content":{"rendered":"<p><a style=\"font-size: 1.17em; text-align: justify;\" href=\"https:\/\/adhilac.com.ar\/wp-content\/uploads\/2017\/03\/Congreso-Int-RoaBastos.jpg\"><img loading=\"lazy\" decoding=\"async\" class=\"size-full wp-image-12679 alignnone\" title=\"Congreso Int-RoaBastos\" src=\"https:\/\/adhilac.com.ar\/wp-content\/uploads\/2017\/03\/Congreso-Int-RoaBastos.jpg\" alt=\"\" width=\"488\" height=\"154\" srcset=\"https:\/\/adhilac.com.ar\/wp-content\/uploads\/2017\/03\/Congreso-Int-RoaBastos.jpg 814w, https:\/\/adhilac.com.ar\/wp-content\/uploads\/2017\/03\/Congreso-Int-RoaBastos-300x94.jpg 300w\" sizes=\"auto, (max-width: 488px) 100vw, 488px\" \/><\/a><\/p>\n<div style=\"text-align: justify;\">\n<p style=\"text-align: justify;\"><strong>C<\/strong><strong>O<\/strong><strong>M<\/strong><strong>I<\/strong><strong>S<\/strong><strong>I<\/strong><strong>\u00d3<\/strong><strong>N NACIONAL DE CONMEMORACI\u00d3N DEL CENTENARIO <\/strong><\/p>\n<p style=\"text-align: justify;\"><strong> <\/strong><span style=\"color: #ff6600;\"><strong>Centenario de Augusto Roa Bastos<\/strong><\/span><\/p>\n<p style=\"text-align: justify;\"><strong> <\/strong><\/p>\n<p style=\"text-align: justify;\">&nbsp;<\/p>\n<p style=\"text-align: justify;\"><strong>CONGRESO INTERNACIONAL CENTENARIO AUGUSTO ROA BASTOS<\/strong><\/p>\n<p style=\"text-align: justify;\"><strong>ASUNCI\u00d3N &#8211; 6 AL 8 DE JUNIO 2017<\/strong><\/p>\n<div style=\"text-align: justify;\">Avenida Rep\u00fablica y Alberd &#8211; Asunci\u00f3n, Paraguay &#8211; Cel. +595971 304544<br \/>\nE-Mail: congresoroabastos@gmail.com &#8211; Asunci\u00f3n del Paraguay<\/div>\n<p style=\"text-align: justify;\">La Comisi\u00f3n Nacional de Conmemoraci\u00f3n del Centenario de Augusto Roa Bastos, la Asociaci\u00f3n de Historiadores de Am\u00e9rica Latina y el Caribe (ADHILAC), la Academia Paraguaya de la Lengua Espa\u00f1ola, la Academia Paraguaya de Historia, la Academia de la Lengua Guaran\u00ed, la Organizaci\u00f3n de Estados Iberoamericanos\u00a0y la Multisectorial del libro, integradas por m\u00faltiples organizaciones culturales del Paraguay, convocan al<\/p>\n<p><strong>CONGRESO INTERNACIONAL DE LITERATURA<\/strong><br \/>\n<strong>\u201cROA ENTRE LA HISTORIA Y LA LITERATURA\u201d<!--more--><\/strong><\/p>\n<p style=\"text-align: justify;\">A llevarse a cabo los d\u00edas 6 al 8 de junio de 2017 en la ciudad de Asunci\u00f3n (Paraguay), con el objetivo de reunir a escritores e intelectuales de diferentes partes del mundo para estudiar la obra multifac\u00e9tica del narrador, poeta, ensayista, guionista de cine, periodista, conferencista, catedr\u00e1tico y eterno luchador por la democracia y la defensa de los Derechos Humanos.<\/p>\n<p style=\"text-align: justify;\">Este congreso Internacional forma parte de las actividades que realiza la Comisi\u00f3n Nacional de Conmemoraci\u00f3n del Centenario de Augusto Roa Bastos durante todo el a\u00f1o 2017 para honrar al insigne paraguayo, considerado como el mayor escritor de este pa\u00eds y uno de los grandes de la literatura del siglo XX en toda nuestra Am\u00e9rica, ganador del Premio Cervantes en 1989, con una prol\u00edfica obra traducida a m\u00e1s 25 lenguas.<\/p>\n<p style=\"text-align: justify;\">Para este fin se establecen los siguientes ejes y mesas de trabajo, donde recibir\u00e1n las ponencias para su an\u00e1lisis y aceptaci\u00f3n.<\/p>\n<\/div>\n<p style=\"text-align: justify;\">&nbsp;<\/p>\n<p style=\"text-align: justify;\"><strong>TE<\/strong><strong>M<\/strong><strong>AS PROPUESTOS: <\/strong><\/p>\n<p style=\"padding-left: 30px; text-align: justify;\">&#8211; Historia y Literatura<\/p>\n<p style=\"padding-left: 30px; text-align: justify;\">&#8211; Roa y la Literatura Latinoamericana.<\/p>\n<p style=\"padding-left: 30px; text-align: justify;\">&#8211; La ling\u00fc\u00edstica a trav\u00e9s de la obra de Roa.<\/p>\n<p style=\"padding-left: 30px; text-align: justify;\">&#8211; La imagen de la mujer en el pensamiento de Roa.<\/p>\n<p style=\"padding-left: 30px; text-align: justify;\">&#8211; Roa un adelantado ecologista.<\/p>\n<p style=\"padding-left: 30px; text-align: justify;\">&#8211; Roa en la palabra y en la mirada de sus contempor\u00e1neos.<\/p>\n<p style=\"padding-left: 30px; text-align: justify;\">&#8211; La libertad y la Justicia social en la obra de Roa.<\/p>\n<p style=\"padding-left: 30px; text-align: justify;\">&#8211; Roa y los derechos de las \u201cculturas condenadas\u201d.<\/p>\n<p style=\"padding-left: 30px; text-align: justify;\">&#8211; An\u00e1lisis y reflexiones te\u00f3ricas y de m\u00e9todos: texto literario y texto hist\u00f3rico.<\/p>\n<p style=\"padding-left: 30px; text-align: justify;\">&#8211; El contexto hist\u00f3rico y las tradiciones literarias. Distintas visiones y perspectivas de g\u00e9nero, raza,tiempo, lugar, etc.<\/p>\n<p style=\"padding-left: 30px; text-align: justify;\">&#8211; El tema de las dictaduras latinoamericanas en la historia y la literatura.<\/p>\n<p style=\"padding-left: 30px; text-align: justify;\">&#8211; La independencia y otros temas y periodos de la historia continental y su reflejo en la literatura.<\/p>\n<p style=\"padding-left: 30px; text-align: justify;\">&#8211; La Memoria hist\u00f3rica y el rescate y preservaci\u00f3n del patrimonio literario.<\/p>\n<p style=\"padding-left: 30px; text-align: justify;\">&#8211; Historias de vida y cr\u00edticas de obras literarias.<\/p>\n<p style=\"padding-left: 30px; text-align: justify;\">&#8211; Promoci\u00f3n y divulgaci\u00f3n de los hechos hist\u00f3ricos y los textos literarios.<\/p>\n<p style=\"padding-left: 30px; text-align: justify;\">&#8211; Historia e Historiograf\u00eda de la literatura.<\/p>\n<p style=\"padding-left: 30px; text-align: justify;\">&#8211; Fuentes, fondos y archivos para la reconstrucci\u00f3n de la historia literaria latinoamericana y caribe\u00f1a.<\/p>\n<p style=\"text-align: justify;\">&nbsp;<\/p>\n<p style=\"text-align: justify;\"><strong>P<\/strong><strong>l<\/strong><strong>a<\/strong><strong>z<\/strong><strong>os y Requerimientos<\/strong><\/p>\n<p style=\"text-align: justify;\">La recepci\u00f3n de las ponencias estar\u00e1 abierta partir del 20 de febrero hasta el 15 de mayo de 2017. El correo electr\u00f3nico habilitado es: <a href=\"mailto:congresoroabastos@gmail.com\">congresoroabastos@gmail.com<\/a><br \/>\nLas mismas deben contener:<\/p>\n<p style=\"text-align: justify;\">Resumen de 500 palabras m\u00e1ximo. Extensi\u00f3n total de la ponencia no mayor de 20 p\u00e1ginas, formato Word, tipo de letra Arial, n\u00famero 12, regl\u00f3n 1.5, justificado, citas APA. Incluir sus ilustraciones, si existieran, en el mismo formato digital, con los cr\u00e9ditos correspondientes.<\/p>\n<p style=\"text-align: justify;\">Cada ponente dispondr\u00e1 de 20 minutos para hacer su presentaci\u00f3n en la fecha y hora asignada por el comit\u00e9 central del Congreso.<\/p>\n<p style=\"text-align: justify;\">&nbsp;<\/p>\n<p style=\"text-align: justify;\"><strong>METODOLOG\u00cdA<\/strong><\/p>\n<p style=\"text-align: justify;\">El Congreso se realizar\u00e1 con la modalidad de mesas tem\u00e1ticas con ponencias individuales, seguidas de una sesi\u00f3n de preguntas y comentarios de cada una. Tambi\u00e9n se realizar\u00e1n conferencias centrales a cargo de conferencistas invitados.<\/p>\n<p style=\"text-align: justify;\">&nbsp;<\/p>\n<p style=\"text-align: justify;\"><strong>PARTICIPACI\u00d3N<\/strong><\/p>\n<p style=\"text-align: justify;\">Los interesados, tambi\u00e9n podr\u00e1n proponer mesas tem\u00e1ticas o enviar ponencias individuales. Las mesas tem\u00e1ticas deber\u00e1n contar con un m\u00ednimo de tres ponencias y un m\u00e1ximo de cinco, y los res\u00famenes ser\u00e1n evaluados individualmente.<\/p>\n<p style=\"text-align: justify;\">Para participar como ponente en el evento los interesados deben enviar una propuesta de ponencia en idioma espa\u00f1ol a la siguiente direcci\u00f3n de correo electr\u00f3nico:<\/p>\n<p><a href=\"mailto:congresoroabastos@gmail.com\">congresoroabastos@gmail.com<\/a><\/p>\n<p style=\"text-align: justify;\">La propuesta debe contener la siguiente informaci\u00f3n<\/p>\n<div style=\"text-align: justify;\">\n<p>&nbsp;<\/p>\n<p style=\"padding-left: 30px;\">&#8211;\u00a0\u00a0\u00a0 Datos personales (nombre y apellido, direcci\u00f3n postal y correo electr\u00f3nico)<br \/>\n&#8211;\u00a0\u00a0\u00a0 Datos profesionales (grado acad\u00e9mico y pertenencia institucional)<br \/>\n&#8211; \u00a0 \u00a0T\u00edtulo de la ponencia, mesa tem\u00e1tica elegida, y un resumen de hasta 500 palabras, que se recibir\u00e1 hasta <strong>el 8 de abril 2017<\/strong><\/p>\n<p>&nbsp;<\/p>\n<p>Las cartas de aceptaci\u00f3n de ponencias ser\u00e1n enviadas por los coordinadores del evento hasta el <strong>20 de mayo de 2017 <\/strong>y la programaci\u00f3n definitiva saldr\u00e1 el <strong>25 de mayo de 2017<\/strong>.<\/p>\n<p>&nbsp;<\/p>\n<p><strong>Correo institucional, Facebook, Coordinadores institucionales<\/strong><\/p>\n<p>&nbsp;<\/p>\n<p>Fernando Griffith, Ministro de Cultura<\/p>\n<p>Margarita Morselli, directora del Centro Cultural \u201cCabildo\u201d<\/p>\n<p>Dr. Sergio Guerra, Presidente ADHILAC<\/p>\n<p>&nbsp;<\/p>\n<p><strong>Coordinaci\u00f3n General<\/strong><br \/>\nSra. Margarita Morselli<br \/>\n<strong> <\/strong><\/p>\n<p>&nbsp;<\/p>\n<p><strong>Coordinaci\u00f3n Acad\u00e9mica<\/strong><br \/>\nDr. V\u00edctor-Jacinto Flecha, Dra. Mari Monte de L\u00f3pez Moreira, Lic. Ana Martini<\/p>\n<p><strong>I<\/strong><strong>n<\/strong><strong>f<\/strong><strong>o<\/strong><strong>r<\/strong><strong>m<\/strong><strong>aci\u00f3n e inscripciones<\/strong><\/p>\n<p><a href=\"mailto:congresoroabastos@gmail.com\">congresoroabastos@gmail.com<\/a><\/p>\n<p><span style=\"text-decoration: underline;\">V\u00edctor-jacinto Flecha:<\/span> +595971304544 \/ +59521905608<\/p>\n<\/div>\n<p style=\"text-align: justify;\">&nbsp;<\/p>\n<div style=\"text-align: justify;\">\n<p><strong>AUGUSTO ROA BASTOS<\/strong><\/p>\n<p>&nbsp;<\/p>\n<p>La vida de <strong>Augusto Jos\u00e9 Antonio Roa Bastos <\/strong>estuvo muy entrelazada a los avatares de su patria, terriblemente enfrentada entre los buscadores de la libertad y los que la enterraban. Esta dimensi\u00f3n de tragedia que traspasa enteramente la historia contempor\u00e1nea paraguaya sign\u00f3 la vida y la obra de Augusto. Naci\u00f3 en 1917, cuando la patria iba recuper\u00e1ndose, de alguna forma, de la inmolaci\u00f3n que le signific\u00f3 la Guerra de exterminio de la Triple Alianza (1964-1870) en el que casi desapareci\u00f3 el pa\u00eds. \u00a0Otra guerra internacional la del Chaco (1932-1935) en que se enfrentaron dos pueblos hermanos, Paraguay y Bolivia, la vivi\u00f3 de cerca participando de ella, siendo todav\u00eda un adolescente, viviendo los avatares de los combatientes, sufrimientos que le imprimir\u00edan el alma por el resto de sus d\u00edas y que aflor\u00f3 en varias de sus obras. Como periodista del diario El Pa\u00eds, en los primeros a\u00f1os de la d\u00e9cada de 1940, public\u00f3 sus investigaciones sobre la explotaci\u00f3n de semiesclavitud a la que eran sometidos los obreros de obrajes en esa \u00e9poca, que luego traslucir\u00eda en su obra de ficci\u00f3n. \u00a0A\u00fan antes de terminar la segunda guerra mundial, invitado por la BBC de Londres, viaj\u00f3 a Inglaterra en barco de carga que part\u00eda de Chile, a donde lleg\u00f3 Roa por tierra, cruzando la cordillera de los Andes. En Londres dict\u00f3 conferencias sobre Am\u00e9rica Latina y Literatura y se le brind\u00f3 la oportunidad de realizar reportajes a primeras figuras de la resistencia y de la intelectualidad democr\u00e1tica, entre ellas a Charles De Gaulle, Paul Casals y Luis Cernuda. A su regres\u00f3 public\u00f3 \u201cLa Inglaterra que yo vi\u201d.<\/p>\n<p>Dada su destacada actuaci\u00f3n, como periodista, en defensa de la democracia fue perseguido por sectores fascistoides de la \u00e9poca. \u00a0Tuvo que ganar el exilio para salvar su vida. La hecatombe de la Guerra Civil de 1947, producida poco despu\u00e9s, marc\u00f3 su vida y lo dej\u00f3 allende nuestras fronteras por d\u00e9cadas. S\u00f3lo pudo recuperar enteramente su patria en su ancianidad, cuando los signos democr\u00e1ticos por los que tanto luch\u00f3 empezaban a hacerse realidad en el pa\u00eds.<\/p>\n<p>Entre el destierro de Augusto Roa Bastos, signado por la violencia, por el desprecio bestial al ser humano, por elapocamiento y el absolutismo del poder; y su regreso triunfal en 1989, cuando fue derrotada la m\u00e1s larga dictaduramilitar en Am\u00e9rica Latina, separa un abismo.<\/p>\n<p>En efecto, el regreso del m\u00e1s universal de los paraguayos, a nuestro\/su pa\u00eds tuvo connotaciones \u00e9picas. Se viv\u00edala euforia del paso de la dictadura a la democracia y nuestra sociedad estaba deseosa de demostrar su solidaridad ysu homenaje a todos sus miembros que fueron expulsados y obligados por la dictadura a vivir por d\u00e9cadas fuera deella. La gente, el pueblo lo convirti\u00f3 en un icono positivo.<\/p>\n<p>El gobierno nacional posdictatorial le ofreci\u00f3 puestos como el de Ministro de Educaci\u00f3n y Cultura o embajadorde nuestro pa\u00eds ante la UNESCO pero \u00e9l, fiel a su coherencia de vida, austera y dedicada a su obra, no acept\u00f3. Fuecondecorado por el Gobierno Nacional con la Orden Nacional al M\u00e9rito. Roa Bastos, un augusto que por el peso desu sola persona, ocupa un lugar estelar, sin lugar a dudas, entre las figuras que buscaron denodadamente el imperiode la libertad y la justicia social para su patria y constituye una figura estelar positiva de la patria paraguaya y laamericana.<br \/>\n<strong>SUS OBRAS<\/strong>:<br \/>\nPOES\u00cdA: <em>El Naranjal Ardiente<\/em>, <em>El Ruise\u00f1or de la Aurora.<\/em><br \/>\nCUENTOS: <em>El Trueno Entre las Hojas<\/em>, <em>El Bald\u00edo<\/em>, <em>Moriencia;<\/em><\/p>\n<p>CUENTOS PARA NI\u00d1OS: <em>El Pollito de Fuego<\/em>, <em>Carolina y Gaspar<\/em>,<em> Los Juegos<\/em>;<br \/>\nNOVELAS: <em>Hijo de Hombre<\/em>, <em>Yo El Supremo<\/em>, <em>Vigilia del Almirante<\/em>, <em>Madama Sui<\/em>, <em>Contravida<\/em>.<\/p>\n<\/div>\n<p style=\"text-align: justify;\">&nbsp;<\/p>\n<p style=\"text-align: justify;\">&nbsp;<\/p>\n<p style=\"text-align: justify;\">Obtenga aqu\u00ed la convocatoria:<\/p>\n<p style=\"text-align: justify;\"><a href=\"https:\/\/adhilac.com.ar\/wp-content\/uploads\/2017\/03\/CONVOCATORIA-FINAL-CONGRESO-INTERNACIONAL.pdf\">CONVOCATORIA FINAL CONGRESO INTERNACIONAL Centenario Roa Bastos<\/a><\/p>\n<p style=\"text-align: justify;\">&nbsp;<\/p>\n<p><strong>Publicado por ADHILAC Internacional \u00a9 www.adhilac.com.ar<\/strong><\/p>\n<p>Si Ud. desea asociarse de acuerdo a los Estatutos de ADHILAC\u00a0<a title=\"(ver)\" href=\"https:\/\/adhilac.com.ar\/?page_id=263\">(ver)<\/a> complete el siguiente formulario\u00a0<a title=\"(ver)\" href=\"https:\/\/adhilac.com.ar\/?page_id=3194\">(ver)<\/a><\/p>\n<p>E-mail: info@adhilac.com.ar<strong> <\/strong><\/p>\n<p>Twitter: @AdhilacInfo<\/p>\n","protected":false},"excerpt":{"rendered":"<p>COMISI\u00d3N NACIONAL DE CONMEMORACI\u00d3N DEL CENTENARIO Centenario de Augusto Roa Bastos &nbsp; CONGRESO INTERNACIONAL CENTENARIO AUGUSTO ROA BASTOS ASUNCI\u00d3N &#8211; 6 AL 8 DE JUNIO 2017 Avenida Rep\u00fablica y Alberd &#8211; Asunci\u00f3n, Paraguay &#8211; Cel. +595971 304544 E-Mail: congresoroabastos@gmail.com &#8211; Asunci\u00f3n del Paraguay La Comisi\u00f3n Nacional de Conmemoraci\u00f3n del Centenario de Augusto Roa Bastos, la [&hellip;]<\/p>\n","protected":false},"author":2,"featured_media":0,"comment_status":"closed","ping_status":"closed","sticky":false,"template":"","format":"standard","meta":{"_crdt_document":"","footnotes":""},"categories":[3,5],"tags":[342,268],"class_list":["post-12599","post","type-post","status-publish","format-standard","hentry","category-adhilac-inter","category-congresos","tag-historia-americana","tag-literatura"],"_links":{"self":[{"href":"https:\/\/adhilac.com.ar\/index.php?rest_route=\/wp\/v2\/posts\/12599","targetHints":{"allow":["GET"]}}],"collection":[{"href":"https:\/\/adhilac.com.ar\/index.php?rest_route=\/wp\/v2\/posts"}],"about":[{"href":"https:\/\/adhilac.com.ar\/index.php?rest_route=\/wp\/v2\/types\/post"}],"author":[{"embeddable":true,"href":"https:\/\/adhilac.com.ar\/index.php?rest_route=\/wp\/v2\/users\/2"}],"replies":[{"embeddable":true,"href":"https:\/\/adhilac.com.ar\/index.php?rest_route=%2Fwp%2Fv2%2Fcomments&post=12599"}],"version-history":[{"count":16,"href":"https:\/\/adhilac.com.ar\/index.php?rest_route=\/wp\/v2\/posts\/12599\/revisions"}],"predecessor-version":[{"id":12902,"href":"https:\/\/adhilac.com.ar\/index.php?rest_route=\/wp\/v2\/posts\/12599\/revisions\/12902"}],"wp:attachment":[{"href":"https:\/\/adhilac.com.ar\/index.php?rest_route=%2Fwp%2Fv2%2Fmedia&parent=12599"}],"wp:term":[{"taxonomy":"category","embeddable":true,"href":"https:\/\/adhilac.com.ar\/index.php?rest_route=%2Fwp%2Fv2%2Fcategories&post=12599"},{"taxonomy":"post_tag","embeddable":true,"href":"https:\/\/adhilac.com.ar\/index.php?rest_route=%2Fwp%2Fv2%2Ftags&post=12599"}],"curies":[{"name":"wp","href":"https:\/\/api.w.org\/{rel}","templated":true}]}}