{"id":12607,"date":"2017-03-01T17:21:02","date_gmt":"2017-03-01T20:21:02","guid":{"rendered":"https:\/\/adhilac.com.ar\/?p=12607"},"modified":"2017-03-02T12:45:36","modified_gmt":"2017-03-02T15:45:36","slug":"legados-historicos-en-comparacion-cuba-puerto-rico-filipinas-la-habana-7-y-8-de-marzo-de-2017","status":"publish","type":"post","link":"https:\/\/adhilac.com.ar\/?p=12607","title":{"rendered":"Legados Hist\u00f3ricos en Comparaci\u00f3n. Cuba, Puerto Rico, Filipinas. La Habana 7 y 8 de marzo de 2017"},"content":{"rendered":"<h3 style=\"text-align: right;\"><span style=\"color: #339966;\"><a href=\"https:\/\/adhilac.com.ar\/wp-content\/uploads\/2017\/02\/lega-hist.jpg\"><img loading=\"lazy\" decoding=\"async\" class=\"alignleft size-full wp-image-12613\" title=\"lega-hist\" src=\"https:\/\/adhilac.com.ar\/wp-content\/uploads\/2017\/02\/lega-hist.jpg\" alt=\"\" width=\"197\" height=\"408\" srcset=\"https:\/\/adhilac.com.ar\/wp-content\/uploads\/2017\/02\/lega-hist.jpg 915w, https:\/\/adhilac.com.ar\/wp-content\/uploads\/2017\/02\/lega-hist-145x300.jpg 145w, https:\/\/adhilac.com.ar\/wp-content\/uploads\/2017\/02\/lega-hist-495x1024.jpg 495w\" sizes=\"auto, (max-width: 197px) 100vw, 197px\" \/><\/a>\u00bfCu\u00e1nta Historia puede soportar el poscolonialismo?<\/span><\/h3>\n<p style=\"text-align: right;\">&nbsp;<\/p>\n<p style=\"text-align: right;\"><strong>Legados Hist\u00f3ricos en Comparaci\u00f3n. Cuba, Puerto Rico, Filipinas <\/strong><strong>\u00bfCu\u00e1nta Historia puede soportar el poscolonialismo?<\/strong><\/p>\n<div>\n<p style=\"text-align: right;\">La Habana, del 7 al 11 de marzo, 2017<\/p>\n<p style=\"text-align: right;\">COLEGIO DE SAN GERONIMO DE LA HABANA<\/p>\n<p style=\"text-align: right;\">Obispo 154, entre Mercaderes y San Ignacio<\/p>\n<p style=\"text-align: right;\"><a href=\"https:\/\/adhilac.com.ar\/wp-content\/uploads\/2017\/02\/legados-historicos.pdf\">PROGRAMA &#8211; TRIPTICO<\/a><\/p>\n<p style=\"text-align: right;\"><a href=\"https:\/\/adhilac.com.ar\/wp-content\/uploads\/2017\/02\/Legados-Historicos-en-comparacion-Cuba_PtoRico-Filipinas.pdf\">PROGRAMA COMPLETO<\/a><\/p>\n<p style=\"text-align: right;\"><!--more--><\/p>\n<p><strong> <\/strong><\/p>\n<p style=\"text-align: justify;\"><strong>PROGRAMA<\/strong><\/p>\n<div><strong>Ma<\/strong><strong>r<\/strong><strong>tes, 7 de marzo<\/strong><br \/>\n<strong>Llegada de participantes<\/strong><\/div>\n<div><strong> <\/strong><strong>7<\/strong><strong>: 00pm \u00a0 \u00a0CENA INAUGURAL. Santo \u00c1ngel, Plaza Vieja<\/strong><\/div>\n<p style=\"text-align: justify;\">&nbsp;<\/p>\n<\/div>\n<div style=\"text-align: justify;\"><strong>M<\/strong><strong>i<\/strong><strong>\u00e9<\/strong><strong>rc<\/strong><strong>o<\/strong><strong>l<\/strong><strong>e<\/strong><strong>s, 8 de marzo<\/strong><br \/>\n<strong>Aula Magna Colegio Universitario de San Ger\u00f3nimo<\/strong><br \/>\n<strong>9<\/strong><strong>:<\/strong><strong>0<\/strong><strong>0 am\u20149:15am \u00a0Caf\u00e9 e Inscripci\u00f3n de participantes<\/strong><\/div>\n<div style=\"text-align: justify;\">\n<p>&nbsp;<\/p>\n<p><strong>Apertura de la Conferencia<\/strong>:<\/p>\n<p>&nbsp;<\/p>\n<p>Eusebio Leal Spengler, Oficina del Historiador de la Ciudad de La Habana<br \/>\nErnel Gonz\u00e1lez Mastrapa, Universidad de La Habana Eduardo Torres Cuevas, Academia de la Historia de Cuba Thomas Suerman, Fundaci\u00f3n Thyssen<br \/>\nSergio Guerra Vilaboy, ADHILAC<br \/>\nHans-J\u00fcrgen Burchardt, Universidad de Kassel<br \/>\nMichael Zeuske, Universidad de Colonia<\/p>\n<p><strong>10<\/strong><strong>:<\/strong><strong>3<\/strong><strong>0<\/strong><strong>\u2014<\/strong><strong>1<\/strong><strong>1<\/strong><strong>:<\/strong><strong>0<\/strong><strong>0<\/strong><strong>a<\/strong><strong>m \u00a0 Caf\u00e9<\/strong><\/p>\n<p>&nbsp;<\/p>\n<div style=\"text-align: justify;\"><strong>11<\/strong><strong>:<\/strong><strong>0<\/strong><strong>0<\/strong><strong>a<\/strong><strong>m<\/strong><strong>\u2014<\/strong><strong>12<\/strong><strong>:<\/strong><strong>0<\/strong><strong>0<\/strong><strong>p<\/strong><strong>m \u00a0Conferencia Inaugural:<\/strong><\/div>\n<div style=\"text-align: justify;\"><strong> <\/strong><br \/>\n<em>D<\/em><em>e archipi\u00e9lagos e imperios: las Filipinas y el Caribe Hisp\u00e1nico en el sistema transoce\u00e1nico<\/em><br \/>\nEugenio Matibag, Iowa State University<\/div>\n<p>&nbsp;<\/p>\n<p><strong>12<\/strong><strong>:<\/strong><strong>0<\/strong><strong>0m<\/strong><strong>\u2014<\/strong><strong>2<\/strong><strong>:<\/strong><strong>0<\/strong><strong>0<\/strong><strong>p<\/strong><strong>m \u00a0Almuerzo \u00a0La Dominica \u2013Mercaderes y O\u2019Reilly<\/strong><\/p>\n<p>&nbsp;<\/p>\n<\/div>\n<div style=\"text-align: justify;\"><strong>2<\/strong><strong>:<\/strong><strong>00<\/strong><strong>p<\/strong><strong>m<\/strong><strong>\u2014<\/strong><strong>4<\/strong><strong>:<\/strong><strong>0<\/strong><strong>0<\/strong><strong>p<\/strong><strong>m \u00a0 \u00a0Sesi\u00f3n de la tarde: Legados hist\u00f3ricos y estructuras actuales<\/strong><\/div>\n<div style=\"text-align: justify;\"><strong> <\/strong><br \/>\n<em>L<\/em><em>egados hist\u00f3ricos en comparaci\u00f3n: Cuba, Puerto Rico y Filipinas<\/em><br \/>\nMichael Zeuske, Universidad de Colonia (25 min)<\/div>\n<div style=\"text-align: justify;\"><em>Formas de propiedad y estructuras agrarias en el Caribe durante la \u00e9poca colonial<\/em><br \/>\nComentario: Oscar Zanetti, Academia de la Historia de Cuba (15 min)<\/div>\n<p style=\"text-align: justify;\">&nbsp;<\/p>\n<div style=\"text-align: justify;\">\n<p><strong>C<\/strong><strong>o<\/strong><strong>ffee Break (10 min)<\/strong><\/p>\n<div style=\"text-align: justify;\"><em>D<\/em><em>esarrollo industrial y servicios en el Caribe contempor\u00e1neo<\/em><em><br \/>\n<\/em><span style=\"font-style: italic;\">Hiram Marquetti, Universidad de La Habana (25 min)<\/span><\/div>\n<div style=\"text-align: justify;\"><span style=\"font-style: italic;\"><br \/>\n<\/span><\/div>\n<div style=\"text-align: justify;\"><em>Implicaciones sociales del desarrollo econ\u00f3mico<\/em><br \/>\nComentario: Angela Pe\u00f1a, Universidad de La Habana (15 min)<\/div>\n<div style=\"text-align: justify;\"><em>Cometarios y Conclusiones <\/em>(20 min)<br \/>\nHans-J\u00fcrgen Burchardt, Universidad de Kassel<br \/>\nSergio Guerra Vilaboy, ADHILAC<\/div>\n<p>&nbsp;<\/p>\n<p><strong>Debate (10 min)<\/strong><\/p>\n<p>&nbsp;<\/p>\n<p><strong>Jue<\/strong><strong>v<\/strong><strong>e<\/strong><strong>s, 9 de marzo<\/strong><\/p>\n<p>&nbsp;<\/p>\n<p><strong>9<\/strong><strong>:<\/strong><strong>00<\/strong><strong>a<\/strong><strong>m<\/strong><strong>\u2014<\/strong><strong>9<\/strong><strong>:<\/strong><strong>3<\/strong><strong>0<\/strong><strong>a<\/strong><strong>m \u00a0Caf\u00e9<\/strong><\/p>\n<p>&nbsp;<\/p>\n<p><strong>9<\/strong><strong>:<\/strong><strong>30<\/strong><strong>a<\/strong><strong>m<\/strong><strong>&#8211;<\/strong><strong>11<\/strong><strong>:<\/strong><strong>30<\/strong><strong>a<\/strong><strong>m \u00a0Sesi\u00f3n de la ma\u00f1ana: las \u00e9lites a nivel local, regional y nacional<\/strong><\/p>\n<p>&nbsp;<\/p>\n<p><em> 1<\/em><em>8<\/em><em>9<\/em><em>8<\/em><em>: Batallas Geo-Pol\u00edticas y Combates Ideol\u00f3gicos: Occidentalismos en <\/em><em>Contienda y Latinoamericanismos en Disputa<\/em><em><br \/>\n<\/em> Agust\u00edn Lao-Montes, Universidad de Massachusetts\/ Amherst (25 min)<\/p>\n<p><em> El rol de las \u00e9lites religiosas en la colonizaci\u00f3n espa\u00f1ola<\/em><br \/>\nComentario: Edelberto Leiva, Universidad de La Habana (15 min)<\/p>\n<p style=\"padding-left: 30px;\">&nbsp;<\/p>\n<p><strong>C<\/strong><strong>o<\/strong><strong>ffee Break (10 min)<\/strong><\/p>\n<p>&nbsp;<\/p>\n<p><em> Elites a nivel local y nacional en el Caribe durante la \u00e9poca colonial<\/em><br \/>\nMar\u00eda del Carmen Barcia, Universidad de La Habana (25 min)<\/p>\n<p><em> Pr<\/em><em>opiedad urbana, subjetividades de desarrollo y pol\u00edtica popular en las <\/em><em>Filipina<\/em><em>s y en Am\u00e9rica Latina<\/em><br \/>\nCristina Cielo, FLACSO, Ecuador (25 min)<\/p>\n<\/div>\n<div style=\"text-align: justify;\"><em> Comentarios y conclusiones <\/em>(10 min) Michael Zeuske, Universidad de Colonia<br \/>\nHans-J\u00fcrgen Burchardt, Universidad de Kassel<\/div>\n<div style=\"text-align: justify;\"><strong>Debate (10 min<\/strong>)<\/div>\n<div style=\"text-align: justify;\">\n<p>&nbsp;<\/p>\n<p><strong>12<\/strong><strong>:<\/strong><strong>0<\/strong><strong>0m<\/strong><strong>\u2014<\/strong><strong>2<\/strong><strong>:<\/strong><strong>0<\/strong><strong>0<\/strong><strong>p<\/strong><strong>m \u00a0 Almuerzo \u00a0Conde de Villanueva \u2013Mercaderes y Lamparilla<\/strong><\/p>\n<p>&nbsp;<\/p>\n<p><strong>2<\/strong><strong>:<\/strong><strong>00<\/strong><strong>p<\/strong><strong>m<\/strong><strong>\u2014<\/strong><strong>4<\/strong><strong>:<\/strong><strong>0<\/strong><strong>0<\/strong><strong>p<\/strong><strong>m \u00a0Sesi\u00f3n de la tarde: Estructuras sociales y desigualdades<\/strong><\/p>\n<p>&nbsp;<\/p>\n<p><em> D<\/em><em>esigualdades sociales en las sociedades poscoloniales contempor\u00e1neas<\/em><br \/>\nMayra Espina, Oficina de Cooperaci\u00f3n Suiza en Cuba (25 min)<\/p>\n<div style=\"text-align: justify;\"><em> D<\/em><em>el imperio colonial a las negociaciones<\/em><em><br \/>\n<\/em><span style=\"font-style: italic;\"> Comentario: Alejandro Garc\u00eda, Academia de la Historia de Cuba (15 min)<\/span><\/div>\n<div style=\"text-align: justify;\"><span style=\"font-style: italic;\"><br \/>\n<\/span><\/div>\n<p><strong>C<\/strong><strong>o<\/strong><strong>ffee Break (10 min)<\/strong><\/p>\n<p>&nbsp;<\/p>\n<p><em> L<\/em><em>a estructura social en Espa\u00f1a colonial en comparaci\u00f3n hist\u00f3rica<\/em><br \/>\nMildred de la Torre, Instituto de Historia de Cuba (25 min)<\/p>\n<p><em> D<\/em><em>esigualdades sociales en el Caribe contempor\u00e1neo<\/em><br \/>\nComentario: Rebeca Ramos, Universidad de La Habana (15 min)<\/p>\n<p><em> Comentarios y conclusiones <\/em>(20 min) Michael Zeuske, Universidad de Colonia<br \/>\nHans-J\u00fcrgen Burchardt, Universidad de Kassel<br \/>\n<strong>Debate (10 min) Viernes, 10 de marzo<\/strong><\/p>\n<p><strong>9<\/strong><strong>:<\/strong><strong>00<\/strong><strong>a<\/strong><strong>m<\/strong><strong>\u2014<\/strong><strong>9<\/strong><strong>:<\/strong><strong>3<\/strong><strong>0<\/strong><strong>a<\/strong><strong>m \u00a0 Caf\u00e9<\/strong><\/p>\n<\/div>\n<p style=\"text-align: justify;\"><strong>9<\/strong><strong>:<\/strong><strong>30<\/strong><strong>a<\/strong><strong>m<\/strong><strong>\u2014<\/strong><strong>1<\/strong><strong>1<\/strong><strong>:<\/strong><strong>30<\/strong><strong>a<\/strong><strong>m \u00a0Sesi\u00f3n de la ma\u00f1ana: Transculturaci\u00f3n<\/strong><\/p>\n<p><em> Cuba y Puerto Rico son\u2026 y no son. Contrastes en la colonialidad de pa\u00edses <\/em><em>h<\/em><em>ermanos<\/em><br \/>\n\u00c1ngel Quintero Rivera, Universidad de Puerto Rico (25 min)<\/p>\n<p style=\"text-align: justify;\">&nbsp;<\/p>\n<p><em>L<\/em><em>a religi\u00f3n como una expresi\u00f3n contempor\u00e1nea en la transculturaci\u00f3n<\/em><\/p>\n<p><em> <\/em>Comentario: Ofelia P\u00e9rez, Centro de Investigaciones Psicol\u00f3gicas y Sociol\u00f3gicas (15 min)<\/p>\n<p>&nbsp;<\/p>\n<p style=\"text-align: justify;\"><strong>C<\/strong><strong>o<\/strong><strong>ffee Break (10 min)<\/strong><\/p>\n<p style=\"text-align: justify;\">&nbsp;<\/p>\n<p><em> L<\/em><em>a historia de las culturas pol\u00edticas en las Filipinas y en Cuba<\/em><\/p>\n<p><em> <\/em> Mar\u00eda Teresa Montes de Oca, \u00a0Universidad de La Habana (25 min)<\/p>\n<p>&nbsp;<\/p>\n<p style=\"text-align: justify;\"><em> M<\/em><em>igraci\u00f3n y transculturaci\u00f3n<\/em><\/p>\n<p style=\"text-align: justify;\">Comentario: Antonio Aja\u00a0 Unversidad de La Habana (15 min)<\/p>\n<p style=\"text-align: justify;\">&nbsp;<\/p>\n<p><em>Comentarios y conclusiones <\/em>(20 min) Sergio Guerra Vilaboy, ADHILAC<br \/>\nMichael Zeuske, Universidad de Colonia<\/p>\n<p style=\"text-align: justify;\">&nbsp;<\/p>\n<p style=\"text-align: justify;\"><strong>Debate (10 min)<\/strong><\/p>\n<p style=\"text-align: justify;\">&nbsp;<\/p>\n<p style=\"text-align: justify;\"><strong>12<\/strong><strong>:<\/strong><strong>0<\/strong><strong>0m<\/strong><strong>\u2014<\/strong><strong>2<\/strong><strong>:<\/strong><strong>0<\/strong><strong>0<\/strong><strong>p<\/strong><strong>m \u00a0Almuerzo \u00a0Ambos Mundos \u2013Obispo y Mercaderes<\/strong><\/p>\n<p style=\"text-align: justify;\">&nbsp;<\/p>\n<p style=\"text-align: justify;\"><strong>2<\/strong><strong>:<\/strong><strong>00<\/strong><strong>p<\/strong><strong>m<\/strong><strong>\u2014<\/strong><strong>3<\/strong><strong>:<\/strong><strong>0<\/strong><strong>0<\/strong><strong>p<\/strong><strong>m \u00a0 Mesa Redonda: \u00bfQu\u00e9 puede aprender el poscolonialismo de la comparaci\u00f3n?<\/strong><\/p>\n<p style=\"text-align: justify;\">&nbsp;<\/p>\n<p style=\"text-align: justify;\"><strong>3<\/strong><strong>:<\/strong><strong>30<\/strong><strong>p<\/strong><strong>m \u00a0Recepci\u00f3n de clausura<\/strong><\/p>\n<p style=\"text-align: justify;\">&nbsp;<\/p>\n<p style=\"text-align: justify;\"><strong>S\u00e1ba<\/strong><strong>d<\/strong><strong>o<\/strong><strong>, 11 de marzo<\/strong><\/p>\n<p style=\"text-align: justify;\">Partida de los participantes<\/p>\n<p style=\"text-align: justify;\">&nbsp;<\/p>\n<p><strong>Publicado por ADHILAC Internacional \u00a9 www.adhilac.com.ar<\/strong><\/p>\n<p>Si Ud. desea asociarse de acuerdo a los Estatutos de ADHILAC\u00a0<a title=\"(ver)\" href=\"https:\/\/adhilac.com.ar\/?page_id=263\">(ver)<\/a> complete el siguiente formulario\u00a0<a title=\"(ver)\" href=\"https:\/\/adhilac.com.ar\/?page_id=3194\">(ver)<\/a><\/p>\n<p>E-mail: info@adhilac.com.ar<strong> <\/strong><\/p>\n<p>Twitter: @AdhilacInfo<\/p>\n","protected":false},"excerpt":{"rendered":"<p>\u00bfCu\u00e1nta Historia puede soportar el poscolonialismo? &nbsp; Legados Hist\u00f3ricos en Comparaci\u00f3n. Cuba, Puerto Rico, Filipinas \u00bfCu\u00e1nta Historia puede soportar el poscolonialismo? La Habana, del 7 al 11 de marzo, 2017 COLEGIO DE SAN GERONIMO DE LA HABANA Obispo 154, entre Mercaderes y San Ignacio PROGRAMA &#8211; TRIPTICO PROGRAMA COMPLETO<\/p>\n","protected":false},"author":2,"featured_media":0,"comment_status":"closed","ping_status":"closed","sticky":false,"template":"","format":"standard","meta":{"_crdt_document":"","footnotes":""},"categories":[18,5,40],"tags":[63,763,212],"class_list":["post-12607","post","type-post","status-publish","format-standard","hentry","category-adhilac-cuba","category-congresos","category-informaciones","tag-cuba","tag-filipinas","tag-puerto-rico"],"_links":{"self":[{"href":"https:\/\/adhilac.com.ar\/index.php?rest_route=\/wp\/v2\/posts\/12607","targetHints":{"allow":["GET"]}}],"collection":[{"href":"https:\/\/adhilac.com.ar\/index.php?rest_route=\/wp\/v2\/posts"}],"about":[{"href":"https:\/\/adhilac.com.ar\/index.php?rest_route=\/wp\/v2\/types\/post"}],"author":[{"embeddable":true,"href":"https:\/\/adhilac.com.ar\/index.php?rest_route=\/wp\/v2\/users\/2"}],"replies":[{"embeddable":true,"href":"https:\/\/adhilac.com.ar\/index.php?rest_route=%2Fwp%2Fv2%2Fcomments&post=12607"}],"version-history":[{"count":8,"href":"https:\/\/adhilac.com.ar\/index.php?rest_route=\/wp\/v2\/posts\/12607\/revisions"}],"predecessor-version":[{"id":12620,"href":"https:\/\/adhilac.com.ar\/index.php?rest_route=\/wp\/v2\/posts\/12607\/revisions\/12620"}],"wp:attachment":[{"href":"https:\/\/adhilac.com.ar\/index.php?rest_route=%2Fwp%2Fv2%2Fmedia&parent=12607"}],"wp:term":[{"taxonomy":"category","embeddable":true,"href":"https:\/\/adhilac.com.ar\/index.php?rest_route=%2Fwp%2Fv2%2Fcategories&post=12607"},{"taxonomy":"post_tag","embeddable":true,"href":"https:\/\/adhilac.com.ar\/index.php?rest_route=%2Fwp%2Fv2%2Ftags&post=12607"}],"curies":[{"name":"wp","href":"https:\/\/api.w.org\/{rel}","templated":true}]}}