{"id":12625,"date":"2017-02-26T14:24:52","date_gmt":"2017-02-26T17:24:52","guid":{"rendered":"https:\/\/adhilac.com.ar\/?p=12625"},"modified":"2017-03-02T12:43:05","modified_gmt":"2017-03-02T15:43:05","slug":"cuaderno-de-resumenes-de-la-xv-semana-de-historia-del-depto-de-historia-puc-sp-2016","status":"publish","type":"post","link":"https:\/\/adhilac.com.ar\/?p=12625","title":{"rendered":"Cuaderno de Resumenes de la XV Semana de Historia del Depto de Historia PUC-SP. 2016"},"content":{"rendered":"<p><a href=\"https:\/\/adhilac.com.ar\/wp-content\/uploads\/2017\/02\/Ruptura-e-Continuidades-na-Dinamica-Latino-Americana-e-do-Caribe.jpg\"><img loading=\"lazy\" decoding=\"async\" class=\"size-full wp-image-12627 alignleft\" title=\"Ruptura e Continuidades na Dinamica Latino-Americana e do Caribe\" src=\"https:\/\/adhilac.com.ar\/wp-content\/uploads\/2017\/02\/Ruptura-e-Continuidades-na-Dinamica-Latino-Americana-e-do-Caribe.jpg\" alt=\"\" width=\"269\" height=\"325\" srcset=\"https:\/\/adhilac.com.ar\/wp-content\/uploads\/2017\/02\/Ruptura-e-Continuidades-na-Dinamica-Latino-Americana-e-do-Caribe.jpg 525w, https:\/\/adhilac.com.ar\/wp-content\/uploads\/2017\/02\/Ruptura-e-Continuidades-na-Dinamica-Latino-Americana-e-do-Caribe-248x300.jpg 248w\" sizes=\"auto, (max-width: 269px) 100vw, 269px\" \/><\/a><span style=\"color: #339966;\"> <\/span><\/p>\n<h3 style=\"text-align: justify;\"><span style=\"color: #339966;\">RUPTURAS E CONTINUIDADES NA DIN\u00c2MICA LATINO-AMERICANA E DO CARIBE: AT\u00c9 O S\u00c9CULO XXIII <\/span><\/h3>\n<p style=\"text-align: center;\"><strong>III COLOQUIO INTERNACIONA DA ADHILAC-BRASIL<\/strong><\/p>\n<h3 style=\"text-align: center;\"><strong> <\/strong><br \/>\n<a href=\"https:\/\/adhilac.com.ar\/wp-content\/uploads\/2017\/02\/Caderno-Resumos-2016.pdf\">Caderno Resumos 2016<\/a><br \/>\n<!--more--><\/h3>\n<p style=\"text-align: justify;\">\nXV SEMANA DE HIST\u00d3RIA DO DEPARTAMENTO DEHIST\u00d3RIA DA PUC-SP<br \/>\nIII COL\u00d3QUIO INTERNACIONAL DA ADHILAC-BRASIL<\/p>\n<p style=\"text-align: justify;\">\nIII CONGRESSO INTERNACIONAL DE HIST\u00d3RIA E LITERATURA LATINOAMERICANA E CARIBENHA<\/p>\n<p style=\"text-align: justify;\">\nCOL\u00d3QUIO: REVOLU\u00c7\u00c3O SOCIAL E CONTRARREVOLU\u00c7\u00c3ONA ESPANHA \u2013 80 ANOS DA GUERRA CIVIL<\/p>\n<p style=\"text-align: justify;\">\nS\u00e3o Paulo 07 a 11 de novembro de 2016<\/p>\n<p style=\"text-align: justify;\">Lea el documento en pdf :<\/p>\n<h3><a href=\"https:\/\/adhilac.com.ar\/wp-content\/uploads\/2017\/02\/Caderno-Resumos-2016.pdf\">Caderno Resumos 2016<\/a><\/h3>\n<p><strong>Publicado por ADHILAC Internacional \u00a9 www.adhilac.com.ar<\/strong><\/p>\n<p>Si Ud. desea asociarse de acuerdo a los Estatutos de ADHILAC\u00a0<a title=\"(ver)\" href=\"https:\/\/adhilac.com.ar\/?page_id=263\">(ver)<\/a> complete el siguiente formulario\u00a0<a title=\"(ver)\" href=\"https:\/\/adhilac.com.ar\/?page_id=3194\">(ver)<\/a><\/p>\n<p>E-mail: info@adhilac.com.ar<strong> <\/strong><\/p>\n<p>Twitter: @AdhilacInfo<\/p>\n<div><\/div>\n<p>&nbsp;<\/p>\n","protected":false},"excerpt":{"rendered":"<p>RUPTURAS E CONTINUIDADES NA DIN\u00c2MICA LATINO-AMERICANA E DO CARIBE: AT\u00c9 O S\u00c9CULO XXIII III COLOQUIO INTERNACIONA DA ADHILAC-BRASIL Caderno Resumos 2016<\/p>\n","protected":false},"author":2,"featured_media":0,"comment_status":"closed","ping_status":"closed","sticky":false,"template":"","format":"standard","meta":{"_crdt_document":"","footnotes":""},"categories":[549,5,40],"tags":[148,604],"class_list":["post-12625","post","type-post","status-publish","format-standard","hentry","category-adhilac-brasil","category-congresos","category-informaciones","tag-caribe","tag-historia-de-america-latina"],"_links":{"self":[{"href":"https:\/\/adhilac.com.ar\/index.php?rest_route=\/wp\/v2\/posts\/12625","targetHints":{"allow":["GET"]}}],"collection":[{"href":"https:\/\/adhilac.com.ar\/index.php?rest_route=\/wp\/v2\/posts"}],"about":[{"href":"https:\/\/adhilac.com.ar\/index.php?rest_route=\/wp\/v2\/types\/post"}],"author":[{"embeddable":true,"href":"https:\/\/adhilac.com.ar\/index.php?rest_route=\/wp\/v2\/users\/2"}],"replies":[{"embeddable":true,"href":"https:\/\/adhilac.com.ar\/index.php?rest_route=%2Fwp%2Fv2%2Fcomments&post=12625"}],"version-history":[{"count":3,"href":"https:\/\/adhilac.com.ar\/index.php?rest_route=\/wp\/v2\/posts\/12625\/revisions"}],"predecessor-version":[{"id":12629,"href":"https:\/\/adhilac.com.ar\/index.php?rest_route=\/wp\/v2\/posts\/12625\/revisions\/12629"}],"wp:attachment":[{"href":"https:\/\/adhilac.com.ar\/index.php?rest_route=%2Fwp%2Fv2%2Fmedia&parent=12625"}],"wp:term":[{"taxonomy":"category","embeddable":true,"href":"https:\/\/adhilac.com.ar\/index.php?rest_route=%2Fwp%2Fv2%2Fcategories&post=12625"},{"taxonomy":"post_tag","embeddable":true,"href":"https:\/\/adhilac.com.ar\/index.php?rest_route=%2Fwp%2Fv2%2Ftags&post=12625"}],"curies":[{"name":"wp","href":"https:\/\/api.w.org\/{rel}","templated":true}]}}