{"id":12660,"date":"2017-03-09T09:17:13","date_gmt":"2017-03-09T12:17:13","guid":{"rendered":"https:\/\/adhilac.com.ar\/?p=12660"},"modified":"2017-03-13T09:26:17","modified_gmt":"2017-03-13T12:26:17","slug":"a-47-anos-del-golpe-militar-cehti-buenos-aires-marzo-2017","status":"publish","type":"post","link":"https:\/\/adhilac.com.ar\/?p=12660","title":{"rendered":"A 47 a\u00f1os del golpe militar.CEHTI. Buenos Aires. Marzo 2017."},"content":{"rendered":"<h3 style=\"text-align: justify;\"><span style=\"color: #339966;\">Reflexiones sobre el movimiento obrero y la dictadura militar 1976-1983<\/span><\/h3>\n<p style=\"text-align: justify;\">En el marco de los 41 a\u00f1os del golpe c\u00edvico militar, el Centro de Estudios Hist\u00f3ricos de los Trabajadores y las Izquierdas (CEHTI) organiza estos dos encuentros a cargo de las especialistas Luciana Zorzoli (CONICET-UNLP) y Victoria Basualdo (CONICET &#8211; AEyT, FLACSO Argentina). A 47 a\u00f1os del golpe militar.Centro de Estudios Hist\u00f3ricos de los Trabajadores y las Izquierdas. Buenos Aires. Marzo 2017.\u00a0<!--more--><\/p>\n<div style=\"text-align: justify;\"><\/div>\n<div style=\"text-align: justify;\">\n<a href=\"https:\/\/adhilac.com.ar\/wp-content\/uploads\/2017\/03\/Reflexiones-sobre-mov-obrero-y-dictadura-1976-86.png\"><img loading=\"lazy\" decoding=\"async\" class=\"alignnone size-full wp-image-12661\" title=\"Reflexiones sobre mov obrero y dictadura 1976-86\" src=\"https:\/\/adhilac.com.ar\/wp-content\/uploads\/2017\/03\/Reflexiones-sobre-mov-obrero-y-dictadura-1976-86.png\" alt=\"\" width=\"384\" height=\"538\" srcset=\"https:\/\/adhilac.com.ar\/wp-content\/uploads\/2017\/03\/Reflexiones-sobre-mov-obrero-y-dictadura-1976-86.png 480w, https:\/\/adhilac.com.ar\/wp-content\/uploads\/2017\/03\/Reflexiones-sobre-mov-obrero-y-dictadura-1976-86-214x300.png 214w\" sizes=\"auto, (max-width: 384px) 100vw, 384px\" \/><\/a><\/div>\n<p style=\"text-align: justify;\">La primera ser\u00e1 este\u00a0<strong>viernes 17 a las 18y30hs.<\/strong> en nuestra sede de Rodr\u00edguez Pe\u00f1a 336 6to. 65.<\/p>\n<p><strong>Publicado por ADHILAC Internacional \u00a9 www.adhilac.com.ar<\/strong><\/p>\n<p>Si Ud. desea asociarse de acuerdo a los Estatutos de ADHILAC\u00a0<a title=\"(ver)\" href=\"https:\/\/adhilac.com.ar\/?page_id=263\">(ver)<\/a> complete el siguiente formulario\u00a0<a title=\"(ver)\" href=\"https:\/\/adhilac.com.ar\/?page_id=3194\">(ver)<\/a><\/p>\n<p>E-mail:\u00a0<a title=\"info@adhilac.com.ar\" href=\"https:\/\/adhilac.com.ar\/info@adhilac.com.ar\" target=\"_blank\">info@adhilac.com.ar<\/a><strong> <\/strong><\/p>\n<p>Twitter: @AdhilacInfo<\/p>\n<p style=\"text-align: justify;\">&nbsp;<\/p>\n","protected":false},"excerpt":{"rendered":"<p>Reflexiones sobre el movimiento obrero y la dictadura militar 1976-1983 En el marco de los 41 a\u00f1os del golpe c\u00edvico militar, el Centro de Estudios Hist\u00f3ricos de los Trabajadores y las Izquierdas (CEHTI) organiza estos dos encuentros a cargo de las especialistas Luciana Zorzoli (CONICET-UNLP) y Victoria Basualdo (CONICET &#8211; AEyT, FLACSO Argentina). A 47 [&hellip;]<\/p>\n","protected":false},"author":2,"featured_media":0,"comment_status":"closed","ping_status":"closed","sticky":false,"template":"","format":"standard","meta":{"_crdt_document":"","footnotes":""},"categories":[40],"tags":[181,372,226],"class_list":["post-12660","post","type-post","status-publish","format-standard","hentry","category-informaciones","tag-dictadura","tag-movimiento-obrero","tag-terrorismo-de-estado"],"_links":{"self":[{"href":"https:\/\/adhilac.com.ar\/index.php?rest_route=\/wp\/v2\/posts\/12660","targetHints":{"allow":["GET"]}}],"collection":[{"href":"https:\/\/adhilac.com.ar\/index.php?rest_route=\/wp\/v2\/posts"}],"about":[{"href":"https:\/\/adhilac.com.ar\/index.php?rest_route=\/wp\/v2\/types\/post"}],"author":[{"embeddable":true,"href":"https:\/\/adhilac.com.ar\/index.php?rest_route=\/wp\/v2\/users\/2"}],"replies":[{"embeddable":true,"href":"https:\/\/adhilac.com.ar\/index.php?rest_route=%2Fwp%2Fv2%2Fcomments&post=12660"}],"version-history":[{"count":2,"href":"https:\/\/adhilac.com.ar\/index.php?rest_route=\/wp\/v2\/posts\/12660\/revisions"}],"predecessor-version":[{"id":12663,"href":"https:\/\/adhilac.com.ar\/index.php?rest_route=\/wp\/v2\/posts\/12660\/revisions\/12663"}],"wp:attachment":[{"href":"https:\/\/adhilac.com.ar\/index.php?rest_route=%2Fwp%2Fv2%2Fmedia&parent=12660"}],"wp:term":[{"taxonomy":"category","embeddable":true,"href":"https:\/\/adhilac.com.ar\/index.php?rest_route=%2Fwp%2Fv2%2Fcategories&post=12660"},{"taxonomy":"post_tag","embeddable":true,"href":"https:\/\/adhilac.com.ar\/index.php?rest_route=%2Fwp%2Fv2%2Ftags&post=12660"}],"curies":[{"name":"wp","href":"https:\/\/api.w.org\/{rel}","templated":true}]}}