{"id":12665,"date":"2017-03-22T14:21:14","date_gmt":"2017-03-22T17:21:14","guid":{"rendered":"https:\/\/adhilac.com.ar\/?p=12665"},"modified":"2017-05-09T14:26:41","modified_gmt":"2017-05-09T17:26:41","slug":"coloquio-internacional-legados-historicos-en-comparacion-cuba-puerto-rico-y-filipinas-%c2%bfcuanta-historia-puede-soportar-el-poscolonialismo-la-habana-marzo-2017","status":"publish","type":"post","link":"https:\/\/adhilac.com.ar\/?p=12665","title":{"rendered":"Coloquio Internacional \u00abLegados Hist\u00f3ricos en comparaci\u00f3n: Cuba, Puerto Rico y Filipinas, \u00bfCu\u00e1nta historia puede soportar el poscolonialismo?\u00bb"},"content":{"rendered":"<h3 style=\"text-align: justify;\"><span style=\"color: #339966;\"><a href=\"https:\/\/adhilac.com.ar\/wp-content\/uploads\/2017\/03\/Legado-2.jpg\"><img loading=\"lazy\" decoding=\"async\" class=\"alignleft size-full wp-image-12689\" title=\"Legado 2\" src=\"https:\/\/adhilac.com.ar\/wp-content\/uploads\/2017\/03\/Legado-2.jpg\" alt=\"\" width=\"288\" height=\"384\" srcset=\"https:\/\/adhilac.com.ar\/wp-content\/uploads\/2017\/03\/Legado-2.jpg 360w, https:\/\/adhilac.com.ar\/wp-content\/uploads\/2017\/03\/Legado-2-225x300.jpg 225w\" sizes=\"auto, (max-width: 288px) 100vw, 288px\" \/><\/a>LA HABANA &#8211; 7 a 11 de marzo 2017<\/span><\/h3>\n<p style=\"text-align: justify;\"><strong>INFORMACIONES DE ADHILAC<\/strong><\/p>\n<p style=\"text-align: justify;\">Del 7 al 11 de marzo de 2017 se desarroll\u00f3 en el Colegio Universitario San Ger\u00f3nimo de La Habana, Cuba, el Coloquio Internacional \u00abLegados Hist\u00f3ricos en comparaci\u00f3n: Cuba, Puerto Rico y Filipinas, \u00bfCu\u00e1nta historia puede soportar el poscolonialismo?\u00bb. <!--more-->Este evento de la Asociaci\u00f3n de Historiadores Latinoamericanos y del Caribe (ADHILAC), coauspiciado por la Universidad de Kassel, la Universidad de La Habana y la Fundaci\u00f3n Thyssen, fue inaugurado por el Dr. Pedro Pablo Rodr\u00edguez, Vicepresidente de la Academia de la Historia de Cuba, y los coordinadores del Coloquio Dr. Sergio Guerra Vilaboy, Presidente de la ADHILAC, y Dr. Hans-Jurgen Burchardt, Profesor de las Universidad de Kassel (Alemania). En la inauguraci\u00f3n tambi\u00e9n hicieron uso de la palabra el Dr. Thomas Suerman, de la Fundaci\u00f3n Thyssen, y el Profesor Dr. Michael Zeuske de la Universidad de Colonia. Antes de la primera sesi\u00f3n, el Dr Eusebio Leal Spengler, Director de la Oficina del Historiador de La Habana, salud\u00f3 a los presentes.<\/p>\n<p style=\"text-align: justify;\">&nbsp;<\/p>\n<p style=\"text-align: justify;\"><a href=\"https:\/\/adhilac.com.ar\/wp-content\/uploads\/2017\/03\/Legado-1.jpg\"><img loading=\"lazy\" decoding=\"async\" class=\"alignleft size-full wp-image-12688\" title=\"Legado 1\" src=\"https:\/\/adhilac.com.ar\/wp-content\/uploads\/2017\/03\/Legado-1.jpg\" alt=\"\" width=\"384\" height=\"288\" srcset=\"https:\/\/adhilac.com.ar\/wp-content\/uploads\/2017\/03\/Legado-1.jpg 480w, https:\/\/adhilac.com.ar\/wp-content\/uploads\/2017\/03\/Legado-1-300x225.jpg 300w\" sizes=\"auto, (max-width: 384px) 100vw, 384px\" \/><\/a><\/p>\n<p style=\"text-align: justify;\">&nbsp;<\/p>\n<p style=\"text-align: justify;\">Durante tres d\u00edas, los casi medio centenar de participantes debatieron en el sal\u00f3n Jenaro Artiles del propio Colegio San Ger\u00f3nimo de La Habana las quince ponencias presentadas por destacados historiadores, soci\u00f3logos, economistas y cientistas sociales. Entre los asistentes tambi\u00e9n se encontraban Eugenio Matibag de la Universidad Estatal de Iowa de Estados Unidos, Oscar Zanetti, Alejandro Garc\u00eda y Mar\u00eda del Carmen Barcia de la Academia de la Historia de Cuba, Rebeca Ramos, Ernel Gonz\u00e1lez y \u00c1ngela Pe\u00f1a del Departamento de Sociolog\u00eda de la Universidad de La Habana, Agust\u00edn Lao Montes y \u00c1ngel Quintero de Puerto Rico, Mar\u00eda Teresa Montes de Oca, Rom\u00e1n Garc\u00eda e Hiram Marquetti de la Universidad de La Habana, Cristina Cielo de FLACSO Ecuador y Jussi Pakkasvirta de la Universidad de Helsinki, as\u00ed como Jes\u00fas Arboleya y Ofelia P\u00e9rez de otras instituciones acad\u00e9micas de Cuba. Las conclusiones estuvieron a cargo de los organizadores del Coloquio Michel Zeuske, Sergio Guerra Vilaboy y Hans-Jurgen Burchardt.<\/p>\n<p style=\"text-align: justify;\">&nbsp;<\/p>\n<p style=\"text-align: justify;\"><strong>Publicado por ADHILAC Internacional \u00a9 www.adhilac.com.ar<\/strong><\/p>\n<p style=\"text-align: justify;\">Si Ud. desea asociarse de acuerdo a los Estatutos de ADHILAC\u00a0<a title=\"(ver)\" href=\"https:\/\/adhilac.com.ar\/?page_id=263\">(ver)<\/a> complete el siguiente formulario\u00a0<a title=\"(ver)\" href=\"https:\/\/adhilac.com.ar\/?page_id=3194\">(ver)<\/a><\/p>\n<p style=\"text-align: justify;\">E-mail:\u00a0<a title=\"info@adhilac.com.ar\" href=\"https:\/\/adhilac.com.ar\/info@adhilac.com.ar\" target=\"_blank\">info@adhilac.com.ar<\/a><strong> <\/strong><\/p>\n<p style=\"text-align: justify;\">Twitter: @AdhilacInfo<\/p>\n","protected":false},"excerpt":{"rendered":"<p>LA HABANA &#8211; 7 a 11 de marzo 2017 INFORMACIONES DE ADHILAC Del 7 al 11 de marzo de 2017 se desarroll\u00f3 en el Colegio Universitario San Ger\u00f3nimo de La Habana, Cuba, el Coloquio Internacional \u00abLegados Hist\u00f3ricos en comparaci\u00f3n: Cuba, Puerto Rico y Filipinas, \u00bfCu\u00e1nta historia puede soportar el poscolonialismo?\u00bb.<\/p>\n","protected":false},"author":2,"featured_media":0,"comment_status":"closed","ping_status":"closed","sticky":false,"template":"","format":"standard","meta":{"_crdt_document":"","footnotes":""},"categories":[5,40],"tags":[63,763,212],"class_list":["post-12665","post","type-post","status-publish","format-standard","hentry","category-congresos","category-informaciones","tag-cuba","tag-filipinas","tag-puerto-rico"],"_links":{"self":[{"href":"https:\/\/adhilac.com.ar\/index.php?rest_route=\/wp\/v2\/posts\/12665","targetHints":{"allow":["GET"]}}],"collection":[{"href":"https:\/\/adhilac.com.ar\/index.php?rest_route=\/wp\/v2\/posts"}],"about":[{"href":"https:\/\/adhilac.com.ar\/index.php?rest_route=\/wp\/v2\/types\/post"}],"author":[{"embeddable":true,"href":"https:\/\/adhilac.com.ar\/index.php?rest_route=\/wp\/v2\/users\/2"}],"replies":[{"embeddable":true,"href":"https:\/\/adhilac.com.ar\/index.php?rest_route=%2Fwp%2Fv2%2Fcomments&post=12665"}],"version-history":[{"count":9,"href":"https:\/\/adhilac.com.ar\/index.php?rest_route=\/wp\/v2\/posts\/12665\/revisions"}],"predecessor-version":[{"id":12667,"href":"https:\/\/adhilac.com.ar\/index.php?rest_route=\/wp\/v2\/posts\/12665\/revisions\/12667"}],"wp:attachment":[{"href":"https:\/\/adhilac.com.ar\/index.php?rest_route=%2Fwp%2Fv2%2Fmedia&parent=12665"}],"wp:term":[{"taxonomy":"category","embeddable":true,"href":"https:\/\/adhilac.com.ar\/index.php?rest_route=%2Fwp%2Fv2%2Fcategories&post=12665"},{"taxonomy":"post_tag","embeddable":true,"href":"https:\/\/adhilac.com.ar\/index.php?rest_route=%2Fwp%2Fv2%2Ftags&post=12665"}],"curies":[{"name":"wp","href":"https:\/\/api.w.org\/{rel}","templated":true}]}}