{"id":12674,"date":"2017-04-07T09:15:31","date_gmt":"2017-04-07T12:15:31","guid":{"rendered":"https:\/\/adhilac.com.ar\/?p=12674"},"modified":"2017-04-16T19:46:47","modified_gmt":"2017-04-16T22:46:47","slug":"13-festival-de-cine-y-video-indigena-morelia-28-de-agosto-1ro-septiembre","status":"publish","type":"post","link":"https:\/\/adhilac.com.ar\/?p=12674","title":{"rendered":"13 Festival de Cine y Video Ind\u00edgena. Morelia. 28 de agosto 1ro. septiembre"},"content":{"rendered":"<p><a href=\"https:\/\/adhilac.com.ar\/wp-content\/uploads\/2017\/03\/festival-cine-indigenaMichoacan.jpg\"><img loading=\"lazy\" decoding=\"async\" class=\"alignleft size-full wp-image-12675\" title=\"festival cine indigenaMichoacan\" src=\"https:\/\/adhilac.com.ar\/wp-content\/uploads\/2017\/03\/festival-cine-indigenaMichoacan.jpg\" alt=\"\" width=\"274\" height=\"430\" srcset=\"https:\/\/adhilac.com.ar\/wp-content\/uploads\/2017\/03\/festival-cine-indigenaMichoacan.jpg 342w, https:\/\/adhilac.com.ar\/wp-content\/uploads\/2017\/03\/festival-cine-indigenaMichoacan-191x300.jpg 191w\" sizes=\"auto, (max-width: 274px) 100vw, 274px\" \/><\/a><\/p>\n<h3><span style=\"color: #339966;\">Homenaje al videoasta Ra\u00fal M\u00e1ximo Cort\u00e9s<\/span><\/h3>\n<p>MORELIA &#8211; M\u00c9XICO<\/p>\n<p><a href=\"https:\/\/adhilac.com.ar\/wp-content\/uploads\/2017\/03\/Cartel-y-Convocatoria-13o.-Festival-Cine-y-Video-ind\u00edgena.pdf\">Convocatoria 13o. Festival Cine y Video ind\u00edgena<!--more--><\/a><\/p>\n<p><strong>Publicado por ADHILAC Internacional \u00a9 www.adhilac.com.ar<\/strong><\/p>\n<p>Si Ud. desea asociarse de acuerdo a los Estatutos de ADHILAC\u00a0<a title=\"(ver)\" href=\"https:\/\/adhilac.com.ar\/?page_id=263\">(ver)<\/a> complete el siguiente formulario\u00a0<a title=\"(ver)\" href=\"https:\/\/adhilac.com.ar\/?page_id=3194\">(ver)<\/a><\/p>\n<p>E-mail:\u00a0<a title=\"info@adhilac.com.ar\" href=\"https:\/\/adhilac.com.ar\/info@adhilac.com.ar\" target=\"_blank\">info@adhilac.com.ar<\/a><strong> <\/strong><\/p>\n<p>Twitter: @AdhilacInfo<\/p>\n<p>&nbsp;<\/p>\n","protected":false},"excerpt":{"rendered":"<p>Homenaje al videoasta Ra\u00fal M\u00e1ximo Cort\u00e9s MORELIA &#8211; M\u00c9XICO Convocatoria 13o. Festival Cine y Video ind\u00edgena<\/p>\n","protected":false},"author":2,"featured_media":0,"comment_status":"closed","ping_status":"closed","sticky":false,"template":"","format":"standard","meta":{"_crdt_document":"","footnotes":""},"categories":[384,40],"tags":[267,767,768],"class_list":["post-12674","post","type-post","status-publish","format-standard","hentry","category-cientistas-sociales","category-informaciones","tag-cine","tag-indigenas","tag-video"],"_links":{"self":[{"href":"https:\/\/adhilac.com.ar\/index.php?rest_route=\/wp\/v2\/posts\/12674","targetHints":{"allow":["GET"]}}],"collection":[{"href":"https:\/\/adhilac.com.ar\/index.php?rest_route=\/wp\/v2\/posts"}],"about":[{"href":"https:\/\/adhilac.com.ar\/index.php?rest_route=\/wp\/v2\/types\/post"}],"author":[{"embeddable":true,"href":"https:\/\/adhilac.com.ar\/index.php?rest_route=\/wp\/v2\/users\/2"}],"replies":[{"embeddable":true,"href":"https:\/\/adhilac.com.ar\/index.php?rest_route=%2Fwp%2Fv2%2Fcomments&post=12674"}],"version-history":[{"count":4,"href":"https:\/\/adhilac.com.ar\/index.php?rest_route=\/wp\/v2\/posts\/12674\/revisions"}],"predecessor-version":[{"id":12715,"href":"https:\/\/adhilac.com.ar\/index.php?rest_route=\/wp\/v2\/posts\/12674\/revisions\/12715"}],"wp:attachment":[{"href":"https:\/\/adhilac.com.ar\/index.php?rest_route=%2Fwp%2Fv2%2Fmedia&parent=12674"}],"wp:term":[{"taxonomy":"category","embeddable":true,"href":"https:\/\/adhilac.com.ar\/index.php?rest_route=%2Fwp%2Fv2%2Fcategories&post=12674"},{"taxonomy":"post_tag","embeddable":true,"href":"https:\/\/adhilac.com.ar\/index.php?rest_route=%2Fwp%2Fv2%2Ftags&post=12674"}],"curies":[{"name":"wp","href":"https:\/\/api.w.org\/{rel}","templated":true}]}}