{"id":12693,"date":"2017-04-01T18:15:11","date_gmt":"2017-04-01T21:15:11","guid":{"rendered":"https:\/\/adhilac.com.ar\/?p=12693"},"modified":"2017-04-01T18:15:11","modified_gmt":"2017-04-01T21:15:11","slug":"nueva-publicacion-sobre-educacion-superior-en-colombia-durante-el-siglo-xix","status":"publish","type":"post","link":"https:\/\/adhilac.com.ar\/?p=12693","title":{"rendered":"Nueva publicaci\u00f3n sobre educaci\u00f3n superior en Colombia durante el siglo XIX"},"content":{"rendered":"<p>&nbsp;<\/p>\n<h3 style=\"text-align: justify;\"><span style=\"color: #339966;\"><a href=\"https:\/\/adhilac.com.ar\/wp-content\/uploads\/2017\/04\/Jorge-Enrique-Elias-Caro.jpg\"><img loading=\"lazy\" decoding=\"async\" class=\"alignleft size-thumbnail wp-image-12694\" title=\"Jorge Enrique Elias Caro\" src=\"https:\/\/adhilac.com.ar\/wp-content\/uploads\/2017\/04\/Jorge-Enrique-Elias-Caro-150x150.jpg\" alt=\"\" width=\"150\" height=\"150\" \/><\/a>La educaci\u00f3n superior en la provincia de Santa Marta y el Magdalena. Siglo XIX<\/span>.<\/h3>\n<p style=\"text-align: justify;\">Autores:<br \/>\nJorge Enrique El\u00edas-Caro<br \/>\nWilliam Ren\u00e1n-Rodr\u00edguez<br \/>\nDocentes de la Universidad del Magdalena<!--more--><\/p>\n<p style=\"text-align: justify;\">En el presente libro se analizan los procesos hist\u00f3ricos relacionados con la educaci\u00f3n superior en el Magdalena durante la centuria d\u00e9cimon\u00f3nica y su relaci el contexto internacional y latinoamericano. Esta Investigaci\u00f3n tuvo presente el papel del entorno y c\u00f3mo \u00e9ste dinamiz\u00f3 la vida institucional de ciertos establecimientos educativos de nivel superior, en una simbiosis que en ciertas ocasiones fueron proactivas y sin\u00e9rgicas, y en otras de desequilibrio y fracaso.Editorial Unimagdalena. Colombia. \u00a02017.<\/p>\n<p style=\"text-align: justify;\"><a href=\"https:\/\/adhilac.com.ar\/wp-content\/uploads\/2017\/04\/Jorge-Enrique-Elias-Caro.jpg\"><img loading=\"lazy\" decoding=\"async\" class=\"alignnone size-full wp-image-12694\" title=\"Jorge Enrique Elias Caro\" src=\"https:\/\/adhilac.com.ar\/wp-content\/uploads\/2017\/04\/Jorge-Enrique-Elias-Caro.jpg\" alt=\"\" width=\"478\" height=\"438\" srcset=\"https:\/\/adhilac.com.ar\/wp-content\/uploads\/2017\/04\/Jorge-Enrique-Elias-Caro.jpg 746w, https:\/\/adhilac.com.ar\/wp-content\/uploads\/2017\/04\/Jorge-Enrique-Elias-Caro-300x275.jpg 300w\" sizes=\"auto, (max-width: 478px) 100vw, 478px\" \/><\/a><\/p>\n<p><strong>Publicado por ADHILAC Internacional \u00a9 www.adhilac.com.ar<\/strong><\/p>\n<p>Si Ud. desea asociarse de acuerdo a los Estatutos de ADHILAC\u00a0<a title=\"(ver)\" href=\"https:\/\/adhilac.com.ar\/?page_id=263\">(ver)<\/a> complete el siguiente formulario\u00a0<a title=\"(ver)\" href=\"https:\/\/adhilac.com.ar\/?page_id=3194\">(ver)<\/a><\/p>\n<p>E-mail:\u00a0<a title=\"info@adhilac.com.ar\" href=\"https:\/\/adhilac.com.ar\/info@adhilac.com.ar\" target=\"_blank\">info@adhilac.com.ar<\/a><strong> <\/strong><\/p>\n<p>Twitter: @AdhilacInfo<\/p>\n<p style=\"text-align: justify;\">&nbsp;<\/p>\n","protected":false},"excerpt":{"rendered":"<p>&nbsp; La educaci\u00f3n superior en la provincia de Santa Marta y el Magdalena. Siglo XIX. Autores: Jorge Enrique El\u00edas-Caro William Ren\u00e1n-Rodr\u00edguez Docentes de la Universidad del Magdalena<\/p>\n","protected":false},"author":2,"featured_media":0,"comment_status":"closed","ping_status":"closed","sticky":false,"template":"","format":"standard","meta":{"_crdt_document":"","footnotes":""},"categories":[69,40,7],"tags":[26,57,377],"class_list":["post-12693","post","type-post","status-publish","format-standard","hentry","category-adhilac-colombia","category-informaciones","category-publicac-info","tag-colombia","tag-educacion","tag-siglo-xix"],"_links":{"self":[{"href":"https:\/\/adhilac.com.ar\/index.php?rest_route=\/wp\/v2\/posts\/12693","targetHints":{"allow":["GET"]}}],"collection":[{"href":"https:\/\/adhilac.com.ar\/index.php?rest_route=\/wp\/v2\/posts"}],"about":[{"href":"https:\/\/adhilac.com.ar\/index.php?rest_route=\/wp\/v2\/types\/post"}],"author":[{"embeddable":true,"href":"https:\/\/adhilac.com.ar\/index.php?rest_route=\/wp\/v2\/users\/2"}],"replies":[{"embeddable":true,"href":"https:\/\/adhilac.com.ar\/index.php?rest_route=%2Fwp%2Fv2%2Fcomments&post=12693"}],"version-history":[{"count":1,"href":"https:\/\/adhilac.com.ar\/index.php?rest_route=\/wp\/v2\/posts\/12693\/revisions"}],"predecessor-version":[{"id":12695,"href":"https:\/\/adhilac.com.ar\/index.php?rest_route=\/wp\/v2\/posts\/12693\/revisions\/12695"}],"wp:attachment":[{"href":"https:\/\/adhilac.com.ar\/index.php?rest_route=%2Fwp%2Fv2%2Fmedia&parent=12693"}],"wp:term":[{"taxonomy":"category","embeddable":true,"href":"https:\/\/adhilac.com.ar\/index.php?rest_route=%2Fwp%2Fv2%2Fcategories&post=12693"},{"taxonomy":"post_tag","embeddable":true,"href":"https:\/\/adhilac.com.ar\/index.php?rest_route=%2Fwp%2Fv2%2Ftags&post=12693"}],"curies":[{"name":"wp","href":"https:\/\/api.w.org\/{rel}","templated":true}]}}