{"id":12717,"date":"2017-05-05T13:35:06","date_gmt":"2017-05-05T16:35:06","guid":{"rendered":"https:\/\/adhilac.com.ar\/?p=12717"},"modified":"2017-05-09T14:24:09","modified_gmt":"2017-05-09T17:24:09","slug":"international-colloquium-coloquio-internacionalworld-war-ii-and-the-caribbean-la-segunda-guerra-mundial-y-el-caribe","status":"publish","type":"post","link":"https:\/\/adhilac.com.ar\/?p=12717","title":{"rendered":"Coloquio Internacional. La segunda Guerra Mundial y el Caribe.  Universidad de las Indias Occidentales. 12 de mayo de 2017"},"content":{"rendered":"<h3 style=\"text-align: justify;\"><span style=\"color: #339966;\">World War II and the Caribbean \/ La segunda Guerra Mundial y el Caribe<\/span><\/h3>\n<p><strong>The University of the West Indies \/ Universidad de las Indias Occidentales<\/strong><\/p>\n<p><strong>International Colloquium \/ Coloquio Internacional<\/strong><br \/>\n<strong>12. 5. 2017, Alma Jordan Library \/ Biblioteca Alma Jordan<\/strong><br \/>\n<strong> 9.15am &#8211; 6.45pm<\/strong><br \/>\n<!--more--><br \/>\n9.15am<br \/>\nOpening Remarks \/ Apertura<br \/>\nJohn Campbell (Deputy Dean, Faculty of Humanities and Education)<br \/>\nClaudia Theune-Vogt (Dean, Faculty of Historical Cultural Science, Vienna University)<br \/>\nFrank Soodeen, Jr. (Campus Librarian, Alma Jordan Library)<\/p>\n<p>9.45am-12.15pm<br \/>\nPanel 1: The Latin American Perspective<br \/>\nModerator\/Translator: Christian Cwik (Department of History, UWI)<\/p>\n<p>La pol\u00edtica de Manuel \u00c1vila Camacho hacia extranjeros enemigos \/ R\u00edo and Manuel \u00c1vila Camacho policy towards enemy aliens.<br \/>\nBernardo Garc\u00eda D\u00edaz (University of Veracuz, Mexico)<\/p>\n<p>La pol\u00edtica de Fulgencio Batista durante la Segunda Guerra Mundial \/ The pol\u00edcy of Fulgencio Batista during the Second World War<br \/>\nSergio Guerra Vilaboy (Universidad La Habana Cuba)<\/p>\n<p>La inmigraci\u00f3n alemana y austriaca en la costa Colombiana Caribe\u00f1a durante la \u00e9poca del fascismo europeo \/ The Immigration of Germans and Austrians to the Caribbean Coast of Colombia during the period of European Fascism<br \/>\nJorge Elias Caro (University of Magdalena, Colombia)<\/p>\n<p>12.15-2.00pm<br \/>\nLunch Break \/ Almuerzo<\/p>\n<p>2.00-3.30pm<br \/>\nPanel 2: A British West Indian perspective<br \/>\nModerator: Allison Ramsey (Department of History, UWI)<\/p>\n<p>Sugar causalities: An American Space in Antigua<br \/>\nGelien Matthews (Department of History, UWI)<\/p>\n<p>Volunteerism during World War II: Upper and Middle Class Women Rally in the Name of the War<br \/>\nKaren Eccles (Alma Jordan Library, UWI)<\/p>\n<p>Coffee Break \/ Caf\u00e9<\/p>\n<p>3.45-6.00pm<br \/>\nPanel 3: The Trinidadian and Tobagonian Perspective<br \/>\nModerator: Michael Toussaint (Department of History, UWI)<\/p>\n<p>Turning adversity to advantage: Trinbago during World War Two<br \/>\nBrinsley Samaroo (Prof. emer. Department of History, UWI)<\/p>\n<p>War, Food and Security: Feeding Trinidad and Tobago in Wartime, 1939-1945<br \/>\nRita Pemberton (Department of History, UWI)<\/p>\n<p>Internment Camps in the Caribbean during World War II: Nelson and Caledonia<br \/>\nArti Ramsaroop, Ashleigh Morris (Department of History, UWI)<\/p>\n<p>6.00-6.30pm<br \/>\nClosing Lecture \/ Clausura<\/p>\n<p>The policy of the Third Reich in the Caribbean, 1933-1945<br \/>\nChristian Cwik (Department of History, UWI)<\/p>\n<p>6.30-6.45pm<br \/>\nClosing Remarks<br \/>\nValery Taylor (National Trust of Trinidad and Tobago)<\/p>\n<p>Cocktail Reception<br \/>\nIn Cooperation with the National Trust of Trinidad and Tobago, the Faculty of Historical Cultural Studies (University of Viena) and the Association of Latin American and Caribbean Historians (ADHILAC).<\/p>\n<p><a href=\"https:\/\/adhilac.com.ar\/wp-content\/uploads\/2017\/04\/World-War-II-and-The-Caribbean-ADHILAC-Colloquio-.pdf\">World War II and The Caribbean &#8211; ADHILAC Colloquio<\/a><\/p>\n<p>&nbsp;<\/p>\n<p><strong>Publicado por ADHILAC Internacional \u00a9 www.adhilac.com.ar<\/strong><\/p>\n<p>Si Ud. desea asociarse de acuerdo a los Estatutos de ADHILAC\u00a0<a title=\"(ver)\" href=\"https:\/\/adhilac.com.ar\/?page_id=263\">(ver)<\/a> complete el siguiente formulario\u00a0<a title=\"(ver)\" href=\"https:\/\/adhilac.com.ar\/?page_id=3194\">(ver)<\/a><\/p>\n<p>E-mail:\u00a0<a title=\"info@adhilac.com.ar\" href=\"https:\/\/adhilac.com.ar\/info@adhilac.com.ar\" target=\"_blank\">info@adhilac.com.ar<\/a><strong> <\/strong><\/p>\n<p>Twitter: @AdhilacInfo<\/p>\n<p>&nbsp;<\/p>\n","protected":false},"excerpt":{"rendered":"<p>World War II and the Caribbean \/ La segunda Guerra Mundial y el Caribe The University of the West Indies \/ Universidad de las Indias Occidentales International Colloquium \/ Coloquio Internacional 12. 5. 2017, Alma Jordan Library \/ Biblioteca Alma Jordan 9.15am &#8211; 6.45pm<\/p>\n","protected":false},"author":2,"featured_media":0,"comment_status":"closed","ping_status":"closed","sticky":false,"template":"","format":"standard","meta":{"_crdt_document":"","footnotes":""},"categories":[3,5,40],"tags":[148,769],"class_list":["post-12717","post","type-post","status-publish","format-standard","hentry","category-adhilac-inter","category-congresos","category-informaciones","tag-caribe","tag-segunda-guerra-mundial"],"_links":{"self":[{"href":"https:\/\/adhilac.com.ar\/index.php?rest_route=\/wp\/v2\/posts\/12717","targetHints":{"allow":["GET"]}}],"collection":[{"href":"https:\/\/adhilac.com.ar\/index.php?rest_route=\/wp\/v2\/posts"}],"about":[{"href":"https:\/\/adhilac.com.ar\/index.php?rest_route=\/wp\/v2\/types\/post"}],"author":[{"embeddable":true,"href":"https:\/\/adhilac.com.ar\/index.php?rest_route=\/wp\/v2\/users\/2"}],"replies":[{"embeddable":true,"href":"https:\/\/adhilac.com.ar\/index.php?rest_route=%2Fwp%2Fv2%2Fcomments&post=12717"}],"version-history":[{"count":6,"href":"https:\/\/adhilac.com.ar\/index.php?rest_route=\/wp\/v2\/posts\/12717\/revisions"}],"predecessor-version":[{"id":12796,"href":"https:\/\/adhilac.com.ar\/index.php?rest_route=\/wp\/v2\/posts\/12717\/revisions\/12796"}],"wp:attachment":[{"href":"https:\/\/adhilac.com.ar\/index.php?rest_route=%2Fwp%2Fv2%2Fmedia&parent=12717"}],"wp:term":[{"taxonomy":"category","embeddable":true,"href":"https:\/\/adhilac.com.ar\/index.php?rest_route=%2Fwp%2Fv2%2Fcategories&post=12717"},{"taxonomy":"post_tag","embeddable":true,"href":"https:\/\/adhilac.com.ar\/index.php?rest_route=%2Fwp%2Fv2%2Ftags&post=12717"}],"curies":[{"name":"wp","href":"https:\/\/api.w.org\/{rel}","templated":true}]}}