{"id":12735,"date":"2017-11-04T12:05:49","date_gmt":"2017-11-04T15:05:49","guid":{"rendered":"https:\/\/adhilac.com.ar\/?p=12735"},"modified":"2017-11-05T19:28:27","modified_gmt":"2017-11-05T22:28:27","slug":"seminario-interinstitucional-%e2%80%9cde-la-guerra-fria-hacia-el-presente-america-latina-en-el-devenir-mundial%e2%80%9d-unam-6-7-de-noviembre-de-2017","status":"publish","type":"post","link":"https:\/\/adhilac.com.ar\/?p=12735","title":{"rendered":"Seminario Interinstitucional   \u00bfOtro mundo posible? La Revoluci\u00f3n Socialista de Octubre (noviembre) de 1917. UNAM. 6-7 de noviembre de 2017"},"content":{"rendered":"<h3 style=\"text-align: justify;\"><span style=\"color: #339966;\">\u201cDe la Guerra Fr\u00eda hacia el presente: Am\u00e9rica Latina en el devenir mundial\u201d<\/span><\/h3>\n<p style=\"text-align: justify;\"><strong><span style=\"color: #000000;\">Conmemoraciones 2017<\/span><\/strong><\/p>\n<p style=\"text-align: justify;\">\u00bfOTRO MUNDO POSIBLE? LA REVOLUCI\u00d3N SOCIALISTA DE OCTUBRE (NOVIEMBRE) DE 1917<\/p>\n<p style=\"text-align: justify;\">Fecha: 6-7 noviembre de 2017<\/p>\n<p style=\"text-align: justify;\">Sede: Instituto de Investigaciones Dr. Jos\u00e9 Mar\u00eda Luis Mora, contando con la colaboraci\u00f3n de la Asociaci\u00f3n de Historiadores Latinoamericanos y del Caribe-ADHILAC.<\/p>\n<p style=\"text-align: justify;\"><!--more--><\/p>\n<p style=\"text-align: justify;\">6 noviembre: REVOLUCIONES SOCIALES: REALIDAD O UTOP\u00cdA<\/p>\n<p style=\"text-align: justify;\">10:00-12:00 horas<\/p>\n<p style=\"text-align: justify;\">Conferencia Magistral<\/p>\n<ul style=\"text-align: justify;\">\n<li>Pensamiento cr\u00edtico y pol\u00edtica: una mirada al derrumbe del Socialismo de la URSS.<\/li>\n<\/ul>\n<p style=\"text-align: justify;\">Gabriel Vargas Lozano (Universidad Aut\u00f3noma Metropolitana-Iztapalapa)<\/p>\n<p style=\"text-align: justify;\"><a href=\"mailto:vlg@xanum.uam.mx\">vlg@xanum.uam.mx<\/a><\/p>\n<p style=\"text-align: justify;\">&nbsp;<\/p>\n<p style=\"text-align: justify;\">12:15-14:30<\/p>\n<p style=\"text-align: justify;\">Mesa debate<\/p>\n<ul style=\"text-align: justify;\">\n<li>La Revoluci\u00f3n Socialista de Octubre 1917 fue \u00bfRevoluci\u00f3n proletaria? \u00bfRevoluci\u00f3n democr\u00e1tica? \u00bfMovimientos sociales?<\/li>\n<\/ul>\n<p style=\"text-align: justify;\">Sergio Tamayo Flores-Alatorre (Universidad Aut\u00f3noma Metropolitana-Azcapotzalco)<\/p>\n<p style=\"text-align: justify;\"><a href=\"mailto:sergiotamayo1@prodigy.net.mx\">sergiotamayo1@prodigy.net.mx<\/a>, 5318 9140 ext. 122<\/p>\n<p style=\"text-align: justify;\">&nbsp;<\/p>\n<ul style=\"text-align: justify;\">\n<li>Despu\u00e9s de la Comuna de Par\u00eds de 1871, la Revoluci\u00f3n proletaria rusa de 1917 y los trabajadores franceses de hoy.<\/li>\n<\/ul>\n<p style=\"text-align: justify;\">Jorge Casta\u00f1eda Zavala (Instituto de Investigaciones Dr. Jos\u00e9 Ma. Luis Mora<\/p>\n<p style=\"text-align: justify;\"><a href=\"mailto:jcastaneda@institutomora.edu.mx\">jcastaneda@institutomora.edu.mx<\/a><\/p>\n<p style=\"text-align: justify;\">&nbsp;<\/p>\n<ul style=\"text-align: justify;\">\n<li>El imperialismo en la Revoluci\u00f3n rusa de 1917 y el imperialismo del siglo XXI.<\/li>\n<\/ul>\n<p style=\"text-align: justify;\">Camilo Valqui Cachi (Universidad Aut\u00f3noma de Guerrero)<\/p>\n<p style=\"text-align: justify;\"><a href=\"mailto:dcrv1@prodigy.net.mx\">dcrv1@prodigy.net.mx<\/a>, 01 747 471-7217<\/p>\n<p style=\"text-align: justify;\">&nbsp;<\/p>\n<p style=\"text-align: justify;\">7 noviembre: DEL FUTURO-PASADO EN EL SIGLO XXI<\/p>\n<p style=\"text-align: justify;\">10:00-12:00 horas<\/p>\n<p style=\"text-align: justify;\">Conferencia Magistral<\/p>\n<ul style=\"text-align: justify;\">\n<li>De la Revoluci\u00f3n Socialista de Octubre 1917 hacia los marxismos latinoamericanos<\/li>\n<\/ul>\n<p style=\"text-align: justify;\">Nestor Kohan (Universidad de Buenos Aires).<\/p>\n<p style=\"text-align: justify;\"><a href=\"mailto:nbkohan@yahoo.com.ar\">nbkohan@yahoo.com.ar<\/a><\/p>\n<p style=\"text-align: justify;\">&nbsp;<\/p>\n<p style=\"text-align: justify;\">12:15-14:30<\/p>\n<p style=\"text-align: justify;\">Mesa debate<\/p>\n<ul style=\"text-align: justify;\">\n<li>El partido marxista y la humanidad ante los paradigmas de la Revoluci\u00f3n socialista rusa de 1917.<\/li>\n<\/ul>\n<p style=\"text-align: justify;\">Ra\u00fal Miranda Ocampo (Universidad Nacional Aut\u00f3noma de M\u00e9xico)<\/p>\n<p style=\"text-align: justify;\"><a href=\"mailto:ramioc@yahoo.com.mx\">ramioc@yahoo.com.mx<\/a>, 5390-4348<\/p>\n<p style=\"text-align: justify;\">&nbsp;<\/p>\n<ul style=\"text-align: justify;\">\n<li>Mao\u00edsmo y los marxismos hist\u00f3ricos en Colombia.<\/li>\n<\/ul>\n<p style=\"text-align: justify;\">Miguel \u00c1ngel Urrego Ardila (Universidad Michoacana de San Nicol\u00e1s de Hidalgo)<\/p>\n<p style=\"text-align: justify;\"><a href=\"mailto:litogo99@yahoo.com\">litogo99@yahoo.com<\/a><\/p>\n<p style=\"text-align: justify;\">&nbsp;<\/p>\n<ul style=\"text-align: justify;\">\n<li>Revoluci\u00f3n hoy: Liberaci\u00f3n nacional-democracia-socialismo en los actores sociales y sujetos hist\u00f3ricos.<\/li>\n<\/ul>\n<p style=\"text-align: justify;\">Jos\u00e9 Guadalupe Gandarilla Salgado (Universidad Nacional Aut\u00f3noma de M\u00e9xico)<\/p>\n<p style=\"text-align: justify;\"><a href=\"mailto:joseg@unam.mx\">joseg@unam.mx<\/a>, 5623 0222 ext. 42766<\/p>\n<p style=\"text-align: justify;\">&nbsp;<\/p>\n<p style=\"text-align: justify;\">&nbsp;<\/p>\n<p style=\"text-align: justify;\"><strong>Publicado por ADHILAC Internacional \u00a9 www.adhilac.com.ar<\/strong><\/p>\n<p style=\"text-align: justify;\">Si Ud. desea asociarse de acuerdo a los Estatutos de ADHILAC\u00a0<a title=\"(ver)\" href=\"https:\/\/adhilac.com.ar\/?page_id=263\">(ver)<\/a> complete el siguiente formulario\u00a0<a title=\"(ver)\" href=\"https:\/\/adhilac.com.ar\/?page_id=3194\">(ver)<\/a><\/p>\n<p style=\"text-align: justify;\">E-mail: info@adhilac.com.ar<strong> <\/strong><\/p>\n<p style=\"text-align: justify;\">Twitter: @AdhilacInfo<\/p>\n<p><strong> <\/strong><\/p>\n<p><strong> <\/strong><\/p>\n<p><strong> <\/strong><\/p>\n","protected":false},"excerpt":{"rendered":"<p>\u201cDe la Guerra Fr\u00eda hacia el presente: Am\u00e9rica Latina en el devenir mundial\u201d Conmemoraciones 2017 \u00bfOTRO MUNDO POSIBLE? LA REVOLUCI\u00d3N SOCIALISTA DE OCTUBRE (NOVIEMBRE) DE 1917 Fecha: 6-7 noviembre de 2017 Sede: Instituto de Investigaciones Dr. Jos\u00e9 Mar\u00eda Luis Mora, contando con la colaboraci\u00f3n de la Asociaci\u00f3n de Historiadores Latinoamericanos y del Caribe-ADHILAC.<\/p>\n","protected":false},"author":2,"featured_media":0,"comment_status":"closed","ping_status":"closed","sticky":false,"template":"","format":"standard","meta":{"_crdt_document":"","footnotes":""},"categories":[76,5,40],"tags":[560,138],"class_list":["post-12735","post","type-post","status-publish","format-standard","hentry","category-adhilac-mexico","category-congresos","category-informaciones","tag-ernesto-che-guevara","tag-revoluciones"],"_links":{"self":[{"href":"https:\/\/adhilac.com.ar\/index.php?rest_route=\/wp\/v2\/posts\/12735","targetHints":{"allow":["GET"]}}],"collection":[{"href":"https:\/\/adhilac.com.ar\/index.php?rest_route=\/wp\/v2\/posts"}],"about":[{"href":"https:\/\/adhilac.com.ar\/index.php?rest_route=\/wp\/v2\/types\/post"}],"author":[{"embeddable":true,"href":"https:\/\/adhilac.com.ar\/index.php?rest_route=\/wp\/v2\/users\/2"}],"replies":[{"embeddable":true,"href":"https:\/\/adhilac.com.ar\/index.php?rest_route=%2Fwp%2Fv2%2Fcomments&post=12735"}],"version-history":[{"count":21,"href":"https:\/\/adhilac.com.ar\/index.php?rest_route=\/wp\/v2\/posts\/12735\/revisions"}],"predecessor-version":[{"id":13507,"href":"https:\/\/adhilac.com.ar\/index.php?rest_route=\/wp\/v2\/posts\/12735\/revisions\/13507"}],"wp:attachment":[{"href":"https:\/\/adhilac.com.ar\/index.php?rest_route=%2Fwp%2Fv2%2Fmedia&parent=12735"}],"wp:term":[{"taxonomy":"category","embeddable":true,"href":"https:\/\/adhilac.com.ar\/index.php?rest_route=%2Fwp%2Fv2%2Fcategories&post=12735"},{"taxonomy":"post_tag","embeddable":true,"href":"https:\/\/adhilac.com.ar\/index.php?rest_route=%2Fwp%2Fv2%2Ftags&post=12735"}],"curies":[{"name":"wp","href":"https:\/\/api.w.org\/{rel}","templated":true}]}}