{"id":12755,"date":"2017-11-03T20:00:04","date_gmt":"2017-11-03T23:00:04","guid":{"rendered":"https:\/\/adhilac.com.ar\/?p=12755"},"modified":"2017-11-05T07:40:50","modified_gmt":"2017-11-05T10:40:50","slug":"l-iv-congreso-de-la-asociacion-de-historia-economica-del-caribe-isla-de-san-andres-colombia","status":"publish","type":"post","link":"https:\/\/adhilac.com.ar\/?p=12755","title":{"rendered":"IV Congreso de la Asociaci\u00f3n de Historia Econ\u00f3mica del Caribe, isla de San Andr\u00e9s, Colombia. 8 a 11 noviembre de 2017"},"content":{"rendered":"<p><strong> <a href=\"https:\/\/adhilac.com.ar\/wp-content\/uploads\/2017\/05\/2\u00aa-CIRC-IV-CongInt-AHEC-San-Andres.pdf\">2\u00aa CIRCULAR &#8211; IV Congreso Internacional de la  AHEC &#8211; San Andr<strong>\u00e9<\/strong>s 2017<\/a><\/strong><\/p>\n<p style=\"text-align: justify;\"><strong>IV Congreso Internacional de la AHEC \/<\/strong><\/p>\n<p style=\"text-align: justify;\"><strong>4 International Conference of the AHEC<\/strong><\/p>\n<p style=\"text-align: justify;\"><a href=\"http:\/\/ahec.uji.es\/\" target=\"_blank\"><em>ahec.uji.es<\/em><\/a><em> <\/em><\/p>\n<p style=\"text-align: justify;\">La <strong>Asociaci\u00f3n de Historia Econ\u00f3mica del Caribe<\/strong> (AHEC) y la <strong>Universidad Nacional de Colombia sede Caribe, <\/strong>bajo los auspicios del<strong> Banco de la Rep\u00fablica (Colombia), <\/strong>convoca su <strong>IV Congreso<\/strong> en <strong>San Andr\u00e9s<\/strong>, los d\u00edas 8 a 11 de noviembre de 2017.<\/p>\n<p style=\"text-align: justify;\">El tema principal del Congreso ser\u00e1<\/p>\n<p style=\"text-align: justify;\"><strong>\u00abLos movimientos de poblaci\u00f3n y sus implicaciones en <\/strong><strong>la econom\u00eda \u00bb<!--more--><\/strong><\/p>\n<p style=\"text-align: justify;\">&nbsp;<\/p>\n<p style=\"text-align: justify;\">La AHEC invita a los investigadores que se interesan por la historia econ\u00f3mica del Caribe a intervenir con una ponencia in\u00e9dita en una de las siguientes secciones, procurando establecer su relaci\u00f3n con el tema central de la convocatoria:<\/p>\n<p style=\"text-align: justify;\">&nbsp;<\/p>\n<p style=\"padding-left: 30px; text-align: justify;\">&#8211; \u00a0Poblaci\u00f3n y migraciones, siglos XVI-XXI<br \/>\n&#8211;\u00a0 Inmigraci\u00f3n, salarios y nivel de vida<br \/>\n&#8211;\u00a0 Inmigraci\u00f3n, remesas y capital financiero<br \/>\n&#8211;\u00a0 Deuda y pol\u00edtica econ\u00f3mica<br \/>\n&#8211;\u00a0 Inversiones directas extranjeras y crecimiento econ\u00f3mico<br \/>\n&#8211;\u00a0 Urbanizaci\u00f3n y \u00ablatifundismo urbano\u00bb<br \/>\n&#8211;\u00a0 Econom\u00eda informal y concentraci\u00f3n agraria<br \/>\n&#8211;\u00a0 Sistemas de producci\u00f3n \u2013 agentes econ\u00f3micos <em>(Estructuras productivas; comercio y sistemas esclavistas; reg\u00edmenes de trabajo; empresas y empresarios)<\/em><br \/>\n&#8211;\u00a0 Producci\u00f3n y exportaci\u00f3n de materias primas <em>(Principales renglones de la producci\u00f3n y los servicios; historia agraria y de plantaciones)<\/em><br \/>\n&#8211;\u00a0 Recursos naturales <em>(Explotaci\u00f3n de los recursos naturales; formas hist\u00f3ricas e impacto ambiental)<\/em><br \/>\n&#8211;\u00a0 Miner\u00eda y fuentes de energ\u00eda<br \/>\n&#8211;\u00a0 Servicios y turismo<br \/>\n&#8211;\u00a0 Comercio internacional <em>(Comercio exterior y otros v\u00ednculos con la econom\u00eda internacional)<\/em><br \/>\n&#8211;\u00a0 Bancos y sistemas financieros<br \/>\n&#8211;\u00a0 Pensamiento econ\u00f3mico<br \/>\n&#8211;\u00a0 Historiograf\u00eda econ\u00f3mica<\/p>\n<p style=\"text-align: justify;\"><strong>PRESENTACI\u00d3N DE PROPUESTAS<\/strong><\/p>\n<p style=\"text-align: justify;\"><em> <\/em><\/p>\n<p style=\"text-align: justify;\">1. La AHEC fija hasta el d\u00eda <strong><span style=\"text-decoration: underline;\">15 de mayo de 2017<\/span><\/strong> el plazo para recibir las propuestas de participaci\u00f3n. Las propuestas podr\u00e1n tener un car\u00e1cter colectivo (composici\u00f3n de mesas: tema y participantes inicialmente previstos) o individual, en cuyo caso el ponente ha de indicar la secci\u00f3n en la que desea ser inscrito, siendo la organizaci\u00f3n quien la asigne a una mesa. Las propuestas ir\u00e1n acompa\u00f1adas de una breve descripci\u00f3n de su contenido de unas 100 palabras.<\/p>\n<p style=\"text-align: justify;\">&nbsp;<\/p>\n<p style=\"text-align: justify;\">2. Las propuestas deben ser dirigidas por correo electr\u00f3nico (por triplicado) a las siguientes direcciones:<\/p>\n<p style=\"text-align: justify;\">&nbsp;<\/p>\n<p><a href=\"mailto:joelcar1@hotmail.com\">joelcar1@hotmail.com<\/a><br \/>\n<a href=\"mailto:rromanr@unal.edu.co\">rromanr@unal.edu.co<\/a><br \/>\n<a href=\"mailto:jose.piqueras@uji.es\" target=\"_blank\">jose.piqueras@uji.es<\/a><\/p>\n<p style=\"text-align: justify;\">&nbsp;<\/p>\n<p style=\"text-align: justify;\">3. El <strong><span style=\"text-decoration: underline;\">31 de mayo de 2017<\/span><\/strong> la organizaci\u00f3n har\u00e1 p\u00fablica la relaci\u00f3n de propuestas aceptadas y el programa provisional del congreso.<\/p>\n<p style=\"text-align: justify;\">&nbsp;<\/p>\n<p style=\"text-align: justify;\">4. El plazo ordinario de inscripci\u00f3n en el Congreso y la Asociaci\u00f3n tendr\u00e1 lugar entre el <strong><span style=\"text-decoration: underline;\">1 y el 30 de junio de 2017<\/span>.<\/strong><\/p>\n<p style=\"text-align: justify;\">&nbsp;<\/p>\n<p style=\"text-align: justify;\">&nbsp;<\/p>\n<p style=\"text-align: justify;\">INCRIPCI\u00d3N. CUOTAS<\/p>\n<p style=\"text-align: justify;\">&nbsp;<\/p>\n<p style=\"text-align: justify;\">5. La inscripci\u00f3n que dar\u00e1 derecho a participar en las sesiones del Congreso y a la afiliaci\u00f3n a la AHEC por un a\u00f1o se establece en 45 USD. La inscripci\u00f3n de los estudiantes que acrediten esta condici\u00f3n se fija en 10 USD. Las cuotas estar\u00e1n vigentes hasta el 30 de junio de 2017.<\/p>\n<p style=\"text-align: justify;\">&nbsp;<\/p>\n<p style=\"text-align: justify;\">6. Las cuotas de inscripci\u00f3n tramitadas a partir del 1 de julio hasta el 30 de octubre de 2017 ser\u00e1n de 85 USD para los miembros ordinarios y de 25 USD para los estudiantes.<\/p>\n<p style=\"text-align: justify;\">&nbsp;<\/p>\n<p style=\"text-align: justify;\">7. Las cuotas de inscripci\u00f3n realizadas en las jornadas del Congreso ser\u00e1n de 105 USD para los miembros ordinarios.<\/p>\n<p style=\"text-align: justify;\">&nbsp;<\/p>\n<p style=\"text-align: justify;\">* En la determinaci\u00f3n de las cuotas de inscripci\u00f3n se ha considerado que para ingresar en San Andr\u00e9s debe adquirirse una tarjeta de turista cuyo importe actual es 99.000 pesos colombianos (34 USD). Las cuotas de inscripci\u00f3n que aqu\u00ed se indican han deducido en su totalidad el precio de la citada tarjeta sobre las cuotas oficiales del \u00faltimo congreso de AHEC, a fin de no encarecer la participaci\u00f3n.<\/p>\n<p style=\"text-align: justify;\">&nbsp;<\/p>\n<p style=\"text-align: justify;\">8. La inscripci\u00f3n para participar en el Congreso podr\u00e1 realizarse por PayPal o por transferencia bancaria en Colombia, Entidad Davivienda, cuenta de ahorros N\u00ba 266000137155, a nombre de Universidad Nacional de Colombia Congreso AHEC. Tambi\u00e9n podr\u00e1 efectuarse en la secretar\u00eda local del Congreso habilitada en la sede de su celebraci\u00f3n la fecha de apertura.<\/p>\n<p style=\"text-align: justify;\">&nbsp;<\/p>\n<p style=\"text-align: justify;\"><strong>20 de septiembre de 2016<\/strong><strong> <\/strong><\/p>\n<p style=\"text-align: justify;\"><strong><span style=\"text-decoration: underline;\"><br \/>\n<\/span><\/strong><\/p>\n<p style=\"text-align: justify;\"><strong><span style=\"text-decoration: underline;\"> <\/span><\/strong><\/p>\n<p style=\"text-align: justify;\"><strong><span style=\"text-decoration: underline;\">COMIT\u00c9 ORGANIZADOR<\/span><\/strong>:<\/p>\n<p style=\"text-align: justify;\">&nbsp;<\/p>\n<p style=\"text-align: justify;\">&nbsp;<\/p>\n<p style=\"text-align: justify;\">COMIT\u00c9 CIENT\u00cdFICO INTERNACIONAL:<\/p>\n<p style=\"text-align: justify;\">&nbsp;<\/p>\n<ul style=\"text-align: justify;\">\n<li>Comit\u00e9 Directivo de la Asociaci\u00f3n de Historia Econ\u00f3mica del Caribe (AHEC):<\/li>\n<\/ul>\n<p style=\"text-align: justify;\">&nbsp;<\/p>\n<p style=\"text-align: justify;\">Guy Pierre, Presidente de Honor<br \/>\nJos\u00e9 Antonio Piqueras, Presidente<br \/>\nJorge El\u00edas Caro, Secretario Ejecutivo<br \/>\nJohanna Von Grafenstein, Tesorera<br \/>\nRoberto Cass\u00e1, Vocal<br \/>\nChristian Cwik, Vocal<br \/>\nHumberto Garc\u00eda Mu\u00f1iz, Vocal<br \/>\nSalom\u00f3n Kalmanovitz, Vocal<br \/>\nPablo Mart\u00edn Ace\u00f1a, Vocal<br \/>\nRa\u00fal Rom\u00e1n Romero, Vocal<br \/>\nMarie-Christine Touchelay, Vocal<br \/>\nMichael Toussaint, Vocal<br \/>\nReinaldo Funes Monzote, Vocal suplente<\/p>\n<p style=\"text-align: justify;\">&nbsp;<\/p>\n<ul style=\"text-align: justify;\">\n<li>Consejo de Honor de la Ahec:<\/li>\n<\/ul>\n<p style=\"text-align: justify;\">&nbsp;<\/p>\n<p style=\"text-align: justify;\">Victor Bulmer-Thomas<br \/>\nHerbert S. Klein<br \/>\nFranklin Knight<br \/>\nCarlos Marichal<br \/>\nFrank Moya Pons<br \/>\nOscar Zanetti<\/p>\n<p style=\"text-align: justify;\">&nbsp;<\/p>\n<p style=\"text-align: justify;\">COMIT\u00c9 ORGANIZADOR LOCAL:<\/p>\n<p style=\"text-align: justify;\">&nbsp;<\/p>\n<p style=\"text-align: justify;\">Ra\u00fal Rom\u00e1n Romero (coordinador)<br \/>\nJorge El\u00edas Caro<br \/>\nSalom\u00f3n Kalmanovitz<br \/>\nWildler Guerra Curvelo<br \/>\nJoaqu\u00edn Viloria de la Hoz<br \/>\nJohannie James Cruz<br \/>\nAdriana Santos Mart\u00ednez<br \/>\nYusmidia Solano Suarez<\/p>\n<p style=\"text-align: justify;\">&nbsp;<\/p>\n<p style=\"text-align: justify;\">&nbsp;<\/p>\n<p style=\"text-align: justify;\">CONVOCAN:<\/p>\n<p style=\"text-align: justify;\">&nbsp;<\/p>\n<p style=\"text-align: justify;\"><strong>Asociaci\u00f3n de Historia Econ\u00f3mica del Caribe (AHEC)<\/strong><strong> <\/strong><\/p>\n<p style=\"text-align: justify;\"><strong>Universidad Nacional de Colombia sede Caribe, San Andr\u00e9s<\/strong><strong> <\/strong><strong> <\/strong><\/p>\n<p style=\"text-align: justify;\"><strong> <\/strong><\/p>\n<p style=\"text-align: justify;\">AUSPICIA:<\/p>\n<p style=\"text-align: justify;\"><strong>Banco de la Rep\u00fablica (Colombia)<\/strong><\/p>\n<p style=\"text-align: justify;\">&nbsp;<\/p>\n<p style=\"text-align: justify;\"><a href=\"https:\/\/adhilac.com.ar\/wp-content\/uploads\/2017\/05\/IV-Congreso-Historia-Economica-del-Caribe.jpg\"><img loading=\"lazy\" decoding=\"async\" class=\"size-full wp-image-12756 alignnone\" title=\"IV Congreso Historia Economica del Caribe\" src=\"https:\/\/adhilac.com.ar\/wp-content\/uploads\/2017\/05\/IV-Congreso-Historia-Economica-del-Caribe.jpg\" alt=\"\" width=\"459\" height=\"697\" srcset=\"https:\/\/adhilac.com.ar\/wp-content\/uploads\/2017\/05\/IV-Congreso-Historia-Economica-del-Caribe.jpg 695w, https:\/\/adhilac.com.ar\/wp-content\/uploads\/2017\/05\/IV-Congreso-Historia-Economica-del-Caribe-197x300.jpg 197w, https:\/\/adhilac.com.ar\/wp-content\/uploads\/2017\/05\/IV-Congreso-Historia-Economica-del-Caribe-673x1024.jpg 673w\" sizes=\"auto, (max-width: 459px) 100vw, 459px\" \/><\/a><\/p>\n<p style=\"text-align: justify;\">&nbsp;<\/p>\n<p style=\"text-align: justify;\"><strong>Publicado por ADHILAC Internacional \u00a9 www.adhilac.com.ar<\/strong><\/p>\n<p style=\"text-align: justify;\">Si Ud. desea asociarse de acuerdo a los Estatutos de ADHILAC\u00a0<a title=\"(ver)\" href=\"https:\/\/adhilac.com.ar\/?page_id=263\">(ver)<\/a> complete el siguiente formulario\u00a0<a title=\"(ver)\" href=\"https:\/\/adhilac.com.ar\/?page_id=3194\">(ver)<\/a><\/p>\n<p style=\"text-align: justify;\">E-mail: info@adhilac.com.ar<strong> <\/strong><\/p>\n<p style=\"text-align: justify;\">Twitter: @AdhilacInfo<\/p>\n<p style=\"text-align: justify;\"><strong> <\/strong><\/p>\n<p style=\"text-align: justify;\"><strong> <\/strong><\/p>\n<p style=\"text-align: justify;\"><strong> <\/strong><\/p>\n<p style=\"text-align: justify;\">&nbsp;<\/p>\n","protected":false},"excerpt":{"rendered":"<p>2\u00aa CIRCULAR &#8211; IV Congreso Internacional de la AHEC &#8211; San Andr\u00e9s 2017 IV Congreso Internacional de la AHEC \/ 4 International Conference of the AHEC ahec.uji.es La Asociaci\u00f3n de Historia Econ\u00f3mica del Caribe (AHEC) y la Universidad Nacional de Colombia sede Caribe, bajo los auspicios del Banco de la Rep\u00fablica (Colombia), convoca su IV [&hellip;]<\/p>\n","protected":false},"author":2,"featured_media":0,"comment_status":"closed","ping_status":"closed","sticky":false,"template":"","format":"standard","meta":{"_crdt_document":"","footnotes":""},"categories":[5,40],"tags":[148,130],"class_list":["post-12755","post","type-post","status-publish","format-standard","hentry","category-congresos","category-informaciones","tag-caribe","tag-historia-economica"],"_links":{"self":[{"href":"https:\/\/adhilac.com.ar\/index.php?rest_route=\/wp\/v2\/posts\/12755","targetHints":{"allow":["GET"]}}],"collection":[{"href":"https:\/\/adhilac.com.ar\/index.php?rest_route=\/wp\/v2\/posts"}],"about":[{"href":"https:\/\/adhilac.com.ar\/index.php?rest_route=\/wp\/v2\/types\/post"}],"author":[{"embeddable":true,"href":"https:\/\/adhilac.com.ar\/index.php?rest_route=\/wp\/v2\/users\/2"}],"replies":[{"embeddable":true,"href":"https:\/\/adhilac.com.ar\/index.php?rest_route=%2Fwp%2Fv2%2Fcomments&post=12755"}],"version-history":[{"count":17,"href":"https:\/\/adhilac.com.ar\/index.php?rest_route=\/wp\/v2\/posts\/12755\/revisions"}],"predecessor-version":[{"id":13448,"href":"https:\/\/adhilac.com.ar\/index.php?rest_route=\/wp\/v2\/posts\/12755\/revisions\/13448"}],"wp:attachment":[{"href":"https:\/\/adhilac.com.ar\/index.php?rest_route=%2Fwp%2Fv2%2Fmedia&parent=12755"}],"wp:term":[{"taxonomy":"category","embeddable":true,"href":"https:\/\/adhilac.com.ar\/index.php?rest_route=%2Fwp%2Fv2%2Fcategories&post=12755"},{"taxonomy":"post_tag","embeddable":true,"href":"https:\/\/adhilac.com.ar\/index.php?rest_route=%2Fwp%2Fv2%2Ftags&post=12755"}],"curies":[{"name":"wp","href":"https:\/\/api.w.org\/{rel}","templated":true}]}}